{"id":401898,"date":"2025-09-19T07:56:11","date_gmt":"2025-09-19T07:56:11","guid":{"rendered":"https:\/\/www.europesays.com\/fr\/401898\/"},"modified":"2025-09-19T07:56:11","modified_gmt":"2025-09-19T07:56:11","slug":"cest-dur-je-me-suis-dit-que-cetait-fini","status":"publish","type":"post","link":"https:\/\/www.europesays.com\/fr\/401898\/","title":{"rendered":"C&rsquo;est dur&#8230; Je me suis dit que c&rsquo;\u00e9tait fini&#8230;"},"content":{"rendered":"<p>            Par<br \/>\n        <strong><br \/>\n            <a href=\"https:\/\/actu.fr\/auteur\/jessie-leclerc\" title=\"Consulter tous les articles de Jessie Leclerc\" target=\"_blank\" rel=\"noopener\">Jessie Leclerc<\/a><br \/>\n        <\/strong><\/p>\n<p>        Publi\u00e9 le<\/p>\n<p>            19 sept. 2025 \u00e0 8h46        <\/p>\n<p>La s\u00e9rie noire continue <strong>\u00e0 Rouen (Seine-Maritime)<\/strong>. Apr\u00e8s l\u2019incendie de la discoth\u00e8que <a href=\"https:\/\/actu.fr\/normandie\/belbeuf_76069\/la-mythique-discotheque-le-moulin-rose-pres-de-rouen-en-proie-aux-flammes_63166265.html\" target=\"_blank\" rel=\"noopener\">le Moulin Rose<\/a> \u00e0 Belbeuf, celui qui a touch\u00e9 <a href=\"https:\/\/actu.fr\/normandie\/canteleu_76157\/c-est-un-vieux-debris-le-bus-qui-a-brule-a-canteleu-devait-il-encore-circuler_63155876.html\" target=\"_blank\" rel=\"noopener\">un vieux bus \u00e0 Canteleu<\/a>, le <a href=\"https:\/\/actu.fr\/normandie\/bois-guillaume_76108\/incendie-dans-un-centre-de-reeducation-pres-de-rouen-deux-personnes-intoxiquees-par-les-fumees_63172135.html\" target=\"_blank\" rel=\"noopener\">centre de r\u00e9\u00e9ducation de Bois-Guillaume<\/a> ou encore <a href=\"https:\/\/actu.fr\/normandie\/grand-couronne_76319\/ce-n-est-pas-pret-de-rouvrir-la-mairie-de-grand-couronne-ravagee-par-un-incendie_63167521.html\" target=\"_blank\" rel=\"noopener\">la mairie de Grand-Couronne<\/a>, c\u2019est au tour d\u2019une bijouterie d\u2019\u00eatre frapp\u00e9e par les flammes. Dans la nuit du lundi 15 au mardi 16 septembre 2025, <strong>L\u2019Impr\u00e9visible, bijouterie ind\u00e9pendante<\/strong>, a \u00e9t\u00e9 partiellement d\u00e9truite par un d\u00e9part de feu. Deux jours apr\u00e8s, l\u2019\u00e9motion ronge encore Marie Baca, la g\u00e9rante. Nous l\u2019avons rencontr\u00e9e.<\/p>\n<p>\u00ab\u2009Elle a explos\u00e9 d\u2019un coup\u2009\u00bb\u2009: la faute \u00e0 une batterie de\u2026 perceuse\u2009!<\/p>\n<p class=\" wall-content\">Le feu, d\u00e9clar\u00e9 peu avant 23h00, est parti d\u2019un objet banal. C\u2019est <strong>la batterie d\u2019une perceuse<\/strong> laiss\u00e9e en charge sur le comptoir qui a suffi \u00e0 d\u00e9truire la boutique. \u00ab\u2009Elle a explos\u00e9 d\u2019un coup et le feu s\u2019est propag\u00e9 imm\u00e9diatement\u2009\u00bb, confie, encore sous le choc, Marie Baca, la g\u00e9rante.<\/p>\n<p class=\" wall-content\">Les <strong>cam\u00e9ras de surveillance<\/strong> confirment la sc\u00e8ne. Le petit bo\u00eetier, qui ne paie pourtant pas de mine, explose soudainement et embrase les murs, le plafond et les meubles autour.<\/p>\n<p class=\" wall-content\">L\u2019alarme incendie, reli\u00e9e \u00e0 <a href=\"https:\/\/actu.fr\/normandie\/rouen_76540\/ces-rues-de-rouen-ou-des-cameras-de-surveillance-ont-ete-et-seront-installees_62238804.html\" target=\"_blank\" rel=\"noopener\">un syst\u00e8me de vid\u00e9osurveillance<\/a> a imm\u00e9diatement alert\u00e9 les pompiers. Malgr\u00e9 leur intervention rapide, <strong>le faux plafond a fondu<\/strong> comme neige au soleil. <strong>L\u2019immeuble situ\u00e9 au-dessus a d\u00fb \u00eatre \u00e9vacu\u00e9.<\/strong> \u00ab\u2009C\u2019est dingue\u2026 Mais \u00e7a aurait pu \u00eatre encore plus grave si les pompiers n\u2019\u00e9taient pas arriv\u00e9s si vite\u2009\u00bb, souffle Marie.<\/p>\n<p>Des d\u00e9g\u00e2ts consid\u00e9rables<\/p>\n<p class=\" wall-content\">De l\u2019ext\u00e9rieur, rien ne laisse deviner le d\u00e9sastre. Mais derri\u00e8re la vitrine la r\u00e9alit\u00e9 est brutale. <strong>La suie<\/strong> a tout recouvert, du sol au plafond, <strong>des meubles sont calcin\u00e9s<\/strong> et l\u2019odeur \u00e2cre est encore tr\u00e8s forte.<\/p>\n<p class=\" wall-content\">\u00ab\u2009C\u2019est dur\u2026 C\u2019est ma boutique, s\u2019attriste la jeune commer\u00e7ante. Je l\u2019ai ouverte \u00e0 20\/21\u00a0ans, j\u2019ai tout fait moi-m\u00eame, jusqu\u2019au moindre trou dans le mur.\u2009\u00bb<\/p>\n<p class=\" wall-content\">Si une bonne partie du stock a pu \u00eatre \u00e9pargn\u00e9e, le bilan reste consid\u00e9rable. Le mobilier est inutilisable et <strong>d\u2019importants travaux doivent \u00eatre men\u00e9s<\/strong>. \u00ab\u2009Je n\u2019ai pas encore d\u2019estimation, mais ce sont <strong>des milliers d\u2019euros de perdus<\/strong>\u2009\u00bb, d\u00e9plore Marie. \u00ab\u2009Il faut jeter tous les meubles et la d\u00e9coration, tout est contamin\u00e9. L\u00e0 on repart de z\u00e9ro.\u2009\u00bb<\/p>\n<p>Votre r\u00e9gion, votre actu !<\/p>\n<p>Recevez chaque jour les infos qui comptent pour vous.<\/p>\n<p>\t<a href=\"https:\/\/actu.fr\/newsletter\" class=\"ac-btn ac-btn--corner ac-btn--medium ac-btn--blue800\" target=\"_blank\" rel=\"noopener\">S&rsquo;incrire<\/a><br \/>\nUn coup dur avant les f\u00eates<\/p>\n<p class=\" wall-content\">Au-del\u00e0 des pertes mat\u00e9rielles, c\u2019est aussi le calendrier qui inqui\u00e8te. <a href=\"https:\/\/actu.fr\/normandie\/rouen_76540\/un-jour-un-cadeau-a-rouen-les-bijoux-faits-main-d-ingrid-sont-des-pieces-uniques_62014641.html\" target=\"_blank\" rel=\"noopener\">\u00c0 l\u2019approche de No\u00ebl<\/a>, <strong>p\u00e9riode cruciale<\/strong> pour les bijoutiers, l\u2019incendie tombe particuli\u00e8rement mal.<\/p>\n<p class=\" wall-content\">\u00ab\u2009C\u2019est une grande part de notre chiffre d\u2019affaires, forc\u00e9ment. \u00c7a va \u00eatre compliqu\u00e9\u2009\u00bb, s\u2019inqui\u00e8te la vendeuse. <strong>Elle attend l\u2019expertise de son assureur<\/strong>. \u00ab\u2009C\u2019est ce qui d\u00e9terminera la suite\u2009\u00bb. La r\u00e9ouverture pourrait prendre plusieurs mois. \u00ab\u2009On va <a href=\"https:\/\/actu.fr\/normandie\/rouen_76540\/cette-boutique-du-centre-ville-historique-de-rouen-a-du-fermer-brusquement-ses-portes-voici-pourquoi_62397784.html\" target=\"_blank\" rel=\"noopener\">rester ferm\u00e9<\/a> un bout de temps, \u00e7a c\u2019est certain\u2009\u00bb.<\/p>\n<p>La solidarit\u00e9 se met en place<\/p>\n<p class=\" wall-content\">Dans ce chaos, les clients de la marque cr\u00e9\u00e9e \u00e0 Rouen en 2021 se mobilisent. Marie dit pouvoir compter sur leur soutien\u2009: \u00ab\u2009J\u2019ai re\u00e7u des milliers de messages de soutien, \u00e7a donne envie de se battre.\u2009\u00bb<\/p>\n<blockquote class=\"ac-article-quote wall-content\">\n<p>Le soir de l&rsquo;incendie, je me suis dit que c&rsquo;\u00e9tait mort, que tout \u00e9tait fini. Mais les gens ont commenc\u00e9 \u00e0 passer commande juste pour me soutenir.<\/p>\n<p>    <strong>Marie Baca<\/strong><br \/>\n        G\u00e9rante de l&rsquo;Impr\u00e9visible, bijouterie \u00e0 Rouen.    <\/p><\/blockquote>\n<p class=\" wall-content\">La Rouennaise ne veut pas baisser les bras, <strong>elle garde espoir<\/strong>\u2009: \u00ab\u2009Le but c\u2019est de rouvrir. Ma marque est en plein essor. Je suis jeune, pleine de vie. Je vais la rouvrir. Apr\u00e8s dans quelles conditions, quand et comment, c\u2019est une autre histoire\u2026\u2009\u00bb<\/p>\n<p class=\" wall-content\">La boutique compte sur son <strong>point de vente au Printemps<\/strong> ainsi que sur son site internet pour continuer de vivre et de payer ses salari\u00e9s.<\/p>\n<p>Retrouvez l\u2019Impr\u00e9visible sur ses comptes <a href=\"https:\/\/www.instagram.com\/limprevisible.store\/?hl=fr\" target=\"_blank\" rel=\"noopener\">Instagram<\/a> et <a href=\"https:\/\/www.tiktok.com\/@marie_tallulah\" target=\"_blank\" rel=\"noopener\">TikTok<\/a>, ainsi que sur <a href=\"https:\/\/limprevisible.com\/\" target=\"_blank\" rel=\"noopener\">limprevisible.com<\/a>Suivez l\u2019actualit\u00e9 de Rouen <a href=\"https:\/\/www.whatsapp.com\/channel\/0029VaKfnf99hXF2ddApFB1D\" target=\"_blank\" rel=\"noopener\">sur notre cha\u00eene WhatsApp<\/a> et <a href=\"https:\/\/www.tiktok.com\/@76actu.fr?lang=fr\" target=\"_blank\" rel=\"noopener\">sur notre compte TikTok<\/a><\/p>\n<p class=\" wall-content\">Personnalisez votre actualit\u00e9 en ajoutant vos villes et m\u00e9dias en favori avec <a href=\"https:\/\/moncompte.actu.fr\" title=\"D\u00e9couvez Mon Actu\" rel=\"nofollow noopener\" data-trk=\"{&quot;cta&quot;:{&quot;action&quot;:&quot;https:\\\/\\\/moncompte.actu.fr&quot;,&quot;category&quot;:&quot;mon compte&quot;,&quot;from&quot;:&quot;article footer&quot;,&quot;name&quot;:&quot;Mon actu&quot;,&quot;type&quot;:&quot;cta&quot;}}\" target=\"_blank\">Mon Actu<\/a>.<\/p>\n<p>                    <script async src=\"\/\/www.instagram.com\/embed.js\"><\/script><script async src=\"\/\/www.tiktok.com\/embed.js\"><\/script><\/p>\n","protected":false},"excerpt":{"rendered":"Par Jessie Leclerc Publi\u00e9 le 19 sept. 2025 \u00e0 8h46 La s\u00e9rie noire continue \u00e0 Rouen (Seine-Maritime). Apr\u00e8s&hellip;\n","protected":false},"author":2,"featured_media":401899,"comment_status":"","ping_status":"","sticky":false,"template":"","format":"standard","meta":{"footnotes":""},"categories":[9587],"tags":[1111,11,215,1777,674,118,1011,27,1310,12,5161,25,9590,240],"class_list":{"0":"post-401898","1":"post","2":"type-post","3":"status-publish","4":"format-standard","5":"has-post-thumbnail","7":"category-rouen","8":"tag-actu","9":"tag-actualites","10":"tag-commerce","11":"tag-eu","12":"tag-europe","13":"tag-faits-divers","14":"tag-fr","15":"tag-france","16":"tag-incendie","17":"tag-news","18":"tag-normandie","19":"tag-republique-francaise","20":"tag-rouen","21":"tag-temoignage"},"share_on_mastodon":{"url":"https:\/\/pubeurope.com\/@fr\/115229896384997488","error":""},"_links":{"self":[{"href":"https:\/\/www.europesays.com\/fr\/wp-json\/wp\/v2\/posts\/401898","targetHints":{"allow":["GET"]}}],"collection":[{"href":"https:\/\/www.europesays.com\/fr\/wp-json\/wp\/v2\/posts"}],"about":[{"href":"https:\/\/www.europesays.com\/fr\/wp-json\/wp\/v2\/types\/post"}],"author":[{"embeddable":true,"href":"https:\/\/www.europesays.com\/fr\/wp-json\/wp\/v2\/users\/2"}],"replies":[{"embeddable":true,"href":"https:\/\/www.europesays.com\/fr\/wp-json\/wp\/v2\/comments?post=401898"}],"version-history":[{"count":0,"href":"https:\/\/www.europesays.com\/fr\/wp-json\/wp\/v2\/posts\/401898\/revisions"}],"wp:featuredmedia":[{"embeddable":true,"href":"https:\/\/www.europesays.com\/fr\/wp-json\/wp\/v2\/media\/401899"}],"wp:attachment":[{"href":"https:\/\/www.europesays.com\/fr\/wp-json\/wp\/v2\/media?parent=401898"}],"wp:term":[{"taxonomy":"category","embeddable":true,"href":"https:\/\/www.europesays.com\/fr\/wp-json\/wp\/v2\/categories?post=401898"},{"taxonomy":"post_tag","embeddable":true,"href":"https:\/\/www.europesays.com\/fr\/wp-json\/wp\/v2\/tags?post=401898"}],"curies":[{"name":"wp","href":"https:\/\/api.w.org\/{rel}","templated":true}]}}