{"id":401904,"date":"2025-09-19T08:00:27","date_gmt":"2025-09-19T08:00:27","guid":{"rendered":"https:\/\/www.europesays.com\/fr\/401904\/"},"modified":"2025-09-19T08:00:27","modified_gmt":"2025-09-19T08:00:27","slug":"un-batiment-ravage-par-les-flammes","status":"publish","type":"post","link":"https:\/\/www.europesays.com\/fr\/401904\/","title":{"rendered":"un b\u00e2timent ravag\u00e9 par les flammes"},"content":{"rendered":"<p>            Par<br \/>\n        <strong><br \/>\n            <a href=\"https:\/\/actu.fr\/auteur\/laurene-fertin\" title=\"Consulter tous les articles de Laur\u00e8ne Fertin\" rel=\"nofollow noopener\" target=\"_blank\">Laur\u00e8ne Fertin<\/a><br \/>\n        <\/strong><\/p>\n<p>        Publi\u00e9 le<\/p>\n<p>            19 sept. 2025 \u00e0 7h53        <\/p>\n<p><strong>Un b\u00e2timent agricole<\/strong> s\u2019est enti\u00e8rement embras\u00e9, dans la nuit de jeudi\u00a018 \u00e0 vendredi 19\u00a0septembre 2025, indique le Codis (Centre Op\u00e9rationnel D\u00e9partemental d\u2019Incendie et de secours) d\u2019Ille-et-Vilaine.<\/p>\n<p class=\" wall-content\">Les faits se sont d\u00e9roul\u00e9s dans <strong>la commune de Saint-Aubin-d\u2019Aubign\u00e9<\/strong>, pr\u00e8s de Rennes.<\/p>\n<p>Pas de victime<\/p>\n<p class=\" wall-content\">Sur 300 m\u00b2, <strong>30\u00a0tonnes de fourrages<\/strong> ont \u00e9t\u00e9 br\u00fbl\u00e9es. <strong>Un tracteur<\/strong> a \u00e9galement \u00e9t\u00e9 impact\u00e9.<\/p>\n<p class=\" wall-content\">Les sapeurs-pompiers, au plus fort de l\u2019intervention d\u00e9clench\u00e9e \u00e0 2h24, \u00e9taient au nombre de 40. <strong>Aucune victime<\/strong> n\u2019a \u00e9t\u00e9 recens\u00e9e.<\/p>\n<p class=\" wall-content\">Personnalisez votre actualit\u00e9 en ajoutant vos villes et m\u00e9dias en favori avec <a href=\"https:\/\/moncompte.actu.fr\" title=\"D\u00e9couvez Mon Actu\" rel=\"nofollow noopener\" data-trk=\"{&quot;cta&quot;:{&quot;action&quot;:&quot;https:\\\/\\\/moncompte.actu.fr&quot;,&quot;category&quot;:&quot;mon compte&quot;,&quot;from&quot;:&quot;article footer&quot;,&quot;name&quot;:&quot;Mon actu&quot;,&quot;type&quot;:&quot;cta&quot;}}\" target=\"_blank\">Mon Actu<\/a>.<\/p>\n","protected":false},"excerpt":{"rendered":"Par Laur\u00e8ne Fertin Publi\u00e9 le 19 sept. 2025 \u00e0 7h53 Un b\u00e2timent agricole s\u2019est enti\u00e8rement embras\u00e9, dans la&hellip;\n","protected":false},"author":2,"featured_media":401905,"comment_status":"","ping_status":"","sticky":false,"template":"","format":"standard","meta":{"footnotes":""},"categories":[2821],"tags":[1111,11,327,829,1777,674,118,1011,27,1310,12,1311,584,25],"class_list":{"0":"post-401904","1":"post","2":"type-post","3":"status-publish","4":"format-standard","5":"has-post-thumbnail","7":"category-rennes","8":"tag-actu","9":"tag-actualites","10":"tag-agriculture","11":"tag-bretagne","12":"tag-eu","13":"tag-europe","14":"tag-faits-divers","15":"tag-fr","16":"tag-france","17":"tag-incendie","18":"tag-news","19":"tag-pompiers","20":"tag-rennes","21":"tag-republique-francaise"},"share_on_mastodon":{"url":"https:\/\/pubeurope.com\/@fr\/115229912412585473","error":""},"_links":{"self":[{"href":"https:\/\/www.europesays.com\/fr\/wp-json\/wp\/v2\/posts\/401904","targetHints":{"allow":["GET"]}}],"collection":[{"href":"https:\/\/www.europesays.com\/fr\/wp-json\/wp\/v2\/posts"}],"about":[{"href":"https:\/\/www.europesays.com\/fr\/wp-json\/wp\/v2\/types\/post"}],"author":[{"embeddable":true,"href":"https:\/\/www.europesays.com\/fr\/wp-json\/wp\/v2\/users\/2"}],"replies":[{"embeddable":true,"href":"https:\/\/www.europesays.com\/fr\/wp-json\/wp\/v2\/comments?post=401904"}],"version-history":[{"count":0,"href":"https:\/\/www.europesays.com\/fr\/wp-json\/wp\/v2\/posts\/401904\/revisions"}],"wp:featuredmedia":[{"embeddable":true,"href":"https:\/\/www.europesays.com\/fr\/wp-json\/wp\/v2\/media\/401905"}],"wp:attachment":[{"href":"https:\/\/www.europesays.com\/fr\/wp-json\/wp\/v2\/media?parent=401904"}],"wp:term":[{"taxonomy":"category","embeddable":true,"href":"https:\/\/www.europesays.com\/fr\/wp-json\/wp\/v2\/categories?post=401904"},{"taxonomy":"post_tag","embeddable":true,"href":"https:\/\/www.europesays.com\/fr\/wp-json\/wp\/v2\/tags?post=401904"}],"curies":[{"name":"wp","href":"https:\/\/api.w.org\/{rel}","templated":true}]}}