{"id":401906,"date":"2025-09-19T08:01:21","date_gmt":"2025-09-19T08:01:21","guid":{"rendered":"https:\/\/www.europesays.com\/fr\/401906\/"},"modified":"2025-09-19T08:01:21","modified_gmt":"2025-09-19T08:01:21","slug":"expulsees-par-letat-des-familles-vivent-sous-tente-au-pied-dune-entree-dautoroute","status":"publish","type":"post","link":"https:\/\/www.europesays.com\/fr\/401906\/","title":{"rendered":"Expuls\u00e9es par l&rsquo;\u00c9tat, des familles vivent sous tente au pied d&rsquo;une entr\u00e9e d&rsquo;autoroute"},"content":{"rendered":"<p class=\"wp-block-post-excerpt__excerpt\">Plus de trente personnes sans-abri ont install\u00e9 des tentes dans un espace vert \u00e0 c\u00f4t\u00e9 d\u2019une entr\u00e9e d\u2019autoroute entre Schiltigheim et la place de Haguenau. Certaines expliquent avoir \u00e9t\u00e9 mises \u00e0 la rue par l\u2019\u00c9tat ces derniers mois. <\/p>\n<p class=\"font-sans\">\n\t\t\tCet article est en acc\u00e8s libre. Pour soutenir Rue89 Strasbourg,<br \/>\n\t\t\t<a class=\"underline\" href=\"https:\/\/www.rue89strasbourg.com\/abonnement\" rel=\"nofollow noopener\" target=\"_blank\">abonnez-vous<\/a>.\n\t\t<\/p>\n<p>Thibault Vetter<\/p>\n<p>Publi\u00e9 le 19 septembre 2025\u00a0\u00a0\u00b7\u00a0\u00a0<\/p>\n<p>Imprim\u00e9 le 19 septembre 2025 \u00e0 09h09\u00a0\u00a0\u00b7\u00a0\u00a0<\/p>\n<p>Modifi\u00e9 le 19 septembre 2025\u00a0\u00a0\u00b7\u00a0\u00a0<\/p>\n<p>\t\t\t\t\t5\u00a0minutes\n<\/p>\n<p class=\"has-drop-cap\">Mari attend sur une chaise en plastique, la musique d\u2019attente du 115 en fond sonore depuis presque quinze minutes. Comme chaque jour, cette G\u00e9orgienne compose ce num\u00e9ro pour obtenir un h\u00e9bergement d\u2019urgence pour elle, son mari et sa fille de six ans. Si elle oublie d\u2019appeler une fois, elle peut-\u00eatre r\u00e9trograd\u00e9e dans la liste des prioritaires. En pleine conversation, la voie d\u2019une standardiste la coupe enfin\u00a0: \u00ab\u00a0Bonjour, vous m\u2019entendez\u00a0?\u00a0\u00bb. \u00ab\u00a0Oui\u00a0\u00bb, r\u00e9pond Mari, une pointe d\u2019espoir dans la voix. \u00ab\u00a0On n\u2019a toujours pas de place pour les familles. Rappelez demain. Au revoir\u00a0\u00bb, exp\u00e9die la femme \u00e0 l\u2019autre bout du fil, avant de raccrocher.<\/p>\n<p><img loading=\"lazy\" decoding=\"async\" width=\"792\" height=\"528\" src=\"https:\/\/www.europesays.com\/fr\/wp-content\/uploads\/2025\/09\/54790115267-7d006dec9c-k-792x528.jpg\" alt=\"\" class=\"wp-image-359699\"  \/> Mari attendra 25 minutes en tout, pour un \u00e9change de dix secondes avec la standardiste du 115.Photo\u00a0: Thibault Vetter \/ Rue89 Strasbourg<\/p>\n<blockquote class=\"wp-block-pullquote\" id=\"quote-228536\">\n<p>\u00ab\u00a0Avant d\u2019\u00eatre ici, on \u00e9tait h\u00e9berg\u00e9s \u00e0 l\u2019h\u00f4tel Forum \u00e0 Schiltigheim. En ao\u00fbt on nous a dit de partir.\u00a0\u00bb <\/p>\n<p>Mari, sans-abri install\u00e9e dans une tente \u00e0 l\u2019entr\u00e9e de Schiltigheim<\/p><\/blockquote>\n<p>Mari hausse les \u00e9paules. Elle dormira encore dans ce campement de sans-abris ce lundi 15 septembre. Des familles et des personnes isol\u00e9es ont install\u00e9 25 tentes entre Strasbourg et Schiltigheim, dans un petit parc entour\u00e9 par la rue de l\u2019\u00c9glise Rouge et l\u2019entr\u00e9e d\u2019autoroute de la place de Haguenau. \u00ab\u00a0C\u2019est tr\u00e8s dur, il fait de plus en plus froid la nuit. On est fatigu\u00e9s. Le sommeil est tr\u00e8s difficile. M\u00eame ma fille n\u2019arrive pas \u00e0 dormir\u00a0\u00bb, relate Mari. Elle s\u2019inqui\u00e8te pour son compagnon, qui a des probl\u00e8mes pulmonaires. C\u2019est pour cette raison que la famille g\u00e9orgienne est venue en France. \u00ab\u00a0J\u2019avais un titre de s\u00e9jour pour l\u2019accompagner mais il a expir\u00e9 en juin. La pr\u00e9fecture n\u2019a toujours pas r\u00e9pondu \u00e0 ma demande de renouvellement. Ils me disent d\u2019attendre\u00a0\u00bb, souffle la jeune maman\u00a0:<\/p>\n<blockquote class=\"wp-block-quote is-layout-flow wp-block-quote-is-layout-flow\">\n<p>\u00ab\u00a0Avant d\u2019\u00eatre ici, on \u00e9tait h\u00e9berg\u00e9s \u00e0 l\u2019h\u00f4tel Forum \u00e0 Schiltigheim. En ao\u00fbt on nous a dit de partir. Depuis on est \u00e0 la rue.\u00a0\u00bb<\/p>\n<\/blockquote>\n<p><img loading=\"lazy\" decoding=\"async\" width=\"792\" height=\"528\" src=\"https:\/\/www.europesays.com\/fr\/wp-content\/uploads\/2025\/09\/54790115227-ec7888def8-k-792x528.jpg\" alt=\"\" class=\"wp-image-359698\"  \/> Mari dort dans une tente avec son compagnon et sa fille, \u00e0 c\u00f4t\u00e9 d\u2019autres familles g\u00e9orgiennes.Photo\u00a0: Thibault Vetter \/ Rue89 Strasbourg<\/p>\n<p><img loading=\"lazy\" decoding=\"async\" width=\"792\" height=\"528\" data-id=\"359692\" src=\"https:\/\/www.europesays.com\/fr\/wp-content\/uploads\/2025\/09\/54791217193-67c1ee141f-k-792x528.jpg\" alt=\"\" class=\"wp-image-359692\"  \/> Des familles et des personnes isol\u00e9es dorment dans ces tentes, avec ou sans-papiers fran\u00e7ais.Photo\u00a0: Thibault Vetter \/ Rue89 Strasbourg<\/p>\n<p><img loading=\"lazy\" decoding=\"async\" width=\"792\" height=\"528\" data-id=\"359695\" src=\"https:\/\/www.europesays.com\/fr\/wp-content\/uploads\/2025\/09\/54790955586-940322185e-k-792x528.jpg\" alt=\"\" class=\"wp-image-359695\"  \/> Au 15 septembre, 25 tentes sont mont\u00e9es dans ce parc.Photo\u00a0: Thibault Vetter \/ Rue89 Strasbourg<\/p>\n<p>De camp en camp<\/p>\n<p>Depuis l\u2019\u00e9t\u00e9 2024, l\u2019\u00c9tat met <a href=\"https:\/\/www.rue89strasbourg.com\/sejour-etrangers-etat-2025-341641\" target=\"_blank\" rel=\"noreferrer noopener nofollow\">r\u00e9guli\u00e8rement \u00e0 la rue des \u00ab\u00a0m\u00e9nages \u00e0 droits incomplets\u00a0\u00bb<\/a>, c\u2019est-\u00e0-dire des familles dont certains membres n\u2019ont pas encore r\u00e9ussi \u00e0 obtenir ou renouveler un titre de s\u00e9jour par exemple. C\u2019est le cas de Mari.<\/p>\n<p>\u00c0 l\u2019autre bout du campement, Pellumb et Aferdita font bouillir de l\u2019eau dans une casserole gr\u00e2ce \u00e0 un feu de bois. La nuit, ils se serrent dans une tente avec leur fille de 14 ans et leur fils de 16 ans. La famille \u00e9tait d\u00e9j\u00e0 <a href=\"https:\/\/www.rue89strasbourg.com\/plein-hiver-centaine-personnes-dorment-dans-un-parc-324497\" target=\"_blank\" rel=\"noreferrer noopener nofollow\">au camp du parc Eug\u00e8ne Imbs<\/a> en janvier, avant d\u2019\u00eatre temporairement log\u00e9e dans un h\u00f4tel pendant cinq mois. \u00ab\u00a0On est ici depuis deux mois, d\u00e9plore Pellumb. Mes enfants ne peuvent pas prendre de douche avant d\u2019aller en cours.\u00a0\u00bb<\/p>\n<p>Spontan\u00e9ment, Pellumb sort des papiers d\u2019un sac. Un r\u00e9flexe que beaucoup de personnes migrantes ont int\u00e9gr\u00e9 pour justifier de leur pr\u00e9sence. L\u2019homme de 49 ans, les cernes creus\u00e9es par les nuits dehors, montre des documents m\u00e9dicaux, dont une attestation d\u2019un m\u00e9decin demandant qu\u2019il soit log\u00e9 vu la d\u00e9gradation de son \u00e9tat de sant\u00e9. \u00ab\u00a0On ne peut pas retourner en Albanie. Si on fait \u00e7a, on se fait tuer par la mafia\u00a0\u00bb, assure t-il. C\u2019est aussi pour cette raison qu\u2019il ne souhaite pas que son visage apparaisse dans la presse. \u00ab\u00a0Je ne veux pas qu\u2019ils puissent me retrouver, savoir o\u00f9 je suis\u00a0\u00bb, expose t-il.<\/p>\n<p><img loading=\"lazy\" decoding=\"async\" width=\"792\" height=\"528\" src=\"https:\/\/www.europesays.com\/fr\/wp-content\/uploads\/2025\/09\/54791218713-2501493dec-k-792x528.jpg\" alt=\"\" class=\"wp-image-359694\"  \/> Le campement est situ\u00e9 juste \u00e0 c\u00f4t\u00e9 de jardins ouvriers.Photo\u00a0: Thibault Vetter \/ Rue89 Strasbourg<\/p>\n<p>\t\tPas encore de d\u00e9marche d\u2019expulsion pr\u00e9vue<\/p>\n<p>\u00ab\u00a0Regardez ces familles\u2026 Les enfants ont peur. C\u2019est vraiment la merde. Il n\u2019y a plus de place au 115. Je ne sais pas jusqu\u2019\u00e0 quand \u00e7a va durer\u00a0\u00bb, d\u00e9plore Boujema, de nationalit\u00e9 fran\u00e7aise. \u00ab\u00a0Je suis n\u00e9 \u00e0 Schiltigheim. J\u2019ai grandi \u00e0 Schiltigheim, relate t-il. J\u2019\u00e9tais en prison et ensuite j\u2019ai \u00e9t\u00e9 hospitalis\u00e9 \u00e0 Brumath. Quand je suis sorti, je n\u2019avais plus rien. Je me suis d\u00e9brouill\u00e9 seul. Je suis dans ce parc depuis quatre mois.\u00a0\u00bb De temps en temps il peut dormir dans une structure propos\u00e9e par le 115 pendant quelques jours. \u00ab\u00a0Mais je me suis d\u00e9j\u00e0 retrouv\u00e9 dans des h\u00f4tels pourris, avec des punaises de lits. Je pr\u00e9f\u00e8re la tente quand c\u2019est comme \u00e7a\u00a0\u00bb, regrette t-il.<\/p>\n<p><img loading=\"lazy\" decoding=\"async\" width=\"792\" height=\"528\" src=\"https:\/\/www.europesays.com\/fr\/wp-content\/uploads\/2025\/09\/54790956346-5863786989-k-792x528.jpg\" alt=\"\" class=\"wp-image-359697\"  \/> Boujema ramasse des d\u00e9chets sur le campement.Photo\u00a0: Thibault Vetter \/ Rue89 Strasbourg<\/p>\n<p>L\u2019homme bient\u00f4t quinquag\u00e9naire ram\u00e8ne pr\u00e8s de sa tente une poubelle qu\u2019il vient de vider. Il remet un sac vide dedans\u00a0: \u00ab\u00a0Je nettoie toujours ce que je peux\u00a0\u00bb, dit-il, avant de partir remplir un bidon sur un point d\u2019eau des jardins ouvriers qui bordent le parc. La Ville de Strasbourg a pos\u00e9 deux cabines de toilettes mobiles. Mais les personnes qui vivent l\u00e0 manquent de b\u00e2ches et de mat\u00e9riel. \u00ab\u00a0J\u2019aurais besoin d\u2019une lampe torche pour la nuit\u00a0\u00bb, affirme Boujema.<\/p>\n<p>Le campement grandit petit \u00e0 petit en cette fin d\u2019\u00e9t\u00e9. \u00ab\u00a0Mi-septembre, nous comptons 36 personnes dont cinq familles avec 11 majeurs et cinq enfants\u00a0\u00bb, indique Floriane Varieras, adjointe \u00e0 la maire en charge des Solidarit\u00e9s. \u00ab\u00a0Un ramassage adapt\u00e9 des d\u00e9chets a \u00e9t\u00e9 mis en place, et un protocole avec un diagnostic social est en cours. Nous allons faire des demandes d\u2019h\u00e9bergement des personnes.\u00a0\u00bb Si aucune solution n\u2019est propos\u00e9e aux personnes et qu\u2019elles sont contraintes de rester dans le parc, la Ville devra demander le d\u00e9mant\u00e8lement du camp <a href=\"https:\/\/www.rue89strasbourg.com\/quatrieme-ville-demande-evacuation-camp-etoile-270885\" target=\"_blank\" rel=\"noreferrer noopener nofollow\">comme le lui impose le tribunal administratif<\/a>. Des personnes devraient alors \u00eatre h\u00e9berg\u00e9es apr\u00e8s l\u2019expulsion, avant de peut-\u00eatre se retrouver \u00e0 la rue. Un interminable cycle qui pourrait s\u2019arr\u00eater si l\u2019\u00c9tat se d\u00e9cidait \u00e0 r\u00e9gulariser ces personnes, pour qu\u2019elles aient le droit de travailler et de se loger.<\/p>\n","protected":false},"excerpt":{"rendered":"Plus de trente personnes sans-abri ont install\u00e9 des tentes dans un espace vert \u00e0 c\u00f4t\u00e9 d\u2019une entr\u00e9e d\u2019autoroute&hellip;\n","protected":false},"author":2,"featured_media":401907,"comment_status":"","ping_status":"","sticky":false,"template":"","format":"standard","meta":{"footnotes":""},"categories":[2820],"tags":[1111,11,41372,1777,674,1011,27,775,12,25,3910,104,640],"class_list":{"0":"post-401906","1":"post","2":"type-post","3":"status-publish","4":"format-standard","5":"has-post-thumbnail","7":"category-strasbourg","8":"tag-actu","9":"tag-actualites","10":"tag-campements","11":"tag-eu","12":"tag-europe","13":"tag-fr","14":"tag-france","15":"tag-grand-est","16":"tag-news","17":"tag-republique-francaise","18":"tag-sdf","19":"tag-societe","20":"tag-strasbourg"},"share_on_mastodon":{"url":"https:\/\/pubeurope.com\/@fr\/115229916702135163","error":""},"_links":{"self":[{"href":"https:\/\/www.europesays.com\/fr\/wp-json\/wp\/v2\/posts\/401906","targetHints":{"allow":["GET"]}}],"collection":[{"href":"https:\/\/www.europesays.com\/fr\/wp-json\/wp\/v2\/posts"}],"about":[{"href":"https:\/\/www.europesays.com\/fr\/wp-json\/wp\/v2\/types\/post"}],"author":[{"embeddable":true,"href":"https:\/\/www.europesays.com\/fr\/wp-json\/wp\/v2\/users\/2"}],"replies":[{"embeddable":true,"href":"https:\/\/www.europesays.com\/fr\/wp-json\/wp\/v2\/comments?post=401906"}],"version-history":[{"count":0,"href":"https:\/\/www.europesays.com\/fr\/wp-json\/wp\/v2\/posts\/401906\/revisions"}],"wp:featuredmedia":[{"embeddable":true,"href":"https:\/\/www.europesays.com\/fr\/wp-json\/wp\/v2\/media\/401907"}],"wp:attachment":[{"href":"https:\/\/www.europesays.com\/fr\/wp-json\/wp\/v2\/media?parent=401906"}],"wp:term":[{"taxonomy":"category","embeddable":true,"href":"https:\/\/www.europesays.com\/fr\/wp-json\/wp\/v2\/categories?post=401906"},{"taxonomy":"post_tag","embeddable":true,"href":"https:\/\/www.europesays.com\/fr\/wp-json\/wp\/v2\/tags?post=401906"}],"curies":[{"name":"wp","href":"https:\/\/api.w.org\/{rel}","templated":true}]}}