{"id":401945,"date":"2025-09-19T08:29:10","date_gmt":"2025-09-19T08:29:10","guid":{"rendered":"https:\/\/www.europesays.com\/fr\/401945\/"},"modified":"2025-09-19T08:29:10","modified_gmt":"2025-09-19T08:29:10","slug":"laurent-nunez-annonce-103-interpellations-et-89-gardes-a-vue-a-paris","status":"publish","type":"post","link":"https:\/\/www.europesays.com\/fr\/401945\/","title":{"rendered":"Laurent Nu\u00f1ez annonce 103 interpellations et 89 gardes \u00e0 vue \u00e0 Paris"},"content":{"rendered":"<p>Au total, pr\u00e8s de 55.000 manifestants ont d\u00e9ambul\u00e9 dans les rues de la capitale. \u00abLe cort\u00e8ge des organisations syndicales s\u2019est d\u00e9roul\u00e9 tout \u00e0 fait normalement\u00bb, a affirm\u00e9 ce vendredi le pr\u00e9fet de police de Paris au micro de Franceinfo.<\/p>\n<p class=\"fig-paragraph\">Une mobilisation moins agit\u00e9e que ce qui avait \u00e9t\u00e9 anticip\u00e9. Invit\u00e9 sur\u00a0<a href=\"https:\/\/www.franceinfo.fr\/economie\/greve\/greve\/greve-du-18-septembre-malgre-89-gardes-a-vue-a-paris-laurent-nunez-reconnait-que-la-journee-s-est-plutot-bien-passee_7501129.html\" target=\"_blank\" rel=\"nofollow noopener\" data-gtm-custom-categorie=\"navigation\" data-gtm-custom-action=\"crossclick\" data-gtm-custom-label=\"Contextuel\" data-gtm-event=\"customEventSPE\">Franceinfo<\/a>\u00a0ce vendredi matin,\u00a0<a href=\"http:\/\/www.lefigaro.fr\/faits-divers\/tetes-de-cochons-decouvertes-devant-des-mosquees-a-paris-laurent-nunez-evoque-l-hypothese-d-une-ingerence-etrangere-20250909\" data-fig-type=\"NewsFlash\" data-gtm-custom-categorie=\"navigation\" data-gtm-custom-action=\"crossclick\" data-gtm-custom-label=\"Contextuel\" data-gtm-event=\"customEventSPE\" data-fig-domain=\"LEFIGARO\" target=\"_blank\" rel=\"noopener\">Laurent Nu\u00f1ez<\/a>, le pr\u00e9fet de police de\u00a0<a href=\"http:\/\/www.lefigaro.fr\/faits-divers\/meurtre-de-lola-a-paris-en-2022-la-mere-de-la-fillette-ne-demandera-pas-le-huis-clos-lors-du-proces-prevu-fin-octobre-20250917\" data-fig-type=\"NewsFlash\" data-gtm-custom-categorie=\"navigation\" data-gtm-custom-action=\"crossclick\" data-gtm-custom-label=\"Contextuel\" data-gtm-event=\"customEventSPE\" data-fig-domain=\"LEFIGARO\" target=\"_blank\" rel=\"noopener\">Paris<\/a>, est revenu sur\u00a0<a href=\"http:\/\/www.lefigaro.fr\/faits-divers\/greve-du-18-septembre-44-interpellations-recensees-sur-l-ensemble-du-territoire-7-en-region-parisienne-20250918\" data-fig-type=\"NewsFlash\" data-gtm-custom-categorie=\"navigation\" data-gtm-custom-action=\"crossclick\" data-gtm-custom-label=\"Contextuel\" data-gtm-event=\"customEventSPE\" data-fig-domain=\"LEFIGARO\" target=\"_blank\" rel=\"noopener\">la manifestation du 18 septembre<\/a>\u00a0qui a conduit \u00e0 103 interpellations, dont 89 gardes \u00e0 vue \u00e0 Paris. \u00abLa manifestation s\u2019est plut\u00f4t bien pass\u00e9e sur l\u2019ensemble du territoire\u00bb, f\u00e9licite Laurent Nu\u00f1ez. \u00abDes blocages il y en a eu, et nous avons syst\u00e9matiquement d\u00e9bloqu\u00e9\u00bb, a d\u00e9clar\u00e9 le pr\u00e9fet de police qui indique avoir d\u00e9ploy\u00e9 les forces de l\u2019ordre d\u00e8s le matin afin d\u2019emp\u00eacher ces blocages. Au total, pr\u00e8s de 55.000 manifestants ont d\u00e9ambul\u00e9 dans les rues de la capitale<\/p>\n<p class=\"fig-paragraph\">\u00c0 Paris, la manifestation intersyndicale s\u2019est \u00e9lanc\u00e9e \u00e0 14 heures de la place de la Bastille, en passant par la place de la R\u00e9publique jusqu\u2019\u00e0 celle de la Nation. Dans un mail adress\u00e9 aux commer\u00e7ants situ\u00e9s sur le parcours de cette manifestation, mais aussi \u00e0 ceux install\u00e9s dans des zones pouvant constituer des cibles pour des groupuscules violents, la pr\u00e9fecture de police avait formul\u00e9 une liste de recommandations allant de la fermeture, \u00e0 la vigilance.<\/p>\n<p>                                    <a class=\"fig-a11y-skip a11y-hidden\" href=\"#fig-a11y-skip-main-inarticle\"><br \/>\n        Passer la publicit\u00e9<br \/>\n    <\/a><\/p>\n<p>Pr\u00e9sence des \u00abblack blocs\u00bb<\/p>\n<p class=\"fig-paragraph\">Si la Direction nationale du renseignement territorial (DNRT) attendait entre 600.000 et 900.000 manifestants sur l\u2019ensemble du territoire, la r\u00e9alit\u00e9 a \u00e9t\u00e9 tout autre. Pr\u00e8s de 500.000 manifestants ont \u00e9t\u00e9 recens\u00e9s en France. Malgr\u00e9\u00a0<a href=\"http:\/\/www.lefigaro.fr\/politique\/mobilisation-du-18-septembre-le-prefet-de-police-redoute-la-presence-de-nombreux-casseurs-a-paris-20250917\" data-fig-type=\"NewsFlash\" data-gtm-custom-categorie=\"navigation\" data-gtm-custom-action=\"crossclick\" data-gtm-custom-label=\"Contextuel\" data-gtm-event=\"customEventSPE\" data-fig-domain=\"LEFIGARO\" target=\"_blank\" rel=\"noopener\">des \u00abinqui\u00e9tudes\u00bb de la part du pr\u00e9fet de police<\/a>, \u00able cort\u00e8ge des organisations syndicales s\u2019est d\u00e9roul\u00e9 tout \u00e0 fait normalement\u00bb, affirme Laurent Nu\u00f1ez au micro de nos confr\u00e8res.<\/p>\n<p class=\"fig-paragraph\">Comme \u00e0 son habitude, la manifestation a tout de m\u00eame eu droit \u00e0 la pr\u00e9sence des \u00ab<a href=\"http:\/\/www.lefigaro.fr\/actualite-france\/les-confessions-d-un-black-bloc-repenti-le-plus-grave-c-est-la-soumission-a-l-islamisme-20241206\" data-fig-type=\"Article\" data-gtm-custom-categorie=\"navigation\" data-gtm-custom-action=\"crossclick\" data-gtm-custom-label=\"Contextuel\" data-gtm-event=\"customEventSPE\" data-fig-domain=\"LEFIGARO\" target=\"_blank\" rel=\"noopener\">black blocs<\/a> \u00bb, des militants g\u00e9n\u00e9ralement d\u2019ultragauche, encagoul\u00e9s et enti\u00e8rement v\u00eatus de noir, qui causent certaines d\u00e9gradations. Pour les forces de l\u2019ordre, \u00abla difficult\u00e9, c\u2019est qu\u2019autour d\u2019eux, d\u2019autres individus s\u2019agr\u00e8gent et adoptent leurs codes vestimentaires, c\u2019est-\u00e0-dire qu\u2019ils se griment et s\u2019habillent en black bloc\u00bb, explique le pr\u00e9fet de police. Ils peuvent alors repr\u00e9senter \u00abune masse de 1 000 \u00e0 2 000 personnes\u00bb, ce qui est \u00abtr\u00e8s important, mais moins que ce qui \u00e9tait redout\u00e9\u00bb, rassure-t-il.<\/p>\n<p class=\"fig-paragraph\">Malgr\u00e9 plusieurs prises de paroles concernant son inqui\u00e9tude face \u00e0 ces\u00a0<a href=\"http:\/\/www.lefigaro.fr\/actualite-france\/mobilisations-du-18-septembre-les-forces-de-l-ordre-redoutent-de-graves-bouffees-de-violences-20250917\" data-fig-type=\"Article\" data-gtm-custom-categorie=\"navigation\" data-gtm-custom-action=\"crossclick\" data-gtm-custom-label=\"Contextuel\" data-gtm-event=\"customEventSPE\" data-fig-domain=\"LEFIGARO\" target=\"_blank\" rel=\"noopener\">\u00abcasseurs\u00bb<\/a>, le pr\u00e9fet de police de Paris pr\u00e9cise qu\u2019il ne s\u2019agissait pas \u00abde faire peur ou de mettre de l\u2019huile sur le feu\u00bb, mais de \u00abgarantir la libert\u00e9 de manifester. Et surtout \u00e9viter des d\u00e9gradations\u00bb. Dans la capitale 6000 policiers et gendarmes ont \u00e9t\u00e9 mobilis\u00e9s.<\/p>\n","protected":false},"excerpt":{"rendered":"Au total, pr\u00e8s de 55.000 manifestants ont d\u00e9ambul\u00e9 dans les rues de la capitale. \u00abLe cort\u00e8ge des organisations&hellip;\n","protected":false},"author":2,"featured_media":401946,"comment_status":"","ping_status":"","sticky":false,"template":"","format":"standard","meta":{"footnotes":""},"categories":[1888],"tags":[11,1777,674,1011,27,7774,6151,15516,2088,12,626,25],"class_list":{"0":"post-401945","1":"post","2":"type-post","3":"status-publish","4":"format-standard","5":"has-post-thumbnail","7":"category-paris","8":"tag-actualites","9":"tag-eu","10":"tag-europe","11":"tag-fr","12":"tag-france","13":"tag-garde-a-vue","14":"tag-greve","15":"tag-interpellations","16":"tag-manifestation","17":"tag-news","18":"tag-paris","19":"tag-republique-francaise"},"share_on_mastodon":{"url":"https:\/\/pubeurope.com\/@fr\/115230026242057676","error":""},"_links":{"self":[{"href":"https:\/\/www.europesays.com\/fr\/wp-json\/wp\/v2\/posts\/401945","targetHints":{"allow":["GET"]}}],"collection":[{"href":"https:\/\/www.europesays.com\/fr\/wp-json\/wp\/v2\/posts"}],"about":[{"href":"https:\/\/www.europesays.com\/fr\/wp-json\/wp\/v2\/types\/post"}],"author":[{"embeddable":true,"href":"https:\/\/www.europesays.com\/fr\/wp-json\/wp\/v2\/users\/2"}],"replies":[{"embeddable":true,"href":"https:\/\/www.europesays.com\/fr\/wp-json\/wp\/v2\/comments?post=401945"}],"version-history":[{"count":0,"href":"https:\/\/www.europesays.com\/fr\/wp-json\/wp\/v2\/posts\/401945\/revisions"}],"wp:featuredmedia":[{"embeddable":true,"href":"https:\/\/www.europesays.com\/fr\/wp-json\/wp\/v2\/media\/401946"}],"wp:attachment":[{"href":"https:\/\/www.europesays.com\/fr\/wp-json\/wp\/v2\/media?parent=401945"}],"wp:term":[{"taxonomy":"category","embeddable":true,"href":"https:\/\/www.europesays.com\/fr\/wp-json\/wp\/v2\/categories?post=401945"},{"taxonomy":"post_tag","embeddable":true,"href":"https:\/\/www.europesays.com\/fr\/wp-json\/wp\/v2\/tags?post=401945"}],"curies":[{"name":"wp","href":"https:\/\/api.w.org\/{rel}","templated":true}]}}