{"id":401954,"date":"2025-09-19T08:34:09","date_gmt":"2025-09-19T08:34:09","guid":{"rendered":"https:\/\/www.europesays.com\/fr\/401954\/"},"modified":"2025-09-19T08:34:09","modified_gmt":"2025-09-19T08:34:09","slug":"malgre-une-dette-derisoire-par-rapport-a-la-france-lallemagne-sinquiete-pour-ses-deficits-et-cite-la-grece-en-exemple-a-suivre","status":"publish","type":"post","link":"https:\/\/www.europesays.com\/fr\/401954\/","title":{"rendered":"malgr\u00e9 une dette \u00ab\u00a0d\u00e9risoire\u00a0\u00bb par rapport \u00e0 la France, l&rsquo;Allemagne s&rsquo;inqui\u00e8te pour ses d\u00e9ficits (et cite la Gr\u00e8ce en exemple \u00e0 suivre)"},"content":{"rendered":"<p>LE MONDE QUI BOUGE. La Cour des comptes allemande vient de tirer la sonnette d\u2019alarme: la d\u00e9pense publique est hors de contr\u00f4le et le gouvernement f\u00e9d\u00e9ral \u00ab\u00a0est loin d&rsquo;avoir un syst\u00e8me financier solide\u00a0\u00bb.<\/p>\n<p>Les d\u00e9put\u00e9s allemands ont adopt\u00e9 hier, avec plusieurs mois de retard, le budget f\u00e9d\u00e9ral pour 2025. Mais d\u00e9sormais c\u2019est le budget 2026 qui concentre toutes les inqui\u00e9tudes. La Cour des comptes allemande vient de tirer la sonnette d\u2019alarme : la d\u00e9pense publique serait en train de glisser hors de contr\u00f4le.<\/p>\n<p>\u00ab\u00a0Les finances de l\u2019Allemagne sont au bord du gouffre\u00a0\u00bb, titrait le journal <strong><a href=\"https:\/\/www.bild.de\/politik\/inland\/schock-studie-vom-bundesrechnungshof-deutschlands-finanzen-stehen-am-abgrund-68ca7e34416a177d432ad908\" target=\"_blank\" class=\"external_link\" rel=\"nofollow noopener\">Bild <\/a><\/strong>\u2014 une formule sans doute excessive, mais qui illustre bien le climat de nervosit\u00e9 outre-Rhin. Selon le rapport, pr\u00e8s d\u2019un euro sur trois du budget 2026 sera financ\u00e9 \u00e0 cr\u00e9dit : sur 520 milliards d\u2019euros de d\u00e9penses pr\u00e9vues, 174 milliards proviendraient de nouvelles dettes.<\/p>\n<p>La Cour n\u2019h\u00e9site pas \u00e0 qualifier<a href=\"https:\/\/www.bfmtv.com\/economie\/economie-social\/union-europeenne\/allemagne-les-plans-d-endettement-du-futur-chancelier-pourraient-faire-revenir-l-inflation_AD-202503170504.html\" title=\"Allemagne: les plans d&#039;endettement du futur chancelier pourraient faire revenir l&#039;inflation\" class=\"internal_link\" rel=\"nofollow noopener\" target=\"_blank\"> la situation de \u00ab\u00a0structurellement dangereuse\u00a0\u00bb<\/a>, estimant que \u00ab\u00a0le gouvernement f\u00e9d\u00e9ral vit au-dessus de ses moyens\u00a0\u00bb et qu&rsquo;il est \u00ab\u00a0loin d\u2019avoir un syst\u00e8me financier solide\u00a0\u00bb.<\/p>\n<p>Selon les auditeurs, les d\u00e9penses de l&rsquo;Allemagne ont d\u00e9j\u00e0 fortement augment\u00e9 ces derni\u00e8res ann\u00e9es de pr\u00e8s de 75% entre 2019 et 2026.<\/p>\n<p>Face \u00e0 ces critiques, le ministre des Finances, Lars Klingbeil, assume sa strat\u00e9gie. Pour lui, pour renouer avec la croissance apr\u00e8s des ann\u00e9es de recession, il faut d\u00e9penser massivement. Mais ce qui inqui\u00e8te les sp\u00e9cialistes allemands est davantage la philosophie derri\u00e8re ces d\u00e9penses, plus que leur volume. En effet, ces nouvelles dettes vont surtut servir \u00e0 financer des d\u00e9penses courantes.<\/p>\n<p>Une pratique qui rompt avec la tradition d\u2019\u00e9quilibre budg\u00e9taire typique de l&rsquo;Allemagne, qui est all\u00e9e jusqu&rsquo;\u00e0 inscrire le \u00ab\u00a0frein \u00e0 l\u2019endettement\u00a0\u00bb dans sa Constitution. Cette limite d\u00e9sormais lev\u00e9e, les allemands peuvent d\u00e9sormais s&rsquo;endetter davantage, surtout pour les d\u00e9penses li\u00e9es aux infrastructures, vieillissantes dans le pays, et \u00e0 l&rsquo;armement, avec l&rsquo;objectif de d\u00e9penser l&rsquo;\u00e9quivalent de 2,4% du PIB pour la d\u00e9fense.<\/p>\n<p>Faire comme la Gr\u00e8ce?<\/p>\n<p>Mais les perspectives inqui\u00e8tent davantage encore. La dette publique allemande, qui s\u2019\u00e9levait \u00e0 environ 1.300 milliards d\u2019euros en 2020, a d\u00e9j\u00e0 grimp\u00e9 \u00e0 pr\u00e8s de 1.900 milliards aujourd\u2019hui. Un chiffre qui semble tout de m\u00eame \u00ab\u00a0d\u00e9risoire\u00a0\u00bb par rapport aux 3.400 milliards fran\u00e7ais&#8230;<\/p>\n<p>Une comparaison surprenante commence \u00e0 s&rsquo;insinuer dans le d\u00e9bat budg\u00e9taire allemand. Treize ans apr\u00e8s la crise de la dette souveraine, pendant laquelle les allemands avaient \u00e9t\u00e9 tr\u00e8s critiques vis-\u00e0-vis des Grecs, consid\u00e9r\u00e9s comme des \u00ab\u00a0fain\u00e9ants\u00a0\u00bb, Ath\u00e8nes est cit\u00e9e en exemple par une partie de la classe politique et des commentateurs allemands.<\/p>\n<p>Il est vrai que la Gr\u00e8ce se porte plut\u00f4t bien: longtemps stigmatis\u00e9e pour sa gestion laxiste, Ath\u00e8nes affiche aujourd\u2019hui une croissance pr\u00e9vue de 2,3% en 2025, bien sup\u00e9rieure \u00e0 la moyenne de la zone euro, des exc\u00e9dents budg\u00e9taires primaires et une trajectoire de d\u00e9sendettement rapide. Sa dette, qui \u00e9tait encore \u00e0 pr\u00e8s de 210% du PIB en 2020, est pass\u00e9e \u00e0 environ 150% en 2024.<\/p>\n<p>De quoi susciter l&rsquo;admiration des allemands, qui craignent la dette par dessus tout. Alors qu\u2019Ath\u00e8nes fait figure de mod\u00e8le de rigueur retrouv\u00e9e, Berlin redoute d\u2019\u00eatre aspir\u00e9e dans une spirale de d\u00e9ficits structurels \u2014 un paradoxe qui met en lumi\u00e8re la fragilit\u00e9 des finances publiques europ\u00e9ennes.<\/p>\n","protected":false},"excerpt":{"rendered":"LE MONDE QUI BOUGE. La Cour des comptes allemande vient de tirer la sonnette d\u2019alarme: la d\u00e9pense publique&hellip;\n","protected":false},"author":2,"featured_media":401955,"comment_status":"","ping_status":"","sticky":false,"template":"","format":"standard","meta":{"footnotes":""},"categories":[1587],"tags":[11,672,1804,1805,1803,1777,674,1801,12,1802],"class_list":{"0":"post-401954","1":"post","2":"type-post","3":"status-publish","4":"format-standard","5":"has-post-thumbnail","7":"category-allemagne","8":"tag-actualites","9":"tag-allemagne","10":"tag-bundesrepublik-deutschland","11":"tag-de","12":"tag-deutschland","13":"tag-eu","14":"tag-europe","15":"tag-germany","16":"tag-news","17":"tag-republique-federale-dallemagne"},"share_on_mastodon":{"url":"https:\/\/pubeurope.com\/@fr\/115230046151644894","error":""},"_links":{"self":[{"href":"https:\/\/www.europesays.com\/fr\/wp-json\/wp\/v2\/posts\/401954","targetHints":{"allow":["GET"]}}],"collection":[{"href":"https:\/\/www.europesays.com\/fr\/wp-json\/wp\/v2\/posts"}],"about":[{"href":"https:\/\/www.europesays.com\/fr\/wp-json\/wp\/v2\/types\/post"}],"author":[{"embeddable":true,"href":"https:\/\/www.europesays.com\/fr\/wp-json\/wp\/v2\/users\/2"}],"replies":[{"embeddable":true,"href":"https:\/\/www.europesays.com\/fr\/wp-json\/wp\/v2\/comments?post=401954"}],"version-history":[{"count":0,"href":"https:\/\/www.europesays.com\/fr\/wp-json\/wp\/v2\/posts\/401954\/revisions"}],"wp:featuredmedia":[{"embeddable":true,"href":"https:\/\/www.europesays.com\/fr\/wp-json\/wp\/v2\/media\/401955"}],"wp:attachment":[{"href":"https:\/\/www.europesays.com\/fr\/wp-json\/wp\/v2\/media?parent=401954"}],"wp:term":[{"taxonomy":"category","embeddable":true,"href":"https:\/\/www.europesays.com\/fr\/wp-json\/wp\/v2\/categories?post=401954"},{"taxonomy":"post_tag","embeddable":true,"href":"https:\/\/www.europesays.com\/fr\/wp-json\/wp\/v2\/tags?post=401954"}],"curies":[{"name":"wp","href":"https:\/\/api.w.org\/{rel}","templated":true}]}}