{"id":401958,"date":"2025-09-19T08:36:15","date_gmt":"2025-09-19T08:36:15","guid":{"rendered":"https:\/\/www.europesays.com\/fr\/401958\/"},"modified":"2025-09-19T08:36:15","modified_gmt":"2025-09-19T08:36:15","slug":"portugal-des-milliers-dimmigres-manifestent-pour-leurs-droits-a-lisbonne","status":"publish","type":"post","link":"https:\/\/www.europesays.com\/fr\/401958\/","title":{"rendered":"Portugal : des milliers d&rsquo;immigr\u00e9s manifestent pour leurs droits \u00e0 Lisbonne"},"content":{"rendered":"<p>\n  Par&amp;nbsp<b>Euronews<\/b>&amp;nbspavec&amp;nbsp<b>EBU<\/b>\n<\/p>\n<p>\n                    Publi\u00e9 le                 19\/09\/2025 &#8211; 10:24 UTC+2<br \/>\n                \u2022Mis \u00e0 jour<br \/>\n                                     10:24\n                                        <\/p>\n<p>          <img decoding=\"async\" class=\"c-ad__placeholder__logo\" src=\"https:\/\/static.euronews.com\/website\/images\/logos\/logo-euronews-stacked-outlined-72x72-grey-9.svg\" width=\"72\" height=\"72\" alt=\"\" loading=\"lazy\"\/><br \/>\n          PUBLICIT\u00c9<\/p>\n<p>C&rsquo;est un rassemblement assez inhabituel qui a eu lieu dans le centre de Lisbonne ce jeudi. Pr\u00e8s de 5000 immigr\u00e9s venus de tout le Portugal ont manifest\u00e9 devant le Parlement pour la d\u00e9fense des droits de l&rsquo;homme\u2026 Nombre d&rsquo;entre eux n&rsquo;ont pas encore la nationalit\u00e9 ou de permis de r\u00e9sidence permanente, mais travaillent dans le pays.<\/p>\n<p>\u00ab\u00a0Je suis ici depuis 2022. Je travaille tous les jours, je paie mes imp\u00f4ts tous les mois\u00a0\u00bb, explique l&rsquo;un des participants, \u00ab\u00a0je n&rsquo;ai pas de nationalit\u00e9, je n&rsquo;ai pas de carte de s\u00e9jour. Je ne peux pas rentrer chez moi\u00a0\u00bb.<\/p>\n<p>L&rsquo;absence des documents n\u00e9cessaires n&rsquo;est qu&rsquo;un des probl\u00e8mes dont se plaignent ces immigr\u00e9s. Pendant plus de deux heures de manifestation pacifique et sans incident, ils ont exig\u00e9 la d\u00e9livrance de documents garantissant aux immigr\u00e9s le droit de travailler au Portugal, le droit au regroupement familial et la lib\u00e9ration des immigr\u00e9s qui ont \u00e9t\u00e9 \u00ab\u00a0injustement\u00a0\u00bb d\u00e9tenus et plac\u00e9s dans des centres d&rsquo;accueil temporaire sans avoir commis de d\u00e9lit, mais simplement parce qu&rsquo;ils figurent dans le syst\u00e8me d&rsquo;information Schengen pour avoir s\u00e9journ\u00e9 dans un autre \u00c9tat membre de l&rsquo;Union europ\u00e9enne avant d&rsquo;arriver au Portugal. Ils s&rsquo;interrogent \u00e9galement sur les modifications que le gouvernement entend apporter aux lois sur la nationalit\u00e9 et les \u00e9trangers.<\/p>\n<p>Cette manifestation pacifique s&rsquo;est d\u00e9roul\u00e9e sans incident\u2026 m\u00eame si l&rsquo;arriv\u00e9e de d\u00e9put\u00e9s d&rsquo;extr\u00eame droite, notamment celle d&rsquo;Andr\u00e9 Ventura, le chef du parti Chega ont caus\u00e9 des tensions. Ce dernier est venu d\u00e9fendre sa nouvelle loi sur l&rsquo;immigration au Parlement.<\/p>\n<p>\u00ab\u00a0La loi sur l&rsquo;immigration n&rsquo;a pas pour but d&rsquo;attaquer ou de pers\u00e9cuter qui que ce soit, mais de dire que toute personne qui vient au Portugal doit respecter les r\u00e8gles, mais surtout la d\u00e9mocratie. Quand ces gens m&rsquo;insultent et ne me laissent pas parler, ils ne respectent pas la d\u00e9mocratie\u00a0\u00bb explique-t-il.<\/p>\n<p>Les manifestants, des hommes pour la plupart, originaires d&rsquo;Inde, du Bangladesh, du N\u00e9pal et du Pakistan, r\u00e9clament une d\u00e9livrance plus rapide de documents leur permettant de travailler l\u00e9galement dans le pays et le droit au regroupement familial. Ils d\u00e9noncent \u00e9galement les modifications que le gouvernement pr\u00e9voit d&rsquo;apporter aux lois sur l&rsquo;immigration et la nationalit\u00e9.<\/p>\n","protected":false},"excerpt":{"rendered":"Par&amp;nbspEuronews&amp;nbspavec&amp;nbspEBU Publi\u00e9 le 19\/09\/2025 &#8211; 10:24 UTC+2 \u2022Mis \u00e0 jour 10:24 PUBLICIT\u00c9 C&rsquo;est un rassemblement assez inhabituel qui&hellip;\n","protected":false},"author":2,"featured_media":401959,"comment_status":"","ping_status":"","sticky":false,"template":"","format":"standard","meta":{"footnotes":""},"categories":[1586],"tags":[11,53329,53328,1777,674,1779,1011,27,6734,12,6996,25,1778,364],"class_list":{"0":"post-401958","1":"post","2":"type-post","3":"status-publish","4":"format-standard","5":"has-post-thumbnail","7":"category-europe","8":"tag-actualites","9":"tag-andre-ventura","10":"tag-chega","11":"tag-eu","12":"tag-europe","13":"tag-european-union","14":"tag-fr","15":"tag-france","16":"tag-immigration-clandestine","17":"tag-news","18":"tag-portugal","19":"tag-republique-francaise","20":"tag-ue","21":"tag-union-europeenne"},"share_on_mastodon":{"url":"https:\/\/pubeurope.com\/@fr\/115230054163990534","error":""},"_links":{"self":[{"href":"https:\/\/www.europesays.com\/fr\/wp-json\/wp\/v2\/posts\/401958","targetHints":{"allow":["GET"]}}],"collection":[{"href":"https:\/\/www.europesays.com\/fr\/wp-json\/wp\/v2\/posts"}],"about":[{"href":"https:\/\/www.europesays.com\/fr\/wp-json\/wp\/v2\/types\/post"}],"author":[{"embeddable":true,"href":"https:\/\/www.europesays.com\/fr\/wp-json\/wp\/v2\/users\/2"}],"replies":[{"embeddable":true,"href":"https:\/\/www.europesays.com\/fr\/wp-json\/wp\/v2\/comments?post=401958"}],"version-history":[{"count":0,"href":"https:\/\/www.europesays.com\/fr\/wp-json\/wp\/v2\/posts\/401958\/revisions"}],"wp:featuredmedia":[{"embeddable":true,"href":"https:\/\/www.europesays.com\/fr\/wp-json\/wp\/v2\/media\/401959"}],"wp:attachment":[{"href":"https:\/\/www.europesays.com\/fr\/wp-json\/wp\/v2\/media?parent=401958"}],"wp:term":[{"taxonomy":"category","embeddable":true,"href":"https:\/\/www.europesays.com\/fr\/wp-json\/wp\/v2\/categories?post=401958"},{"taxonomy":"post_tag","embeddable":true,"href":"https:\/\/www.europesays.com\/fr\/wp-json\/wp\/v2\/tags?post=401958"}],"curies":[{"name":"wp","href":"https:\/\/api.w.org\/{rel}","templated":true}]}}