{"id":40196,"date":"2025-04-21T00:33:11","date_gmt":"2025-04-21T00:33:11","guid":{"rendered":"https:\/\/www.europesays.com\/fr\/40196\/"},"modified":"2025-04-21T00:33:11","modified_gmt":"2025-04-21T00:33:11","slug":"ce-sondage-surprise-risque-de-faire-voler-en-eclats-lunion-de-la-droite-et-du-centre","status":"publish","type":"post","link":"https:\/\/www.europesays.com\/fr\/40196\/","title":{"rendered":"ce sondage surprise risque de faire voler en \u00e9clats l&rsquo;union de la droite et du centre"},"content":{"rendered":"<p>            Par<br \/>\n        <strong><br \/>\n            <a href=\"https:\/\/actu.fr\/auteur\/sports33\" title=\"Consulter tous les articles de Nicolas Gosselin\" target=\"_blank\" rel=\"noopener\">Nicolas Gosselin<\/a><br \/>\n        <\/strong><\/p>\n<p>        Publi\u00e9 le<\/p>\n<p>            20 avr. 2025 \u00e0 12h49        <\/p>\n<p>\u00ab\u00a0Avec ce sondage, ses alli\u00e9s peuvent penser qu\u2019il essaie de leur forcer la main\u00a0\u00bb, analyse le politologue Jean Petaux, interrog\u00e9 par <a href=\"https:\/\/actu.fr\/bordeaux\/\" target=\"_blank\" rel=\"noopener\">actu Bordeaux<\/a>. R\u00e9v\u00e9l\u00e9e le 18 avril 2025, <a href=\"https:\/\/actu.fr\/nouvelle-aquitaine\/bordeaux_33063\/qui-pierre-hurmic-doit-il-craindre-le-plus-pour-sa-reelection-a-bordeaux-ce-sondage-livre-quelques-surprises_62534046.html\" target=\"_blank\" rel=\"noopener\">une enqu\u00eate d\u2019opinion men\u00e9e par l\u2019Ifop<\/a>, sur commande du parti <a href=\"https:\/\/actu.fr\/tag\/renaissance-ex-lrem\" target=\"_blank\" rel=\"noopener\">Renaissance<\/a> dont fait partie <strong>Thomas Cazenave<\/strong>, d\u00e9signe ce dernier comme le <strong>candidat id\u00e9al<\/strong> pour conduire la liste de la droite et du centre (Renaissance, LR, Modem, Horizons) aux <a href=\"https:\/\/actu.fr\/tag\/municipales-2026\" target=\"_blank\" rel=\"noopener\">\u00e9lections municipales 2026 \u00e0 Bordeaux<\/a>. Une d\u00e9marche qui est mal v\u00e9cue dans le camp de<strong> Nathalie Delattre<\/strong>, <a href=\"https:\/\/actu.fr\/nouvelle-aquitaine\/bordeaux_33063\/apres-la-mort-de-nicolas-florian-la-droite-bordelaise-se-reorganise-et-change-de-presidence_62258071.html\" target=\"_blank\" rel=\"noopener\">h\u00e9riti\u00e8re toute indiqu\u00e9e de Nicolas Florian<\/a>.<\/p>\n<p>Depuis le d\u00e9c\u00e8s de Nicolas Florian, l\u2019union est fragile<\/p>\n<p class=\" wall-content\"><a href=\"https:\/\/actu.fr\/nouvelle-aquitaine\/bordeaux_33063\/municipales-a-bordeaux-ce-que-thomas-cazenave-a-negocie-dans-l-alliance-avec-nicolas-florian_34049232.html\" target=\"_blank\" rel=\"noopener\">Alli\u00e9s au second tour<\/a> des \u00e9lections municipales 2020, Nicolas Florian et Thomas Cazenave s\u2019\u00e9taient entendus cette fois-ci pour s\u2019unir d\u00e8s le premier tour en 2026. Restait juste \u00e0 <strong>s\u2019accorder sur l\u2019identit\u00e9 de la t\u00eate de liste<\/strong>. La <a href=\"https:\/\/actu.fr\/nouvelle-aquitaine\/bordeaux_33063\/obseques-de-nicolas-florian-suivez-l-hommage-public-rendu-a-l-ancien-maire-de-bordeaux_62190324.html\" target=\"_blank\" rel=\"noopener\">mort brutale de l\u2019ancien maire<\/a> a renvers\u00e9 l\u2019\u00e9chiquier. D\u00e8s lors, le d\u00e9put\u00e9 Renaissance et conseiller municipal a cr\u00e9\u00e9 \u2013 involontairement ou non \u2013 un <strong>climat de tension<\/strong> avec ses amis politiques.<\/p>\n<p class=\" wall-content\">D\u00e9j\u00e0, le 18 f\u00e9vrier, quand il a pris la parole dans la presse pour se d\u00e9clarer candidat. On \u00e9tait alors \u00e0 moins de trois semaines des <a href=\"https:\/\/actu.fr\/nouvelle-aquitaine\/bordeaux_33063\/adieu-petit-frere-les-discours-d-alain-juppe-et-de-pierre-hurmic-lors-de-l-hommage-a-nicolas-florian_62194826.html\" target=\"_blank\" rel=\"noopener\">obs\u00e8ques de Nicolas Florian<\/a>. \u00ab\u00a0Il ne respecte pas la p\u00e9riode de d\u00e9cence\u00a0\u00bb, avait alors r\u00e9agi dans <a href=\"https:\/\/actu.fr\/nouvelle-aquitaine\/bordeaux_33063\/il-ne-respecte-pas-la-periode-de-decence-thomas-cazenave-braque-le-camp-de-nicolas-florian-en-plein-deuil_62271602.html\" target=\"_blank\" rel=\"noopener\">actu Bordeaux<\/a> le camp politique du d\u00e9funt.<\/p>\n<p class=\" wall-content\">Premi\u00e8re discorde. La deuxi\u00e8me intervient donc avec cette enqu\u00eate d\u2019opinion. Joint par actu Bordeaux, Fabien Robert ne veut pas parler de<strong> \u00ab\u00a0man\u0153uvre\u00a0\u00bb<\/strong> ou de <strong>\u00ab\u00a0trahison\u00a0\u00bb<\/strong> mais ce proche de Nicolas Florian et de Nathalie Delattre souligne \u00ab\u00a0un sondage command\u00e9 sans concertation avec [son] groupe politique\u00a0\u00bb.<\/p>\n<p>La confiance semble rompue entre les deux camps<\/p>\n<p class=\" wall-content\">\u00ab\u00a0Thomas Cazenave se pr\u00e9vaut du soutien des R\u00e9publicains, du Modem et d\u2019Horizons alors que leurs repr\u00e9sentants ont clairement affich\u00e9 leur soutien \u00e0 Nathalie Delattre. \u00c0 ce jour donc, cette configuration n\u2019existe pas. <strong>L\u2019union, c\u2019est d\u2019abord la confiance<\/strong>, une vision partag\u00e9e pour Bordeaux plut\u00f4t qu\u2019un accord sous la table sur la base de pr\u00e9dictions statistiques\u00a0\u00bb, s\u2019agace Fabien Robert.<\/p>\n<p class=\" wall-content\">Pour Jean Petaux, cette r\u00e9action n\u2019est pas surprenante de la part du groupe d\u2019opposition Bordeaux Ensemble. \u00ab\u00a0Le risque politique pour Cazenave est l\u00e0 : il donne l\u2019impression de se payer un sondage pour <strong>forcer le destin<\/strong> et utiliser des<strong> m\u00e9thodes pas sympathiques<\/strong> pour bordurer Nathalie Delattre\u00a0\u00bb, pointe le politologue.<\/p>\n<blockquote class=\"ac-article-quote wall-content\">\n<p>Ce sondage fonctionne davantage comme du sel sur la plaie que comme une caut\u00e9risation des plaies entre ces deux blocs.<\/p>\n<p>    <strong>Jean Petaux<\/strong>\n            <\/p><\/blockquote>\n<p class=\" wall-content\">Comme le souligne le politologue, cette friture sur la ligne entre le camp Cazenave et le camp Delattre \u00ab\u00a0fait les affaires d\u2019Hurmic\u00a0\u00bb. \u00ab\u00a0Si les oppositions de la droite et du centre ne s\u2019allient pas au premier tour,<strong> elles perdent toutes chances de l\u2019emporter<\/strong> au second tour. En 2020, avec le confinement, Florian et Cazenave avaient eu 14 semaines pour se rabibocher et ils l\u2019ont fait un petit mois avant le second tour. Pourtant, \u00e7a n\u2019a pas suffi. C\u2019est difficile de s\u2019accorder en une semaine.\u00a0\u00bb<\/p>\n<p class=\" wall-content\">Fabien Robert en est bien conscient et il ne veut pas \u00e9carter d\u2019un revers de main ce projet d\u2019union. Dans <a href=\"https:\/\/actu.fr\/nouvelle-aquitaine\/bordeaux_33063\/je-serai-candidat-a-la-mairie-de-bordeaux-fabien-robert-place-ses-pions-a-l-aube-des-elections-municipales_61959996.html\" target=\"_blank\" rel=\"noopener\">une interview accord\u00e9e \u00e0 actu Bordeaux<\/a> en d\u00e9cembre 2024, il disait :\u00a0\u00ab\u00a0Il y a une r\u00e8gle d\u2019or en politique : unis, on peut gagner ; divis\u00e9s, on est s\u00fbrs de perdre. On ratisse toujours plus large avec <strong>un r\u00e2teau \u00e0 plusieurs dents<\/strong>.\u00a0\u00bb Autrement dit : \u00ab\u00a0Il faut que ce soit une <strong>union qui transcende les cas personnels<\/strong>.\u00a0\u00bb<\/p>\n<p class=\" wall-content\">Quatre mois plus tard,<strong> le probl\u00e8me est pourtant bien l\u00e0<\/strong>. Un camp comme l\u2019autre ne semblent pas pr\u00eats \u00e0 l\u00e2cher la t\u00eate de liste et tous les moyens seront bons pour essayer de prendre le leadership. Pendant ce temps-l\u00e0, c\u2019est Pierre Hurmic qui se frotte les mains.<\/p>\n<p class=\" wall-content\">Suivez toute l\u2019actualit\u00e9 de vos villes et m\u00e9dias favoris en vous inscrivant \u00e0 <a href=\"https:\/\/moncompte.actu.fr\" title=\"D\u00e9couvez Mon Actu\" rel=\"nofollow noopener\" data-trk=\"{&quot;cta&quot;:{&quot;action&quot;:&quot;https:\\\/\\\/moncompte.actu.fr&quot;,&quot;category&quot;:&quot;mon compte&quot;,&quot;from&quot;:&quot;article footer&quot;,&quot;name&quot;:&quot;Mon actu&quot;,&quot;type&quot;:&quot;cta&quot;}}\" target=\"_blank\">Mon Actu<\/a>.<\/p>\n","protected":false},"excerpt":{"rendered":"Par Nicolas Gosselin Publi\u00e9 le 20 avr. 2025 \u00e0 12h49 \u00ab\u00a0Avec ce sondage, ses alli\u00e9s peuvent penser qu\u2019il&hellip;\n","protected":false},"author":2,"featured_media":40197,"comment_status":"","ping_status":"","sticky":false,"template":"","format":"standard","meta":{"footnotes":""},"categories":[2817],"tags":[1111,11,1997,4188,1777,674,1011,27,3434,12,12414,2219,316,12415,25],"class_list":{"0":"post-40196","1":"post","2":"type-post","3":"status-publish","4":"format-standard","5":"has-post-thumbnail","7":"category-bordeaux","8":"tag-actu","9":"tag-actualites","10":"tag-bordeaux","11":"tag-elections-municipales","12":"tag-eu","13":"tag-europe","14":"tag-fr","15":"tag-france","16":"tag-municipales-2026","17":"tag-news","18":"tag-nicolas-florian","19":"tag-nouvelle-aquitaine","20":"tag-politique","21":"tag-renaissance-ex-lrem","22":"tag-republique-francaise"},"share_on_mastodon":{"url":"https:\/\/pubeurope.com\/@fr\/114373145643160419","error":""},"_links":{"self":[{"href":"https:\/\/www.europesays.com\/fr\/wp-json\/wp\/v2\/posts\/40196","targetHints":{"allow":["GET"]}}],"collection":[{"href":"https:\/\/www.europesays.com\/fr\/wp-json\/wp\/v2\/posts"}],"about":[{"href":"https:\/\/www.europesays.com\/fr\/wp-json\/wp\/v2\/types\/post"}],"author":[{"embeddable":true,"href":"https:\/\/www.europesays.com\/fr\/wp-json\/wp\/v2\/users\/2"}],"replies":[{"embeddable":true,"href":"https:\/\/www.europesays.com\/fr\/wp-json\/wp\/v2\/comments?post=40196"}],"version-history":[{"count":0,"href":"https:\/\/www.europesays.com\/fr\/wp-json\/wp\/v2\/posts\/40196\/revisions"}],"wp:featuredmedia":[{"embeddable":true,"href":"https:\/\/www.europesays.com\/fr\/wp-json\/wp\/v2\/media\/40197"}],"wp:attachment":[{"href":"https:\/\/www.europesays.com\/fr\/wp-json\/wp\/v2\/media?parent=40196"}],"wp:term":[{"taxonomy":"category","embeddable":true,"href":"https:\/\/www.europesays.com\/fr\/wp-json\/wp\/v2\/categories?post=40196"},{"taxonomy":"post_tag","embeddable":true,"href":"https:\/\/www.europesays.com\/fr\/wp-json\/wp\/v2\/tags?post=40196"}],"curies":[{"name":"wp","href":"https:\/\/api.w.org\/{rel}","templated":true}]}}