{"id":401965,"date":"2025-09-19T08:43:14","date_gmt":"2025-09-19T08:43:14","guid":{"rendered":"https:\/\/www.europesays.com\/fr\/401965\/"},"modified":"2025-09-19T08:43:14","modified_gmt":"2025-09-19T08:43:14","slug":"atp-nick-kyrgios-si-javais-joue-contre-rafael-nadal-ou-quelquun-dautre-que-novak-djokovic-en-finale-de-wimbledon-2022-je-pense-que","status":"publish","type":"post","link":"https:\/\/www.europesays.com\/fr\/401965\/","title":{"rendered":"ATP > Nick Kyrgios : \u00ab\u00a0Si j&rsquo;avais jou\u00e9 contre Rafael Nadal ou quelqu&rsquo;un d&rsquo;autre que Novak Djokovic en finale de Wimbledon 2022, je pense que&#8230;"},"content":{"rendered":"<p>Au cours d\u2019une r\u00e9cente conver\u00adsa\u00adtion avec Alexander Bublik et Patrick Mouratoglou en marge de l\u2019UTS, l\u2019ex\u00adhi\u00adbi\u00adtion cr\u00e9\u00e9e par l\u2019en\u00adtra\u00ee\u00adneur fran\u00ad\u00e7ais, Nick Kyrgios s\u2019est longue\u00adment confi\u00e9 sur sa finale perdue lors de l\u2019\u00e9di\u00adtion 2022 de Wimbledon face \u00e0 Novak Djokovic.<\/p>\n<p>Toujours aussi impres\u00adsionn\u00e9 par la perfor\u00admance du Serbe, l\u2019Australien a estim\u00e9 qu\u2019il aurait eu beau\u00adcoup plus de chance de l\u2019emporter face \u00e0 un tout autre joueur ce jour\u2010l\u00e0, m\u00eame face \u00e0 Rafael Nadal.\u00a0<\/p>\n<blockquote class=\"instagram-media\" data-instgrm-captioned=\"\" data-instgrm-permalink=\"https:\/\/www.instagram.com\/reel\/DOsp5hejP3O\/?utm_source=ig_embed&amp;utm_campaign=loading\" data-instgrm-version=\"14\" style=\" background:#FFF; border:0; border-radius:3px; box-shadow:0 0 1px 0 rgba(0,0,0,0.5),0 1px 10px 0 rgba(0,0,0,0.15); margin: 1px; max-width:540px; min-width:326px; padding:0; width:99.375%; width:-webkit-calc(100% - 2px); width:calc(100% - 2px);\"\/>\n<p><strong>\u00ab\u202fJ\u2019ai r\u00e9ussi 75\u202f% de mes premiers services et Novak m\u2019a break\u00e9 trois fois. Je ne pouvais juste pas mieux servir. Je n\u2019au\u00adrais pas pu faire beau\u00adcoup plus. J\u2019ai jou\u00e9 de mani\u00e8re assez solide. J\u2019ai fait un mauvais tie\u2010break dans le quatri\u00e8me set, mais j\u2019ai \u00e9t\u00e9 break\u00e9 \u00e0 4 partout dans le troi\u00adsi\u00e8me set alors que je menais 40\u20130. C\u2019est compl\u00e8\u00adte\u00adment ridi\u00adcule. On se fait donc breaker \u00e0 40\u20130 sur gazon. Quelque chose n\u2019al\u00adlait pas dans ma t\u00eate. Pas au niveau du tennis, mais dans ma t\u00eate. C\u2019\u00e9tait diffi\u00adcile. Mais il est juste\u2026 Je pense que si j\u2019avais jou\u00e9 contre Rafa ou quel\u00adqu\u2019un d\u2019autre en finale, \u00e7a aurait \u00e9t\u00e9 bon, je\u00a0pense.\u202f\u00bb<\/strong><\/p>\n<p class=\"post-published-date\" style=\"color: silver; font-size: 75%; text-align: left;\">Publi\u00e9 le jeudi 18 septembre 2025 \u00e0 18:47<\/p>\n<p><script async src=\"\/\/www.instagram.com\/embed.js\"><\/script><\/p>\n","protected":false},"excerpt":{"rendered":"Au cours d\u2019une r\u00e9cente conver\u00adsa\u00adtion avec Alexander Bublik et Patrick Mouratoglou en marge de l\u2019UTS, l\u2019ex\u00adhi\u00adbi\u00adtion cr\u00e9\u00e9e par&hellip;\n","protected":false},"author":2,"featured_media":401966,"comment_status":"","ping_status":"","sticky":false,"template":"","format":"standard","meta":{"footnotes":""},"categories":[1415],"tags":[15212,105,1011,27,4874,1960,60,1467],"class_list":{"0":"post-401965","1":"post","2":"type-post","3":"status-publish","4":"format-standard","5":"has-post-thumbnail","7":"category-tennis","8":"tag-bublik","9":"tag-djokovic","10":"tag-fr","11":"tag-france","12":"tag-kyrgios","13":"tag-nadal","14":"tag-sports","15":"tag-tennis"},"share_on_mastodon":{"url":"https:\/\/pubeurope.com\/@fr\/115230081206032023","error":""},"_links":{"self":[{"href":"https:\/\/www.europesays.com\/fr\/wp-json\/wp\/v2\/posts\/401965","targetHints":{"allow":["GET"]}}],"collection":[{"href":"https:\/\/www.europesays.com\/fr\/wp-json\/wp\/v2\/posts"}],"about":[{"href":"https:\/\/www.europesays.com\/fr\/wp-json\/wp\/v2\/types\/post"}],"author":[{"embeddable":true,"href":"https:\/\/www.europesays.com\/fr\/wp-json\/wp\/v2\/users\/2"}],"replies":[{"embeddable":true,"href":"https:\/\/www.europesays.com\/fr\/wp-json\/wp\/v2\/comments?post=401965"}],"version-history":[{"count":0,"href":"https:\/\/www.europesays.com\/fr\/wp-json\/wp\/v2\/posts\/401965\/revisions"}],"wp:featuredmedia":[{"embeddable":true,"href":"https:\/\/www.europesays.com\/fr\/wp-json\/wp\/v2\/media\/401966"}],"wp:attachment":[{"href":"https:\/\/www.europesays.com\/fr\/wp-json\/wp\/v2\/media?parent=401965"}],"wp:term":[{"taxonomy":"category","embeddable":true,"href":"https:\/\/www.europesays.com\/fr\/wp-json\/wp\/v2\/categories?post=401965"},{"taxonomy":"post_tag","embeddable":true,"href":"https:\/\/www.europesays.com\/fr\/wp-json\/wp\/v2\/tags?post=401965"}],"curies":[{"name":"wp","href":"https:\/\/api.w.org\/{rel}","templated":true}]}}