{"id":401969,"date":"2025-09-19T08:46:09","date_gmt":"2025-09-19T08:46:09","guid":{"rendered":"https:\/\/www.europesays.com\/fr\/401969\/"},"modified":"2025-09-19T08:46:09","modified_gmt":"2025-09-19T08:46:09","slug":"psg-luis-enrique-promis-a-un-club-etranger-son-depart-est-annonce","status":"publish","type":"post","link":"https:\/\/www.europesays.com\/fr\/401969\/","title":{"rendered":"PSG : Luis Enrique promis \u00e0 un club \u00e9tranger, son d\u00e9part est annonc\u00e9 !"},"content":{"rendered":"<p>                    Arthur Montagne<br \/>\n                        &#8211;<\/p>\n<p>Journaliste<\/p>\n<p>Affam\u00e9 de sport, il a grandi au son des moteurs de Formule 1 et des exploits de Ronaldinho. Aujourd\u2019hui, diplom\u00e9 d&rsquo;un Master de journalisme de sport, il ne rate plus un Grand Prix de F1 ni un match du PSG, ses deux passions et sp\u00e9cialit\u00e9s<\/p>\n<p class=\"heading\">Sous contrat jusqu&rsquo;en 2027 au PSG, Luis Enrique r\u00e9alise pour le moment un parcours parfait \u00e0 Paris. Et pourtant, en coulisses, il aurait fait part \u00e0 son entourage de sa volont\u00e9 de revenir un jour au FC Barcelone. Un souhait qui ne serait pas anodin alors que des \u00e9lections se pr\u00e9parent au sein du club blaugrana. Et le technicien espagnol pourrait bien \u00eatre un argument de campagne pour une candidat \u00e0 la pr\u00e9sidence du Bar\u00e7a.<\/p>\n<p>Pour une fois, le <strong>PSG <\/strong>ne regrette pas son choix d&rsquo;entra\u00eeneur. Apr\u00e8s avoir multipli\u00e9 les d\u00e9ceptions, le club de la capitale a frapp\u00e9 fort en 2023 en recrutant <a href=\"https:\/\/le10sport.com\/football\/ligue1\/psg\/luis-enrique-annonce-un-buteur-de-tres-haut-niveau-au-psg-758494\" target=\"_blank\" rel=\"noopener\">Luis Enrique<\/a> pour remplacer <strong>Christophe Galtier<\/strong>. Et pour cause, avec le technicien espagnol sur son banc, le club de la capitale a remport\u00e9 la premi\u00e8re <strong>Ligue des champions<\/strong> de son histoire la saison derni\u00e8re et semble encore parti sur d&rsquo;excellentes bases.<\/p>\n<p>                                            Luis Enrique ouvert \u00e0 un retour au Bar\u00e7a ?<\/p>\n<p>En d\u00e9but de saison, <strong>Luis Enrique<\/strong> a effectivement r\u00e9affirm\u00e9 sa motivation, mais en coulisses, la donne serait un peu diff\u00e9rente. En effet, selon les informations de SPORT, l&rsquo;entra\u00eeneur du <strong>PSG <\/strong>aurait plusieurs fois confi\u00e9 en coulisses qu&rsquo;il r\u00eavait de revenir au <strong>FC Barcelone<\/strong>. Il faut dire qu&rsquo;il reste toujours tr\u00e8s attach\u00e9 \u00e0 un club au sein duquel il a \u00e9volu\u00e9 cinq ans en tant que joueur, avant d&rsquo;en devenir l&rsquo;entra\u00eeneur entre 2014 et 2017, le temps de remporter la <strong>Ligue des champions<\/strong> en 2015.<\/p>\n<p>                                            Une promesse de campagne tr\u00e8s importante<\/p>\n<p>Mais le timing n&rsquo;a rien d&rsquo;anodin. Et pour cause, en 2026 auront lieux les \u00e9lections pour \u00e9lire le pr\u00e9sident du <strong>FC Barcelone<\/strong>. Joan <strong>Laporta<\/strong> a d\u00e9j\u00e0 confirm\u00e9 qu&rsquo;il serait candidat \u00e0 sa propre succession, mais pour l&rsquo;instant ses opposants ne sont pas connus. Et selon SPORT, <strong>Luis Enrique<\/strong> pourrait bien s&rsquo;immiscer dans cette campagne et devenant une promesse d&rsquo;un candidat. C&rsquo;est effectivement la coutume lors de l&rsquo;\u00e9lection d&rsquo;un pr\u00e9sident de club en Espagne. Chaque candidat se pr\u00e9sente en d\u00e9voilant son projet et en s&rsquo;appuyant sur la promesse de la signature d&rsquo;un joueur ou d&rsquo;un entra\u00eeneur. En 2026, cela pourrait donc concerner <strong>Luis Enrique<\/strong>. Et pour cause, le technicien espagnol reste tr\u00e8s populaire aupr\u00e8s des fans du <strong>Bar\u00e7a<\/strong>, et son travail impressionnant au <strong>PSG <\/strong>n&rsquo;a pas du inverser la tendance, bien au contraire. Cependant, <strong>Luis Enrique<\/strong> est sous contrat jusqu&rsquo;en 2027 \u00e0 Paris.<\/p>\n","protected":false},"excerpt":{"rendered":"Arthur Montagne &#8211; Journaliste Affam\u00e9 de sport, il a grandi au son des moteurs de Formule 1 et&hellip;\n","protected":false},"author":2,"featured_media":401970,"comment_status":"","ping_status":"","sticky":false,"template":"","format":"standard","meta":{"footnotes":""},"categories":[1412],"tags":[1451,1452,1453,1454,1455,1011,27,60],"class_list":{"0":"post-401969","1":"post","2":"type-post","3":"status-publish","4":"format-standard","5":"has-post-thumbnail","7":"category-f1","8":"tag-f1","9":"tag-formula-1","10":"tag-formula1","11":"tag-formule-1","12":"tag-formule1","13":"tag-fr","14":"tag-france","15":"tag-sports"},"share_on_mastodon":{"url":"https:\/\/pubeurope.com\/@fr\/115230093076140664","error":""},"_links":{"self":[{"href":"https:\/\/www.europesays.com\/fr\/wp-json\/wp\/v2\/posts\/401969","targetHints":{"allow":["GET"]}}],"collection":[{"href":"https:\/\/www.europesays.com\/fr\/wp-json\/wp\/v2\/posts"}],"about":[{"href":"https:\/\/www.europesays.com\/fr\/wp-json\/wp\/v2\/types\/post"}],"author":[{"embeddable":true,"href":"https:\/\/www.europesays.com\/fr\/wp-json\/wp\/v2\/users\/2"}],"replies":[{"embeddable":true,"href":"https:\/\/www.europesays.com\/fr\/wp-json\/wp\/v2\/comments?post=401969"}],"version-history":[{"count":0,"href":"https:\/\/www.europesays.com\/fr\/wp-json\/wp\/v2\/posts\/401969\/revisions"}],"wp:featuredmedia":[{"embeddable":true,"href":"https:\/\/www.europesays.com\/fr\/wp-json\/wp\/v2\/media\/401970"}],"wp:attachment":[{"href":"https:\/\/www.europesays.com\/fr\/wp-json\/wp\/v2\/media?parent=401969"}],"wp:term":[{"taxonomy":"category","embeddable":true,"href":"https:\/\/www.europesays.com\/fr\/wp-json\/wp\/v2\/categories?post=401969"},{"taxonomy":"post_tag","embeddable":true,"href":"https:\/\/www.europesays.com\/fr\/wp-json\/wp\/v2\/tags?post=401969"}],"curies":[{"name":"wp","href":"https:\/\/api.w.org\/{rel}","templated":true}]}}