{"id":401975,"date":"2025-09-19T08:49:10","date_gmt":"2025-09-19T08:49:10","guid":{"rendered":"https:\/\/www.europesays.com\/fr\/401975\/"},"modified":"2025-09-19T08:49:10","modified_gmt":"2025-09-19T08:49:10","slug":"jetais-plonge-dans-les-tenebres-bjorn-borg-evoque-son-addiction-passee-a-la-cocaine","status":"publish","type":"post","link":"https:\/\/www.europesays.com\/fr\/401975\/","title":{"rendered":"\u00ab\u00a0J\u2019\u00e9tais plong\u00e9 dans les t\u00e9n\u00e8bres\u00a0\u00bb\u2026 Bjorn Borg \u00e9voque son addiction pass\u00e9e \u00e0 la coca\u00efne"},"content":{"rendered":"<p>Jouer au plus pr\u00e8s des lignes est un pr\u00e9requis pour jouer un tennis de haut niveau. En revanche, en dehors du court, il vaut mieux ne pas s\u2019en approcher. L\u2019ancienne l\u00e9gende du tennis Bjorn Borg raconte son addiction pass\u00e9e \u00e0 la coca\u00efne dans une autobiographie publi\u00e9e jeudi et intitul\u00e9e Hj\u00e4rtslag (Heartbeats\u00a0: a memoir en anglais) et \u00e9voque son combat <a href=\"https:\/\/www.20minutes.fr\/sport\/26543-20040304-sport-le-revers-fiscal-de-bjorn-borg\" class=\"c-link c-link--is-underlined\" rel=\"nofollow noopener\" target=\"_blank\">contre ce qu\u2019il appelle ses \u00ab\u00a0d\u00e9mons\u00a0\u00bb<\/a>.<\/p>\n<p>\u00ab\u00a0La premi\u00e8re fois que j\u2019ai essay\u00e9 la coca\u00efne, j\u2019ai ressenti un coup de fouet aussi fort que ce que le tennis m\u2019avait donn\u00e9 autrefois\u00a0\u00bb, \u00e9crit-il \u00e0 propos de sa premi\u00e8re prise, au d\u00e9but des ann\u00e9es\u00a01980, dans la mythique discoth\u00e8que new-yorkaise Studio 54.<\/p>\n<p>Descente de drogue et malaise<\/p>\n<p>Ses pires ann\u00e9es de d\u00e9pendance se d\u00e9roulent \u00e0 Milan alors qu\u2019il est mari\u00e9 \u00e0 la chanteuse italienne Loredana Bert\u00e8. \u00ab\u00a0Nous (lui et son ex-\u00e9pouse) avions de mauvaises fr\u00e9quentations et [\u2026] la drogue et les pilules (\u00e9taient) \u00e0 port\u00e9e de main, l\u00e0, j\u2019\u00e9tais plong\u00e9 dans les t\u00e9n\u00e8bres les plus profondes\u00a0\u00bb, raconte-t-il.<\/p>\n<\/p>\n<p>En\u00a01996, il s\u2019effondre, \u00e0 cause d\u2019une s\u00e9v\u00e8re descente de drogue, sur un pont au Pays-Bas juste avant un match v\u00e9t\u00e9ran. Quand il se r\u00e9veille \u00e0 l\u2019h\u00f4pital, son p\u00e8re se tient devant lui. \u00ab\u00a0Il ne disait rien, c\u2019\u00e9tait tellement embarrassant, se rem\u00e9more-t-il jeudi dans l\u2019\u00e9mission Skavlan sur la cha\u00eene publique SVT. J\u2019avais honte comme un chien\u00a0\u00bb.<\/p>\n<p>Borg a eu un cancer de la prostate<\/p>\n<p>Il r\u00e9v\u00e8le \u00e9galement dans son livre <a href=\"https:\/\/www.20minutes.fr\/sport\/tennis\/4171417-20250905-tennis-bjorn-borg-revele-etre-remission-cancer-prostate-extremement-agressif\" class=\"c-link c-link--is-underlined\" rel=\"nofollow noopener\" target=\"_blank\">avoir eu un cancer de la prostate<\/a>, d\u00e9couvert en septembre\u00a02023. \u00ab\u00a0Le risque de propagation existe, et c\u2019est quelque chose avec lequel je vais devoir vivre pendant un certain temps, dans l\u2019angoisse de savoir, tous les six mois, si le cancer a \u00e9t\u00e9 d\u00e9tect\u00e9 \u00e0 temps\u00a0\u00bb, relate le d\u00e9tenteur de 11 titres en Grand Chelem, <a href=\"https:\/\/www.20minutes.fr\/sport\/roland-garros\/\" class=\"c-link c-link--is-underlined\" rel=\"nofollow noopener\" target=\"_blank\">dont six Roland-Garros<\/a>.<\/p>\n<p>A Skavlan, il assure aujourd\u2019hui bien se porter, et faire du sport tous les jours. \u00ab\u00a0Je n\u2019ai pas jou\u00e9 au tennis depuis six ans\u00a0\u00bb, admet-il toutefois.<\/p>\n","protected":false},"excerpt":{"rendered":"Jouer au plus pr\u00e8s des lignes est un pr\u00e9requis pour jouer un tennis de haut niveau. En revanche,&hellip;\n","protected":false},"author":2,"featured_media":401976,"comment_status":"","ping_status":"","sticky":false,"template":"","format":"standard","meta":{"footnotes":""},"categories":[1359],"tags":[3993,58,1052,59,1011,27,973,517,7199,1467],"class_list":{"0":"post-401975","1":"post","2":"type-post","3":"status-publish","4":"format-standard","5":"has-post-thumbnail","7":"category-people","8":"tag-cocaine","9":"tag-divertissement","10":"tag-drogue","11":"tag-entertainment","12":"tag-fr","13":"tag-france","14":"tag-people","15":"tag-sport","16":"tag-suede","17":"tag-tennis"},"share_on_mastodon":{"url":"https:\/\/pubeurope.com\/@fr\/115230104879221174","error":""},"_links":{"self":[{"href":"https:\/\/www.europesays.com\/fr\/wp-json\/wp\/v2\/posts\/401975","targetHints":{"allow":["GET"]}}],"collection":[{"href":"https:\/\/www.europesays.com\/fr\/wp-json\/wp\/v2\/posts"}],"about":[{"href":"https:\/\/www.europesays.com\/fr\/wp-json\/wp\/v2\/types\/post"}],"author":[{"embeddable":true,"href":"https:\/\/www.europesays.com\/fr\/wp-json\/wp\/v2\/users\/2"}],"replies":[{"embeddable":true,"href":"https:\/\/www.europesays.com\/fr\/wp-json\/wp\/v2\/comments?post=401975"}],"version-history":[{"count":0,"href":"https:\/\/www.europesays.com\/fr\/wp-json\/wp\/v2\/posts\/401975\/revisions"}],"wp:featuredmedia":[{"embeddable":true,"href":"https:\/\/www.europesays.com\/fr\/wp-json\/wp\/v2\/media\/401976"}],"wp:attachment":[{"href":"https:\/\/www.europesays.com\/fr\/wp-json\/wp\/v2\/media?parent=401975"}],"wp:term":[{"taxonomy":"category","embeddable":true,"href":"https:\/\/www.europesays.com\/fr\/wp-json\/wp\/v2\/categories?post=401975"},{"taxonomy":"post_tag","embeddable":true,"href":"https:\/\/www.europesays.com\/fr\/wp-json\/wp\/v2\/tags?post=401975"}],"curies":[{"name":"wp","href":"https:\/\/api.w.org\/{rel}","templated":true}]}}