{"id":401977,"date":"2025-09-19T08:50:27","date_gmt":"2025-09-19T08:50:27","guid":{"rendered":"https:\/\/www.europesays.com\/fr\/401977\/"},"modified":"2025-09-19T08:50:27","modified_gmt":"2025-09-19T08:50:27","slug":"le-photographe-bruno-guenard-na-pas-peur-de-plonger-en-eaux-troubles","status":"publish","type":"post","link":"https:\/\/www.europesays.com\/fr\/401977\/","title":{"rendered":"le photographe Bruno Gu\u00e9nard n\u2019a pas peur de plonger en eaux troubles"},"content":{"rendered":"<p>Dans le silence des rivi\u00e8res fran\u00e7aises, Bruno Gu\u00e9nard plonge l\u00e0 o\u00f9 le regard ne va jamais. Son objectif capte la vie invisible, celle que l\u2019on oublie trop souvent.<\/p>\n<p>Depuis trente ans, il explore les eaux douces de France pour photographier la faune et la flore aquatique avec une passion rare et une rigueur presque scientifique. Autodidacte passionn\u00e9, ce consultant en informatique de m\u00e9tier a d\u00e9couvert la photographie subaquatique apr\u00e8s un bapt\u00eame de plong\u00e9e sur l\u2019\u00eele d\u2019Ol\u00e9ron, en 1995. \u00ab\u00a0Mes parents ont une maison l\u00e0-bas. J\u2019ai pass\u00e9 tous mes niveaux jusqu\u2019au monitorat. Au fond de l\u2019eau, je voyais des choses mais je ne remontais rien. Alors, j\u2019ai achet\u00e9 un petit appareil num\u00e9rique et c\u2019est parti comme \u00e7a&#8230;. <\/p>\n<p>    Cet article a \u00e9t\u00e9 tronqu\u00e9. Abonnez-vous pour lire l&rsquo;article complet sur notre site.<\/p>\n<p>\u00a0\u00bb<\/p>\n<p style=\"margin: 0 !important; padding: 0 !important; font-size: 12px !important;\">Cet article a \u00e9t\u00e9 tronqu\u00e9. Abonnez-vous pour lire l&rsquo;article complet.<\/p>\n<p>    <a href=\"https:\/\/www.lanouvellerepublique.fr\/abonnements\" style=\"display: inline-block; margin-top: 5px !important; padding: 6px 12px !important; background: #cb1c27; color: white; text-decoration: none; border-radius: 4px; font-size: 12px !important;\" target=\"_blank\" rel=\"noopener\"><br \/>\n      S&rsquo;abonner<br \/>\n    <\/a><\/p>\n","protected":false},"excerpt":{"rendered":"Dans le silence des rivi\u00e8res fran\u00e7aises, Bruno Gu\u00e9nard plonge l\u00e0 o\u00f9 le regard ne va jamais. Son objectif&hellip;\n","protected":false},"author":2,"featured_media":401978,"comment_status":"","ping_status":"","sticky":false,"template":"","format":"standard","meta":{"footnotes":""},"categories":[1358],"tags":[1392,1348,1384,1385,53330,1386,58,59,436,1011,27,4368,1393],"class_list":{"0":"post-401977","1":"post","2":"type-post","3":"status-publish","4":"format-standard","5":"has-post-thumbnail","7":"category-arts-et-design","8":"tag-a-la-une-local","9":"tag-arts","10":"tag-arts-and-design","11":"tag-arts-et-design","12":"tag-couffy","13":"tag-design","14":"tag-divertissement","15":"tag-entertainment","16":"tag-environnement","17":"tag-fr","18":"tag-france","19":"tag-loir-et-cher","20":"tag-loisirs"},"share_on_mastodon":{"url":"https:\/\/pubeurope.com\/@fr\/115230108761777692","error":""},"_links":{"self":[{"href":"https:\/\/www.europesays.com\/fr\/wp-json\/wp\/v2\/posts\/401977","targetHints":{"allow":["GET"]}}],"collection":[{"href":"https:\/\/www.europesays.com\/fr\/wp-json\/wp\/v2\/posts"}],"about":[{"href":"https:\/\/www.europesays.com\/fr\/wp-json\/wp\/v2\/types\/post"}],"author":[{"embeddable":true,"href":"https:\/\/www.europesays.com\/fr\/wp-json\/wp\/v2\/users\/2"}],"replies":[{"embeddable":true,"href":"https:\/\/www.europesays.com\/fr\/wp-json\/wp\/v2\/comments?post=401977"}],"version-history":[{"count":0,"href":"https:\/\/www.europesays.com\/fr\/wp-json\/wp\/v2\/posts\/401977\/revisions"}],"wp:featuredmedia":[{"embeddable":true,"href":"https:\/\/www.europesays.com\/fr\/wp-json\/wp\/v2\/media\/401978"}],"wp:attachment":[{"href":"https:\/\/www.europesays.com\/fr\/wp-json\/wp\/v2\/media?parent=401977"}],"wp:term":[{"taxonomy":"category","embeddable":true,"href":"https:\/\/www.europesays.com\/fr\/wp-json\/wp\/v2\/categories?post=401977"},{"taxonomy":"post_tag","embeddable":true,"href":"https:\/\/www.europesays.com\/fr\/wp-json\/wp\/v2\/tags?post=401977"}],"curies":[{"name":"wp","href":"https:\/\/api.w.org\/{rel}","templated":true}]}}