{"id":401979,"date":"2025-09-19T08:51:11","date_gmt":"2025-09-19T08:51:11","guid":{"rendered":"https:\/\/www.europesays.com\/fr\/401979\/"},"modified":"2025-09-19T08:51:11","modified_gmt":"2025-09-19T08:51:11","slug":"sibylle-grimbert-couronne-de-pnines-liberation","status":"publish","type":"post","link":"https:\/\/www.europesays.com\/fr\/401979\/","title":{"rendered":"Sibylle Grimbert, couronne de Pnines \u2013 Lib\u00e9ration"},"content":{"rendered":"<p class=\"sc-cPiKLX AiZTS text-element\">Les \u00e9ditions Premier Parall\u00e8le ont eu l\u2019id\u00e9e d\u2019une collection, \u00abla Vie r\u00eav\u00e9e des personnages\u00bb, o\u00f9 les h\u00e9ros de romans ne restent pas cantonn\u00e9s dans la fiction ni les humains qui les lisent dans la r\u00e9alit\u00e9, ainsi ils peuvent mieux se rencontrer et entretenir une relation plus \u00e9galitaire. Sibylle Grimbert, n\u00e9e en 1967 et autrice entre autres du <a href=\"https:\/\/www.liberation.fr\/culture\/livres\/sibylle-grimbert-lage-du-glas-20220828_3ZOAX6UTO5FR5GW6MT2URGVK7A\/\" target=\"_blank\" rel=\"noopener\" title=\"https:\/\/www.liberation.fr\/culture\/livres\/sibylle-grimbert-lage-du-glas-20220828_3ZOAX6UTO5FR5GW6MT2URGVK7A\/\">Dernier des siens<\/a> (Anne Carri\u00e8re, 2022), s\u2019est ainsi projet\u00e9e Au pays des Pnines, Timofe\u00ef (ou Timofey, d\u2019ailleurs Sibylle Grimbert nous parle des y jusque dans son propre pr\u00e9nom) Pnine \u00e9tant le h\u00e9ros de Pnine, roman de Vladimir Nabokov paru aux Etats-Unis en 1957. (Le volume suivant, d\u00fb \u00e0 Alexis Jenni, prix Goncourt 2011, s\u2019intitulera Suivre Laureline, Laureline \u00e9tant la compagne en BD et en dessin anim\u00e9 de Val\u00e9rian, de Jean-Claude M\u00e9zi\u00e8res et Pierre Christin.) C\u2019est un lieu commun de consid\u00e9rer les livres comme des amis. Mais pas n\u2019importe quels amis, \u00e9crit Proust dans \u00abJourn\u00e9es de lecture\u00bb \u2014 de bons. \u00abCes amis-l\u00e0, si nous passons la soir\u00e9e avec eux, c\u2019est vraiment que nous en avons envie. Eux, du moins, nous ne les quittons souvent qu\u2019\u00e0 regret.\u00bb Mais ici il ne s\u2019agit pas que d\u2019amis, on est face \u00e0 des esp\u00e8ces de compatriotes psychologique <\/p>\n","protected":false},"excerpt":{"rendered":"Les \u00e9ditions Premier Parall\u00e8le ont eu l\u2019id\u00e9e d\u2019une collection, \u00abla Vie r\u00eav\u00e9e des personnages\u00bb, o\u00f9 les h\u00e9ros de&hellip;\n","protected":false},"author":2,"featured_media":401980,"comment_status":"","ping_status":"","sticky":false,"template":"","format":"standard","meta":{"footnotes":""},"categories":[1357],"tags":[1379,10488,53331,58,59,1011,27,1380],"class_list":{"0":"post-401979","1":"post","2":"type-post","3":"status-publish","4":"format-standard","5":"has-post-thumbnail","7":"category-livres","8":"tag-books","9":"tag-cahier-livres","10":"tag-comment-ca-secrit","11":"tag-divertissement","12":"tag-entertainment","13":"tag-fr","14":"tag-france","15":"tag-livres"},"share_on_mastodon":{"url":"https:\/\/pubeurope.com\/@fr\/115230112703090468","error":""},"_links":{"self":[{"href":"https:\/\/www.europesays.com\/fr\/wp-json\/wp\/v2\/posts\/401979","targetHints":{"allow":["GET"]}}],"collection":[{"href":"https:\/\/www.europesays.com\/fr\/wp-json\/wp\/v2\/posts"}],"about":[{"href":"https:\/\/www.europesays.com\/fr\/wp-json\/wp\/v2\/types\/post"}],"author":[{"embeddable":true,"href":"https:\/\/www.europesays.com\/fr\/wp-json\/wp\/v2\/users\/2"}],"replies":[{"embeddable":true,"href":"https:\/\/www.europesays.com\/fr\/wp-json\/wp\/v2\/comments?post=401979"}],"version-history":[{"count":0,"href":"https:\/\/www.europesays.com\/fr\/wp-json\/wp\/v2\/posts\/401979\/revisions"}],"wp:featuredmedia":[{"embeddable":true,"href":"https:\/\/www.europesays.com\/fr\/wp-json\/wp\/v2\/media\/401980"}],"wp:attachment":[{"href":"https:\/\/www.europesays.com\/fr\/wp-json\/wp\/v2\/media?parent=401979"}],"wp:term":[{"taxonomy":"category","embeddable":true,"href":"https:\/\/www.europesays.com\/fr\/wp-json\/wp\/v2\/categories?post=401979"},{"taxonomy":"post_tag","embeddable":true,"href":"https:\/\/www.europesays.com\/fr\/wp-json\/wp\/v2\/tags?post=401979"}],"curies":[{"name":"wp","href":"https:\/\/api.w.org\/{rel}","templated":true}]}}