{"id":401999,"date":"2025-09-19T09:01:11","date_gmt":"2025-09-19T09:01:11","guid":{"rendered":"https:\/\/www.europesays.com\/fr\/401999\/"},"modified":"2025-09-19T09:01:11","modified_gmt":"2025-09-19T09:01:11","slug":"au-coeur-du-camp-domar-omsen-le-dernier-charlot-du-jihad-francais-liberation","status":"publish","type":"post","link":"https:\/\/www.europesays.com\/fr\/401999\/","title":{"rendered":"au c\u0153ur du camp d\u2019Omar Omsen, le dernier \u00abcharlot du jihad\u00bb fran\u00e7ais \u2013 Lib\u00e9ration"},"content":{"rendered":"<p class=\"sc-cPiKLX AiZTS text-element\">\u00abBonjour ? Ah, c\u2019est pas courant d\u2019entendre ce mot par ici !\u00bb La surprise est \u00e0 la mesure de cette phrase, lanc\u00e9e dans un fran\u00e7ais impeccable derri\u00e8re la porte en fer d\u2019un camp perdu dans une vall\u00e9e rocailleuse au nord de la ville de Harim, adoss\u00e9e \u00e0 la fronti\u00e8re turco-syrienne. Celui qui l\u2019articule se tient l\u00e0, pantacourt kaki et chapeau safari bien viss\u00e9, camp\u00e9 dans l\u2019entreb\u00e2illement du portail encombr\u00e9 de d\u00e9chets et de couches usag\u00e9es. C\u2019est dans ce repaire isol\u00e9 que vivent plus d\u2019une centaine de francophones : environ 70 hommes jihadistes, accompagn\u00e9s de leurs femmes et enfants. <\/p>\n<p class=\"sc-cPiKLX AiZTS text-element\">\u00abVous n\u2019avez pas pris de rendez-vous ?\u00bb reprend le jeune homme. C\u2019est pourtant le protocole si l\u2019on veut approcher \u00abl\u2019\u00e9mir\u00bb des lieux, Omar Diaby (plus connu sous son alias \u00abOmar Omsen\u00bb). Ce Franco-S\u00e9n\u00e9galais, petite cinquantaine, est le principal recruteur de combattants fran\u00e7ais en Syrie, responsable d\u2019au moins 200 d\u00e9parts depuis 2012. Il est 11 heures du matin, l\u2019agenda est serr\u00e9, le proche d\u2019Al-Qaeda s\u2019appr\u00eate \u00e0 faire une sieste. \u00abAttendez, je vais voir s\u2019il accepte de parler\u00bb, baragouine le gardien. <\/p>\n<p class=\"sc-cPiKLX AiZTS text-element\">Dix minutes s\u2019\u00e9coulent. La porte finit par s\u2019ouvrir sur une route \u00e9troite, ombrag\u00e9e de quelques arbres, qui serpente au milieu des cahutes blanchies \u00e0 l\u2019enduit. Et soudain, voici Diaby qui d\u00e9boule, en trottinette \u00e9lectrique. Les salutations sont br\u00e8ves, l\u2019\u0153il inquisiteur glissant par-dessus ses montures Emporio Armani. \u00abVous voyez ce camp ? On va y construire des villas pour <\/p>\n","protected":false},"excerpt":{"rendered":"\u00abBonjour ? Ah, c\u2019est pas courant d\u2019entendre ce mot par ici !\u00bb La surprise est \u00e0 la mesure&hellip;\n","protected":false},"author":2,"featured_media":402000,"comment_status":"","ping_status":"","sticky":false,"template":"","format":"standard","meta":{"footnotes":""},"categories":[4],"tags":[11,53333,23398,1011,27,53332,12,25,32],"class_list":{"0":"post-401999","1":"post","2":"type-post","3":"status-publish","4":"format-standard","5":"has-post-thumbnail","7":"category-france","8":"tag-actualites","9":"tag-al-qaeda","10":"tag-etat-islamique","11":"tag-fr","12":"tag-france","13":"tag-jihad","14":"tag-news","15":"tag-republique-francaise","16":"tag-syrie"},"share_on_mastodon":{"url":"https:\/\/pubeurope.com\/@fr\/115230152149751343","error":""},"_links":{"self":[{"href":"https:\/\/www.europesays.com\/fr\/wp-json\/wp\/v2\/posts\/401999","targetHints":{"allow":["GET"]}}],"collection":[{"href":"https:\/\/www.europesays.com\/fr\/wp-json\/wp\/v2\/posts"}],"about":[{"href":"https:\/\/www.europesays.com\/fr\/wp-json\/wp\/v2\/types\/post"}],"author":[{"embeddable":true,"href":"https:\/\/www.europesays.com\/fr\/wp-json\/wp\/v2\/users\/2"}],"replies":[{"embeddable":true,"href":"https:\/\/www.europesays.com\/fr\/wp-json\/wp\/v2\/comments?post=401999"}],"version-history":[{"count":0,"href":"https:\/\/www.europesays.com\/fr\/wp-json\/wp\/v2\/posts\/401999\/revisions"}],"wp:featuredmedia":[{"embeddable":true,"href":"https:\/\/www.europesays.com\/fr\/wp-json\/wp\/v2\/media\/402000"}],"wp:attachment":[{"href":"https:\/\/www.europesays.com\/fr\/wp-json\/wp\/v2\/media?parent=401999"}],"wp:term":[{"taxonomy":"category","embeddable":true,"href":"https:\/\/www.europesays.com\/fr\/wp-json\/wp\/v2\/categories?post=401999"},{"taxonomy":"post_tag","embeddable":true,"href":"https:\/\/www.europesays.com\/fr\/wp-json\/wp\/v2\/tags?post=401999"}],"curies":[{"name":"wp","href":"https:\/\/api.w.org\/{rel}","templated":true}]}}