{"id":402022,"date":"2025-09-19T09:18:25","date_gmt":"2025-09-19T09:18:25","guid":{"rendered":"https:\/\/www.europesays.com\/fr\/402022\/"},"modified":"2025-09-19T09:18:25","modified_gmt":"2025-09-19T09:18:25","slug":"basket-en-n2-un-nouvel-avenir-pour-les-filles-de-rennes","status":"publish","type":"post","link":"https:\/\/www.europesays.com\/fr\/402022\/","title":{"rendered":"Basket. En N2, un nouvel Avenir pour les filles de Rennes"},"content":{"rendered":"<p>Certains dans le petit \u201cgrand\u201d monde du basket bretillien ont pens\u00e9 au cataclysme quand l\u2019Avenir de Rennes, une des figures de proue du basket breton f\u00e9minin derri\u00e8re l\u2019\u00e9lite de Landerneau, quittait la Nationale 2.<\/p>\n<p>Une d\u00e9cision complexe mais pour se relancer en Nationale 3 et aseptiser \u00e0 la fois les finances et l\u2019organisation du club, comme le souligne Charline Lareur copr\u00e9sidente de la section basket, \u00ab\u00a0<strong>Nous avons \u00e9t\u00e9 rel\u00e9gu\u00e9s en NF3 \u00e0 la fin de la saison 2023-2024. Un coup de massue pour nous puisque sportivement, nous \u00e9tions en lisse pour le rep\u00eachage. Mais cette d\u00e9cision f\u00e9d\u00e9rale nous a finalement permis de faire le point. L\u2019enjeu \u00e9tait de retrouver ce qui faisait l\u2019Avenir de Rennes. Un retour aux fondamentaux pour pr\u00e9parer l\u2019avenir, il faut miser sur la jeunesse, et les faire r\u00eaver avec des f\u00e9minines performantes.\u00a0\u00bb<\/strong><\/p>\n<p><strong>\u00ab\u00a0On a su rester humble mais ambitieux\u00a0\u00bb<\/strong><\/p>\n<p>Les mots peuvent \u00eatre lourds mais dans le contexte sportif des derni\u00e8res ann\u00e9es, il est ad\u00e9quat. Des subventions disparates entre sport f\u00e9minin et masculin et m\u00eame absentes du fait de politiques loin de comprendre l\u2019essence m\u00eame de ce que repr\u00e9sente le mot sport, mais ceci est un autre sujet.<\/p>\n<p>N\u00e9anmoins, dans ce brouhaha, une bonne nouvelle, la remont\u00e9e en Nationale 2\u00a0pour l\u2019Avenir de Rennes, de quoi redonner le sourire aux joueuses qui ont gagn\u00e9 ce droit sur le terrain, au staff qui a su mener \u00e0 bien sa mission, au club et sa remise en question avec en ligne de mire un nouveau projet. <strong>\u00ab\u00a0La saison a \u00e9t\u00e9 riche en enseignements, il fallait retrouver le plaisir du jeu, du terrain de sa passion. On a su rester humble mais ambitieux et cela nous a souri.\u00a0\u00bb<\/strong><\/p>\n<p>La premi\u00e8re rencontre pour les Rennaises se d\u00e9roule sur le terrain de Chartres, face aux espoirs. Un adversaire qui entend bien mettre en avant le futur du club en \u00e9lite. Malgr\u00e9 tout Rennes se veut conqu\u00e9rant, avec un effectif \u00e9toff\u00e9 et une structure staff plus compl\u00e8te. L\u2019objectif cette saison est clair selon la copr\u00e9sidente, <strong>\u00ab\u00a0le maintien est l\u2019objectif principal, j\u2019aime dire que seul le terrain dit la v\u00e9rit\u00e9, le groupe donnera tout pour atteindre cet objectif.\u00a0\u00bb<\/strong><\/p>\n<p>\u00a0<\/p>\n","protected":false},"excerpt":{"rendered":"Certains dans le petit \u201cgrand\u201d monde du basket bretillien ont pens\u00e9 au cataclysme quand l\u2019Avenir de Rennes, une&hellip;\n","protected":false},"author":2,"featured_media":402023,"comment_status":"","ping_status":"","sticky":false,"template":"","format":"standard","meta":{"footnotes":""},"categories":[2821],"tags":[1111,11,3232,1465,829,1777,674,10485,1011,27,46932,12,10542,584,25],"class_list":{"0":"post-402022","1":"post","2":"type-post","3":"status-publish","4":"format-standard","5":"has-post-thumbnail","7":"category-rennes","8":"tag-actu","9":"tag-actualites","10":"tag-avenir","11":"tag-basket","12":"tag-bretagne","13":"tag-eu","14":"tag-europe","15":"tag-filles","16":"tag-fr","17":"tag-france","18":"tag-n2","19":"tag-news","20":"tag-nouvel","21":"tag-rennes","22":"tag-republique-francaise"},"share_on_mastodon":{"url":"https:\/\/pubeurope.com\/@fr\/115230218964292891","error":""},"_links":{"self":[{"href":"https:\/\/www.europesays.com\/fr\/wp-json\/wp\/v2\/posts\/402022","targetHints":{"allow":["GET"]}}],"collection":[{"href":"https:\/\/www.europesays.com\/fr\/wp-json\/wp\/v2\/posts"}],"about":[{"href":"https:\/\/www.europesays.com\/fr\/wp-json\/wp\/v2\/types\/post"}],"author":[{"embeddable":true,"href":"https:\/\/www.europesays.com\/fr\/wp-json\/wp\/v2\/users\/2"}],"replies":[{"embeddable":true,"href":"https:\/\/www.europesays.com\/fr\/wp-json\/wp\/v2\/comments?post=402022"}],"version-history":[{"count":0,"href":"https:\/\/www.europesays.com\/fr\/wp-json\/wp\/v2\/posts\/402022\/revisions"}],"wp:featuredmedia":[{"embeddable":true,"href":"https:\/\/www.europesays.com\/fr\/wp-json\/wp\/v2\/media\/402023"}],"wp:attachment":[{"href":"https:\/\/www.europesays.com\/fr\/wp-json\/wp\/v2\/media?parent=402022"}],"wp:term":[{"taxonomy":"category","embeddable":true,"href":"https:\/\/www.europesays.com\/fr\/wp-json\/wp\/v2\/categories?post=402022"},{"taxonomy":"post_tag","embeddable":true,"href":"https:\/\/www.europesays.com\/fr\/wp-json\/wp\/v2\/tags?post=402022"}],"curies":[{"name":"wp","href":"https:\/\/api.w.org\/{rel}","templated":true}]}}