{"id":402024,"date":"2025-09-19T09:19:18","date_gmt":"2025-09-19T09:19:18","guid":{"rendered":"https:\/\/www.europesays.com\/fr\/402024\/"},"modified":"2025-09-19T09:19:18","modified_gmt":"2025-09-19T09:19:18","slug":"lacquisition-du-fort-joffre-divise-le-conseil-municipal","status":"publish","type":"post","link":"https:\/\/www.europesays.com\/fr\/402024\/","title":{"rendered":"l\u2019acquisition du fort Joffre divise le conseil municipal"},"content":{"rendered":"<p>\u00c0 l\u2019\u00e9cart du village, \u00e0 mi-chemin entre Holtzheim et Lingolsheim, camoufl\u00e9 par la v\u00e9g\u00e9tation et de hauts murs en moellon de gr\u00e8s, le fort Joffre a beaucoup fait parler de lui en 2022\u00a0: sur son emprise (mais hors les murs), l\u2019\u00c9tat envisageait <a href=\"https:\/\/www.dna.fr\/politique\/2022\/08\/18\/l-etat-envisage-un-centre-d-hebergement-d-urgence-sur-le-site-du-fort-joffre\" target=\"_blank\" rel=\"nofollow noopener\"> l\u2019am\u00e9nagement d\u2019un centre d\u2019h\u00e9bergement d\u2019urgence<\/a> , qui a suscit\u00e9 une <a href=\"https:\/\/www.dna.fr\/politique\/2022\/09\/07\/centre-d-hebergement-d-urgence-le-conseil-municipal-vote-contre\" target=\"_blank\" rel=\"nofollow noopener\">vive opposition<\/a> dans la commune. D\u00e9sormais, il veut se s\u00e9parer de l\u2019ouvrage militaire construit entre\u00a01872 et\u00a01875, mais pas de tout le site, qui s\u2019\u00e9tend sur environ 12\u00a0ha.<\/p>\n<p>\u00ab\u00a0L\u2019\u00c9tat a fait savoir en 2023 \u00e0 la commune son intention de vendre le fort sur 8\u00a0hectares ; des \u00e9lus municipaux ont donc pr\u00e9par\u00e9 le dossier, nous avons visit\u00e9 d\u2019autres forts, \u00e9valu\u00e9 le montant des assurances\u2026 L\u2019\u00c9tat a fini par nous envoyer les documents qui nous permettent d\u2019exercer notre droit de priorit\u00e9\u00a0: nous avions deux mois pour nous prononcer. En cas de renoncement \u00e0 l\u2019achat, il pouvait se tourner vers d\u2019autres acqu\u00e9reurs, c\u2019\u00e9tait notre derni\u00e8re chance de&#8230;<\/p>\n","protected":false},"excerpt":{"rendered":"\u00c0 l\u2019\u00e9cart du village, \u00e0 mi-chemin entre Holtzheim et Lingolsheim, camoufl\u00e9 par la v\u00e9g\u00e9tation et de hauts murs&hellip;\n","protected":false},"author":2,"featured_media":402025,"comment_status":"","ping_status":"","sticky":false,"template":"","format":"standard","meta":{"footnotes":""},"categories":[2820],"tags":[1111,11,2389,2649,1984,1687,2880,4188,1777,674,107,1011,27,775,24065,12,2661,316,25,640,3089],"class_list":{"0":"post-402024","1":"post","2":"type-post","3":"status-publish","4":"format-standard","5":"has-post-thumbnail","7":"category-strasbourg","8":"tag-actu","9":"tag-actualites","10":"tag-alsace","11":"tag-bas-rhin","12":"tag-conseil-municipal","13":"tag-culture-loisirs","14":"tag-edition-strasbourg","15":"tag-elections-municipales","16":"tag-eu","17":"tag-europe","18":"tag-fil-info","19":"tag-fr","20":"tag-france","21":"tag-grand-est","22":"tag-holtzheim","23":"tag-news","24":"tag-patrimoine-culturel","25":"tag-politique","26":"tag-republique-francaise","27":"tag-strasbourg","28":"tag-strasbourg-sud"},"share_on_mastodon":{"url":"https:\/\/pubeurope.com\/@fr\/115230222795119461","error":""},"_links":{"self":[{"href":"https:\/\/www.europesays.com\/fr\/wp-json\/wp\/v2\/posts\/402024","targetHints":{"allow":["GET"]}}],"collection":[{"href":"https:\/\/www.europesays.com\/fr\/wp-json\/wp\/v2\/posts"}],"about":[{"href":"https:\/\/www.europesays.com\/fr\/wp-json\/wp\/v2\/types\/post"}],"author":[{"embeddable":true,"href":"https:\/\/www.europesays.com\/fr\/wp-json\/wp\/v2\/users\/2"}],"replies":[{"embeddable":true,"href":"https:\/\/www.europesays.com\/fr\/wp-json\/wp\/v2\/comments?post=402024"}],"version-history":[{"count":0,"href":"https:\/\/www.europesays.com\/fr\/wp-json\/wp\/v2\/posts\/402024\/revisions"}],"wp:featuredmedia":[{"embeddable":true,"href":"https:\/\/www.europesays.com\/fr\/wp-json\/wp\/v2\/media\/402025"}],"wp:attachment":[{"href":"https:\/\/www.europesays.com\/fr\/wp-json\/wp\/v2\/media?parent=402024"}],"wp:term":[{"taxonomy":"category","embeddable":true,"href":"https:\/\/www.europesays.com\/fr\/wp-json\/wp\/v2\/categories?post=402024"},{"taxonomy":"post_tag","embeddable":true,"href":"https:\/\/www.europesays.com\/fr\/wp-json\/wp\/v2\/tags?post=402024"}],"curies":[{"name":"wp","href":"https:\/\/api.w.org\/{rel}","templated":true}]}}