{"id":402041,"date":"2025-09-19T09:28:10","date_gmt":"2025-09-19T09:28:10","guid":{"rendered":"https:\/\/www.europesays.com\/fr\/402041\/"},"modified":"2025-09-19T09:28:10","modified_gmt":"2025-09-19T09:28:10","slug":"cette-portion-dautoroute-situee-a-lest-de-toulouse-va-fermer-a-la-circulation-deux-nuits","status":"publish","type":"post","link":"https:\/\/www.europesays.com\/fr\/402041\/","title":{"rendered":"cette portion d&rsquo;autoroute situ\u00e9e \u00e0 l&rsquo;est de Toulouse va fermer \u00e0 la circulation deux nuits"},"content":{"rendered":"<p>            Par<br \/>\n        <strong><br \/>\n            <a href=\"https:\/\/actu.fr\/auteur\/valentine-gaxieu-actu-fr\" title=\"Consulter tous les articles de Valentine Gaxieu\" target=\"_blank\" rel=\"noopener\">Valentine Gaxieu<\/a><br \/>\n        <\/strong><\/p>\n<p>        Publi\u00e9 le<\/p>\n<p>            19 sept. 2025 \u00e0 11h16        <\/p>\n<p>Durant les nuits des<b> lundi\u00a022<\/b> <b>et<\/b> <b>mardi 23\u00a0septembre 2025<\/b>, Vinci Autoroutes effectuera des <b>travaux de maintenance<\/b> sur l\u2019A66, entre l\u2019\u00e9changeur de <a href=\"https:\/\/actu.fr\/occitanie\/nailloux_31396\" target=\"_blank\" rel=\"noopener\">Nailloux<\/a> (n\u00b0\u00a01) et la bifurcation A61-A66, dans le cadre de son programme d\u2019entretien du r\u00e9seau.<\/p>\n<p class=\" wall-content\">Pour limiter la g\u00eane occasionn\u00e9e, ces travaux se d\u00e9rouleront de nuit, <b>de 20\u2009h \u00e0 7\u2009h le lendemain<\/b>. Durant cette p\u00e9riode, la bifurcation A61 \u2013 A66 et l\u2019A66 (jusqu\u2019\u00e0 Nailloux) <b>seront ferm\u00e9es<\/b>. Des <b>itin\u00e9raires de d\u00e9viation<\/b> seront mis en place.<\/p>\n<p>Lundi 22\u00a0septembre<\/p>\n<p class=\" wall-content\">Durant la nuit du lundi 22 au mardi 23 septembre, <b>entre 20\u2009h et 7\u2009h<\/b>, les bretelles de la bifurcation A61-A66 <b>seront ferm\u00e9es en direction de Pamiers<\/b>, depuis Toulouse et Narbonne.<\/p>\n<p class=\" wall-content\">En cons\u00e9quence, les conducteurs circulant sur l\u2019A61 depuis Narbonne et souhaitant emprunter la bifurcation A61-A66 en direction de Pamiers seront invit\u00e9s \u00e0 <b>sortir \u00e0 Villefranche-de-Lauragais (n\u00b0 20) pour reprendre l\u2019A66 \u00e0 Nailloux (n\u00b0 1).<\/b><\/p>\n<p class=\" wall-content\">Les conducteurs circulant sur l\u2019A61 depuis Toulouse et souhaitant emprunter la bifurcation A61-A66 en direction de Pamiers devront \u00e0 <b>sortir \u00e0 Montgiscard (n\u00b0 19.1) pour reprendre l\u2019A66 \u00e0 Nailloux (n\u00b0 1).<\/b><\/p>\n<p>Vid\u00e9os : en ce moment sur ActuMardi 23\u00a0septembre<\/p>\n<p class=\" wall-content\">La nuit du mardi 23 au mercredi 24 septembre,<b> entre 21\u2009h et 7\u2009h<\/b>, l\u2019A66 sera ferm\u00e9e entre l\u2019\u00e9changeur de Nailloux (n\u00b0\u00a01) et la bifurcation A61-A66 en direction de Toulouse et Narbonne. La bretelle d\u2019acc\u00e8s de l\u2019\u00e9changeur de Nailloux (n\u00b0\u00a01) en direction de Toulouse et Narbonne sera ferm\u00e9e<b> d\u00e8s 20\u2009h\u200930<\/b>.<\/p>\n<p>Votre r\u00e9gion, votre actu !<\/p>\n<p>Recevez chaque jour les infos qui comptent pour vous.<\/p>\n<p>\t<a href=\"https:\/\/actu.fr\/newsletter\" class=\"ac-btn ac-btn--corner ac-btn--medium ac-btn--blue800\" target=\"_blank\" rel=\"noopener\">S&rsquo;incrire<\/a><\/p>\n<p class=\" wall-content\">Les conducteurs circulant sur l\u2019A66 en direction de Toulouse ou Narbonne seront invit\u00e9s \u00e0 <b>sortir \u00e0 Nailloux (n\u00b0 1) pour reprendre l\u2019A61 \u00e0 Montgiscard (n\u00b0 19.1) ou Villefranche-de-Lauragais (n\u00b0 20).<\/b><\/p>\n<p class=\" wall-content\">Il ne sera pas possible d\u2019entrer sur l\u2019A66 \u00e0 Nailloux (n\u00b0 1) pour prendre la direction de Toulouse ou Narbonne. Les automobilistes devront <b>emprunter le r\u00e9seau secondaire jusqu\u2019\u00e0 Villefranche-de-Lauragais (n\u00b0 20) ou Montgiscard (n\u00b0 19.1) <\/b>pour rejoindre l\u2019A61.<\/p>\n<p><b>Infos pratiques<\/b><br \/>Infos en temps r\u00e9el sur Radio Vinci Autoroutes (107.7), l\u2019application Ulys et le <a href=\"https:\/\/www.vinci-autoroutes.com\/fr\/\" target=\"_blank\" rel=\"noopener\">site internet<\/a>, ou par t\u00e9l\u00e9phone au 3605 (service gratuit 24\u2009h\/7).<\/p>\n<p class=\" wall-content\">Personnalisez votre actualit\u00e9 en ajoutant vos villes et m\u00e9dias en favori avec <a href=\"https:\/\/moncompte.actu.fr\" title=\"D\u00e9couvez Mon Actu\" rel=\"nofollow noopener\" data-trk=\"{&quot;cta&quot;:{&quot;action&quot;:&quot;https:\\\/\\\/moncompte.actu.fr&quot;,&quot;category&quot;:&quot;mon compte&quot;,&quot;from&quot;:&quot;article footer&quot;,&quot;name&quot;:&quot;Mon actu&quot;,&quot;type&quot;:&quot;cta&quot;}}\" target=\"_blank\">Mon Actu<\/a>.<\/p>\n","protected":false},"excerpt":{"rendered":"Par Valentine Gaxieu Publi\u00e9 le 19 sept. 2025 \u00e0 11h16 Durant les nuits des lundi\u00a022 et mardi 23\u00a0septembre&hellip;\n","protected":false},"author":2,"featured_media":402042,"comment_status":"","ping_status":"","sticky":false,"template":"","format":"standard","meta":{"footnotes":""},"categories":[2816],"tags":[1111,11,10437,3542,1777,674,1011,27,12,2680,25,104,2312,2086],"class_list":{"0":"post-402041","1":"post","2":"type-post","3":"status-publish","4":"format-standard","5":"has-post-thumbnail","7":"category-toulouse","8":"tag-actu","9":"tag-actualites","10":"tag-autoroute-61-a61","11":"tag-circulation","12":"tag-eu","13":"tag-europe","14":"tag-fr","15":"tag-france","16":"tag-news","17":"tag-occitanie","18":"tag-republique-francaise","19":"tag-societe","20":"tag-toulouse","21":"tag-travaux"},"share_on_mastodon":{"url":"https:\/\/pubeurope.com\/@fr\/115230258185184768","error":""},"_links":{"self":[{"href":"https:\/\/www.europesays.com\/fr\/wp-json\/wp\/v2\/posts\/402041","targetHints":{"allow":["GET"]}}],"collection":[{"href":"https:\/\/www.europesays.com\/fr\/wp-json\/wp\/v2\/posts"}],"about":[{"href":"https:\/\/www.europesays.com\/fr\/wp-json\/wp\/v2\/types\/post"}],"author":[{"embeddable":true,"href":"https:\/\/www.europesays.com\/fr\/wp-json\/wp\/v2\/users\/2"}],"replies":[{"embeddable":true,"href":"https:\/\/www.europesays.com\/fr\/wp-json\/wp\/v2\/comments?post=402041"}],"version-history":[{"count":0,"href":"https:\/\/www.europesays.com\/fr\/wp-json\/wp\/v2\/posts\/402041\/revisions"}],"wp:featuredmedia":[{"embeddable":true,"href":"https:\/\/www.europesays.com\/fr\/wp-json\/wp\/v2\/media\/402042"}],"wp:attachment":[{"href":"https:\/\/www.europesays.com\/fr\/wp-json\/wp\/v2\/media?parent=402041"}],"wp:term":[{"taxonomy":"category","embeddable":true,"href":"https:\/\/www.europesays.com\/fr\/wp-json\/wp\/v2\/categories?post=402041"},{"taxonomy":"post_tag","embeddable":true,"href":"https:\/\/www.europesays.com\/fr\/wp-json\/wp\/v2\/tags?post=402041"}],"curies":[{"name":"wp","href":"https:\/\/api.w.org\/{rel}","templated":true}]}}