{"id":402048,"date":"2025-09-19T09:32:21","date_gmt":"2025-09-19T09:32:21","guid":{"rendered":"https:\/\/www.europesays.com\/fr\/402048\/"},"modified":"2025-09-19T09:32:21","modified_gmt":"2025-09-19T09:32:21","slug":"qui-sont-ces-jeunes-francais-dingues-de-marche-a-pied","status":"publish","type":"post","link":"https:\/\/www.europesays.com\/fr\/402048\/","title":{"rendered":"qui sont ces jeunes Fran\u00e7ais dingues de marche \u00e0 pied ?"},"content":{"rendered":"<p>Partir de chez soi, sac au dos, et se laisser porter par les chemins. La marche s\u00e9duit de plus en plus de jeunes voyageurs, d\u00e9sireux de renouer avec la lenteur, la rencontre et la simplicit\u00e9. De Chartres au Puy-en-Velay, des sentiers corses jusqu\u2019aux chemins de Compostelle, tour d\u2019une France red\u00e9couverte pas \u00e0 pas.<\/p>\n<p class=\"fig-paragraph\">\u00abVoyager \u00e0 pied, c\u2019est l\u2019\u00e9loge de la lenteur.\u00bb Alexandre Ori, journaliste de 23 ans, est r\u00e9cemment devenu un amateur de ce type de voyage. \u00abQuand tu rentres en train apr\u00e8s ton p\u00e9riple et que la campagne d\u00e9file \u00e0 300 km\/h, tu te dis que tu passes \u00e0 c\u00f4t\u00e9 d\u2019une aventure\u00bb, songe-t-il. Avec un ami, il s\u2019est lanc\u00e9 en juin dernier sur les routes entre Chartres et le Puy-en-Velay. \u00ab\u00c0 pied, on a vu d\u00e9filer la France rurale dont les paysages changent selon l\u2019agriculture. On est pass\u00e9 des champs de bl\u00e9 \u00e0 perte de vue de la Beauce aux profondes for\u00eats, lacs, rivi\u00e8res et ch\u00e2teaux de la\u00a0<a href=\"http:\/\/www.lefigaro.fr\/voyages\/inspiration\/le-val-de-loire-une-decouverte-fleuve-20230915\" data-fig-type=\"Article\" data-gtm-custom-categorie=\"navigation\" data-gtm-custom-action=\"crossclick\" data-gtm-custom-label=\"Contextuel\" data-gtm-event=\"customEventSPE\" data-fig-domain=\"LEFIGARO\" target=\"_blank\" rel=\"noopener\">Sologne<\/a> \u00bb, se souvient-il \u00e9merveill\u00e9.<\/p>\n<p class=\"fig-body-link\">\n            \u00c0 lire aussi<br \/>\n        <a class=\"fig-body-link__link\" href=\"http:\/\/www.lefigaro.fr\/voyages\/conseils\/metro-boulot-rando-l-aventure-au-coin-de-la-rue-20250413\" data-fig-type=\"Article\" data-gtm-custom-categorie=\"navigation\" data-gtm-custom-action=\"crossclick\" data-gtm-custom-label=\"Contextuel\" data-gtm-event=\"customEventSPE\" data-fig-domain=\"LEFIGARO\" target=\"_blank\" rel=\"noopener\">Randonner en ville\u00a0: Marseille, Bordeaux ou Rennes, d\u00e9couverte des GR urbains<br \/>\n    <\/a>\n<\/p>\n<p>Se sentir ancr\u00e9<\/p>\n<p class=\"fig-paragraph\">De plus en plus de jeunes tentent de renouer avec ce mode de d\u00e9placement plus simple, plus lent. \u00abQuand on avance \u00e0 4 km\/h, on r\u00e9alise vraiment les distances, on a tout le temps de contempler, de s\u2019\u00e9merveiller\u2026\u00bb, raconte Astrid, 38 ans. Le but premier\u00a0: \u00abSe sentir ancr\u00e9 \u00e0 l\u2019endroit o\u00f9 l\u2019on est.\u00bb C\u2019est en Asie, lors de son\u00a0<a href=\"http:\/\/www.lefigaro.fr\/voyages\/guides\/un-ticket-cinq-continents-les-billets-tour-du-monde-sont-ils-vraiment-une-bonne-affaire-20250611\" data-fig-type=\"Article\" data-gtm-custom-categorie=\"navigation\" data-gtm-custom-action=\"crossclick\" data-gtm-custom-label=\"Contextuel\" data-gtm-event=\"customEventSPE\" data-fig-domain=\"LEFIGARO\" target=\"_blank\" rel=\"noopener\">tour du monde<\/a>\u00a0qu\u2019elle exp\u00e9rimente pour la premi\u00e8re fois la marche. De retour en France, elle s\u2019\u00e9lance d\u2019<a href=\"http:\/\/www.lefigaro.fr\/voyages\/guides\/la-belle-endormie-a-bien-change-pourquoi-orleans-devient-une-destination-ideale-pour-un-week-end-20240202\" data-fig-type=\"Article\" data-gtm-custom-categorie=\"navigation\" data-gtm-custom-action=\"crossclick\" data-gtm-custom-label=\"Contextuel\" data-gtm-event=\"customEventSPE\" data-fig-domain=\"LEFIGARO\" target=\"_blank\" rel=\"noopener\">Orl\u00e9ans\u00a0<\/a>\u00e0 Compostelle. Trois\u00a0<a href=\"http:\/\/www.lefigaro.fr\/voyages\/guides\/ils-ont-marche-jusqu-a-compostelle-et-trouve-bien-plus-qu-un-chemin-20250720\" data-fig-type=\"Article\" data-gtm-custom-categorie=\"navigation\" data-gtm-custom-action=\"crossclick\" data-gtm-custom-label=\"Contextuel\" data-gtm-event=\"customEventSPE\" data-fig-domain=\"LEFIGARO\" target=\"_blank\" rel=\"noopener\">itin\u00e9raires spirituels<\/a>\u00a0qu\u2019elle raconte dans son blog et son livre, \u00c0 pied sur les chemins de Compostelle, publi\u00e9 chez Lonely Planet. \u00abAu d\u00e9part, je n\u2019attendais rien, et c\u2019\u00e9tait magique. La deuxi\u00e8me fois, j\u2019avais peur d\u2019\u00eatre d\u00e9\u00e7ue, mais c\u2019\u00e9tait tout aussi fort.\u00bb La jeune femme insiste sur le \u00abluxe du temps\u00bb, qui bouleverse aussi le rapport au corps\u00a0: \u00ab\u00c0 pied, on se r\u00e9approprie ses sensations corporelles mises de c\u00f4t\u00e9 dans nos routines quotidiennes cadr\u00e9es\u00a0: manger quand on a faim, s\u2019arr\u00eater quand on est fatigu\u00e9.\u00bb<\/p>\n<p>                                    <a class=\"fig-a11y-skip a11y-hidden\" href=\"#fig-a11y-skip-main-inarticle\"><br \/>\n        Passer la publicit\u00e9<br \/>\n    <\/a><\/p>\n<p class=\"fig-paragraph\">C\u2019est aussi cette \u00abreconnexion au corps\u00bb qui pousse chaque mois L\u00e9a \u00e0 r\u00e9server un week-end de marche sur les sentiers de\u00a0<a href=\"http:\/\/www.lefigaro.fr\/voyages\/guides\/randonnee-dans-le-jura-baume-les-messieurs-une-reculee-entre-seille-et-terre-20250822\" data-fig-type=\"Article\" data-gtm-custom-categorie=\"navigation\" data-gtm-custom-action=\"crossclick\" data-gtm-custom-label=\"Contextuel\" data-gtm-event=\"customEventSPE\" data-fig-domain=\"LEFIGARO\" target=\"_blank\" rel=\"noopener\">randonn\u00e9e<\/a>. \u00abVivre une aventure ou une exp\u00e9rience, de d\u00e9couverte d\u2019un lieu, d\u2019une r\u00e9gion \u00e0 travers un effort physique\u00bb, pr\u00e9cise-t-elle. Pyr\u00e9n\u00e9es, Corse\u2026 Pour l\u2019enseignante-chercheure, la randonn\u00e9e permet aussi de profiter d\u2019un espace naturel sans avoir d\u2019impact d\u00e9vastateur sur la biodiversit\u00e9. \u00abLes vacances en avion ou en\u00a0<a href=\"http:\/\/www.lefigaro.fr\/voyages\/guides\/dormir-dans-un-van-face-aux-alpes-notre-road-trip-suisse-en-pleine-nature-20250726\" data-fig-type=\"Article\" data-gtm-custom-categorie=\"navigation\" data-gtm-custom-action=\"crossclick\" data-gtm-custom-label=\"Contextuel\" data-gtm-event=\"customEventSPE\" data-fig-domain=\"LEFIGARO\" target=\"_blank\" rel=\"noopener\">van<\/a> \u00a0nous font survoler les paysages. La randonn\u00e9e, au contraire, permet de moins consommer les espaces. \u00c7a cr\u00e9e une connexion directe avec le lieu, tes pieds touchent le sol, tu le ressens \u00e0 travers tes sens.\u00bb<\/p>\n<p class=\"fig-body-link\">\n            \u00c0 lire aussi<br \/>\n        <a class=\"fig-body-link__link\" href=\"http:\/\/www.lefigaro.fr\/voyages\/guides\/marcher-vers-compostelle-m-a-sauve-la-vie-ampute-d-une-jambe-herve-prepare-son-deuxieme-pelerinage-en-prothese-20240311\" data-fig-type=\"Article\" data-gtm-custom-categorie=\"navigation\" data-gtm-custom-action=\"crossclick\" data-gtm-custom-label=\"Contextuel\" data-gtm-event=\"customEventSPE\" data-fig-domain=\"LEFIGARO\" target=\"_blank\" rel=\"noopener\">\u00abMarcher vers Compostelle m\u2019a sauv\u00e9 la vie\u00bb: amput\u00e9 d\u2019une jambe, Herv\u00e9 pr\u00e9pare son deuxi\u00e8me p\u00e8lerinage en proth\u00e8se<br \/>\n    <\/a>\n<\/p>\n<p>La marche, un chemin vers l\u2019autre<\/p>\n<p class=\"fig-paragraph\">Si L\u00e9a appr\u00e9cie les moments de solitude que lui offre la marche en pleine nature, pour les autres voyageurs, marcher permet de se rendre disponible aux autres. Mehdi, alias Debbraahworld sur les r\u00e9seaux sociaux, en a fait son credo. Le trentenaire cumule environ 1,6 million d\u2019abonn\u00e9s depuis qu\u2019il a reli\u00e9 Paris \u00e0 Alger \u00e0 pied en 2022 et pr\u00e9pare d\u00e9j\u00e0 son prochain challenge pr\u00e9vu le 5 octobre. Enthousiaste, joyeux et avide d\u2019aventures, il partage ses longues marches en vid\u00e9o dans le but de lever des fonds pour plusieurs projets associatifs. \u00abMon premier voyage en 2015 a \u00e9t\u00e9 mon pr\u00e9f\u00e9r\u00e9. J\u2019ai dit \u00e0 mes parents que j\u2019allais chez un ami \u00e0 Marseille. En r\u00e9alit\u00e9, j\u2019ai march\u00e9 depuis Paris.\u00bb\u00a0<\/p>\n<p class=\"fig-paragraph\">Dix-sept jours plus tard, il s\u2019\u00e9croule en larmes devant le panneau de la cit\u00e9 phoc\u00e9enne. \u00abJ\u2019ai ressenti une lib\u00e9ration. Quand tu dis \u00ab\u00a0j\u2019ai march\u00e9 jusqu\u2019\u00e0 Marseille\u00a0\u00bb, \u00e7a change ton regard sur toi-m\u00eame.\u00bb Mais aussi sur les autres. Depuis, Mehdi a parcouru plus de 17.000 kilom\u00e8tres vers Venise, Lisbonne ou Alger. Et au-del\u00e0 de la performance, il retient surtout les visages qu\u2019il a crois\u00e9s. \u00abJ\u2019ai d\u00e9couvert l\u2019hospitalit\u00e9 des gens qui ne venaient pas du m\u00eame environnement que moi. \u00c0 deux reprises, des femmes m\u2019ont ouvert leur porte pour dormir. Elles m\u2019ont fait confiance\u00bb, se souvient-il, touch\u00e9. S\u2019il a connu des m\u00e9saventures, comme une nuit obscure pass\u00e9e aupr\u00e8s d\u2019une secte \u00e0 Saint-S\u00e9bastien, il n\u2019en garde pas d\u2019amertume. \u00abLa marche m\u2019a appris \u00e0 faire le deuil de mes \u00e9motions.\u00a0\u00bb Aujourd\u2019hui, il continue d\u2019avancer, toujours avec cette certitude\u00a0: \u00abIl y a plus de gens bien que de gens mauvais.\u00bb<\/p>\n<p class=\"fig-paragraph\">\u00abTu peux encha\u00eener des heures de refus, mais il suffit d\u2019une personne qui te fait confiance pour retrouver une \u00e9nergie incroyable\u00bb, confirme Alexandre. \u00c0 Montlu\u00e7on, le jeune homme et son ami ont fait face au frein social. \u00abMon c\u0153ur vous dit oui mais ma t\u00eate vous dit non\u00bb, leur a avou\u00e9 une dame alors qu\u2019ils cherchaient un h\u00e9bergement. Plus tard sur la route, \u00abun homme nous a interpell\u00e9s alors qu\u2019on faisait du stop. Il nous a tendu un bouquet de roses en nous disant \u201cvoil\u00e0, maintenant les gens vont s\u2019arr\u00eater\u201d\u00bb, raconte le journaliste. \u00abOn a fini par boire un verre chez lui. On lui a pr\u00eat\u00e9 une oreille attentive. Les gens se livrent plus facilement aux inconnus.\u00bb<\/p>\n<p class=\"fig-paragraph\">De leurs pas, ces jeunes voyageurs tracent un autre rapport au voyage\u00a0: moins consum\u00e9riste, plus humain, plus attentif. \u00abLes plus grandes aventures peuvent commencer au pas de notre porte, sourit Astrid. Il suffit de se lancer.\u00bb<\/p>\n","protected":false},"excerpt":{"rendered":"Partir de chez soi, sac au dos, et se laisser porter par les chemins. La marche s\u00e9duit de&hellip;\n","protected":false},"author":2,"featured_media":402049,"comment_status":"","ping_status":"","sticky":false,"template":"","format":"standard","meta":{"footnotes":""},"categories":[2814],"tags":[1111,11,1777,674,1011,27,884,12,882,7553,25],"class_list":{"0":"post-402048","1":"post","2":"type-post","3":"status-publish","4":"format-standard","5":"has-post-thumbnail","7":"category-marseille","8":"tag-actu","9":"tag-actualites","10":"tag-eu","11":"tag-europe","12":"tag-fr","13":"tag-france","14":"tag-marseille","15":"tag-news","16":"tag-provence-alpes-cote-dazur","17":"tag-randonnee","18":"tag-republique-francaise"},"share_on_mastodon":{"url":"https:\/\/pubeurope.com\/@fr\/115230273985207530","error":""},"_links":{"self":[{"href":"https:\/\/www.europesays.com\/fr\/wp-json\/wp\/v2\/posts\/402048","targetHints":{"allow":["GET"]}}],"collection":[{"href":"https:\/\/www.europesays.com\/fr\/wp-json\/wp\/v2\/posts"}],"about":[{"href":"https:\/\/www.europesays.com\/fr\/wp-json\/wp\/v2\/types\/post"}],"author":[{"embeddable":true,"href":"https:\/\/www.europesays.com\/fr\/wp-json\/wp\/v2\/users\/2"}],"replies":[{"embeddable":true,"href":"https:\/\/www.europesays.com\/fr\/wp-json\/wp\/v2\/comments?post=402048"}],"version-history":[{"count":0,"href":"https:\/\/www.europesays.com\/fr\/wp-json\/wp\/v2\/posts\/402048\/revisions"}],"wp:featuredmedia":[{"embeddable":true,"href":"https:\/\/www.europesays.com\/fr\/wp-json\/wp\/v2\/media\/402049"}],"wp:attachment":[{"href":"https:\/\/www.europesays.com\/fr\/wp-json\/wp\/v2\/media?parent=402048"}],"wp:term":[{"taxonomy":"category","embeddable":true,"href":"https:\/\/www.europesays.com\/fr\/wp-json\/wp\/v2\/categories?post=402048"},{"taxonomy":"post_tag","embeddable":true,"href":"https:\/\/www.europesays.com\/fr\/wp-json\/wp\/v2\/tags?post=402048"}],"curies":[{"name":"wp","href":"https:\/\/api.w.org\/{rel}","templated":true}]}}