{"id":402050,"date":"2025-09-19T09:33:09","date_gmt":"2025-09-19T09:33:09","guid":{"rendered":"https:\/\/www.europesays.com\/fr\/402050\/"},"modified":"2025-09-19T09:33:09","modified_gmt":"2025-09-19T09:33:09","slug":"une-menace-pour-la-sante","status":"publish","type":"post","link":"https:\/\/www.europesays.com\/fr\/402050\/","title":{"rendered":"Une menace pour la sant\u00e9"},"content":{"rendered":"<p>            Par<br \/>\n        <strong><br \/>\n            <a href=\"https:\/\/actu.fr\/auteur\/julien-sournies\" title=\"Consulter tous les articles de Julien Sournies\" target=\"_blank\" rel=\"noopener\">Julien Sournies<\/a><br \/>\n        <\/strong><\/p>\n<p>        Publi\u00e9 le<\/p>\n<p>            19 sept. 2025 \u00e0 11h20        <\/p>\n<p>La sanction est tomb\u00e9e pour cet \u00e9tablissement de La Croix-Rousse. \u00c0 l\u2019issue d\u2019un contr\u00f4le effectu\u00e9 le 16\u00a0septembre, la pr\u00e9f\u00e8te du <a href=\"https:\/\/actu.fr\/auvergne-rhone-alpes\/rhone_69\" target=\"_blank\" rel=\"noopener\">Rh\u00f4ne<\/a>, Fabienne Buccio, a proc\u00e9d\u00e9 \u00e0 la<strong> fermeture en urgence<\/strong> du traiteur <strong>Les Mascareignes<\/strong>, situ\u00e9 rue d\u2019Austerlitz \u00e0 <a href=\"https:\/\/actu.fr\/lyon\/\" target=\"_blank\" rel=\"noopener\">Lyon<\/a> (4e), pour des \u00ab\u2009manquements graves aux minima des r\u00e8gles d\u2019hygi\u00e8ne et de s\u00e9curit\u00e9 alimentaire\u2009\u00bb.<\/p>\n<p class=\" wall-content\">\n<p>Insectes vivants, d\u00e9faut d\u2019entretien et nettoyage\u2026<\/p>\n<p class=\" wall-content\">Dans le d\u00e9tail, l\u2019agent en charge de ce contr\u00f4le a fait \u00e9tat de \u00ab\u2009locaux mal prot\u00e9g\u00e9s contre les sources et les risques de contamination\u2009\u00bb, d\u2019une \u00ab\u2009pr\u00e9sence importante <strong>d\u2019insectes vivants<\/strong> et morts dans les locaux de production et de stockage et sur les \u00e9quipements\u2009\u00bb ou encore d\u2019un \u00ab\u2009d\u00e9faut caract\u00e9ris\u00e9 d\u2019entretien, de maintenance et de nettoyage des locaux de production et de stockage, des \u00e9quipements et des locaux du personnel\u2009\u00bb.<\/p>\n<p class=\" wall-content\">\u00c0 cela, il est par ailleurs reproch\u00e9 \u00e0 l\u2019\u00e9tablissement la \u00ab\u2009v\u00e9tust\u00e9 des locaux de pr\u00e9paration, de stockage et des \u00e9quipements\u2009\u00bb, \u00ab\u2009l\u2019absence de plan de nettoyage et de d\u00e9sinfection des locaux et des \u00e9quipements\u2009\u00bb, le \u00ab\u2009non-respect des temp\u00e9ratures de conservation des denr\u00e9es\u2009\u00bb, mais aussi les \u00ab\u2009mauvaises conditions de stockage et de conservation denr\u00e9es travaill\u00e9es\u2009\u00bb.<\/p>\n<p>Une \u00ab\u2009menace pour la sant\u00e9\u2009\u00bb<\/p>\n<p class=\" wall-content\">Ainsi, du fait de ces manquements, \u00ab\u2009la poursuite de l\u2019activit\u00e9, dans les conditions constat\u00e9es, constitue une <strong>menace pour la sant\u00e9<\/strong> des consommateurs en raison de la probabilit\u00e9 importante de contaminations et des risques d\u2019intoxication qui en r\u00e9sultent\u2009\u00bb, \u00e9crivent les services de l\u2019\u00c9tat.<\/p>\n<p>    <a href=\"https:\/\/www.google.com\/maps\/embed?pb=!1m18!1m12!1m3!1d695.6930232680447!2d4.83406165593823!3d45.77575752949262!2m3!1f0!2f0!3f0!3m2!1i1024!2i768!4f13.1!3m3!1m2!1s0x47f4eae2ffc652e3%3A0xacac80976669fb2e!2sLes%20Mascareignes!5e0!3m2!1sfr!2sfr!4v1758272811601!5m2!1sfr!2sfr\" title=\"Ouvrie le lien\" target=\"_blank\" rel=\"noopener\">Cliquez ici pour visualiser le contenu<\/a><\/p>\n<p class=\" wall-content\">\u00c0 noter que la mesure de fermeture sera lev\u00e9e d\u00e8s que l\u2019\u00e9tablissement sera aux normes en vigueur.<\/p>\n<p class=\" wall-content\">Contact\u00e9e par notre r\u00e9daction, la g\u00e9rante de l\u2019\u00e9tablissement n\u2019a pas r\u00e9pondu \u00e0 nos sollicitations.<\/p>\n<p class=\" wall-content\">Personnalisez votre actualit\u00e9 en ajoutant vos villes et m\u00e9dias en favori avec <a href=\"https:\/\/moncompte.actu.fr\" title=\"D\u00e9couvez Mon Actu\" rel=\"nofollow noopener\" data-trk=\"{&quot;cta&quot;:{&quot;action&quot;:&quot;https:\\\/\\\/moncompte.actu.fr&quot;,&quot;category&quot;:&quot;mon compte&quot;,&quot;from&quot;:&quot;article footer&quot;,&quot;name&quot;:&quot;Mon actu&quot;,&quot;type&quot;:&quot;cta&quot;}}\" target=\"_blank\">Mon Actu<\/a>.<\/p>\n","protected":false},"excerpt":{"rendered":"Par Julien Sournies Publi\u00e9 le 19 sept. 2025 \u00e0 11h20 La sanction est tomb\u00e9e pour cet \u00e9tablissement de&hellip;\n","protected":false},"author":2,"featured_media":402051,"comment_status":"","ping_status":"","sticky":false,"template":"","format":"standard","meta":{"footnotes":""},"categories":[1889],"tags":[1111,11,2430,1777,674,1011,27,2428,12,9450,25,1340,104],"class_list":{"0":"post-402050","1":"post","2":"type-post","3":"status-publish","4":"format-standard","5":"has-post-thumbnail","7":"category-lyon","8":"tag-actu","9":"tag-actualites","10":"tag-auvergne-rhone-alpes","11":"tag-eu","12":"tag-europe","13":"tag-fr","14":"tag-france","15":"tag-lyon","16":"tag-news","17":"tag-prefecture-du-rhone","18":"tag-republique-francaise","19":"tag-restaurant","20":"tag-societe"},"share_on_mastodon":{"url":"https:\/\/pubeurope.com\/@fr\/115230277911036743","error":""},"_links":{"self":[{"href":"https:\/\/www.europesays.com\/fr\/wp-json\/wp\/v2\/posts\/402050","targetHints":{"allow":["GET"]}}],"collection":[{"href":"https:\/\/www.europesays.com\/fr\/wp-json\/wp\/v2\/posts"}],"about":[{"href":"https:\/\/www.europesays.com\/fr\/wp-json\/wp\/v2\/types\/post"}],"author":[{"embeddable":true,"href":"https:\/\/www.europesays.com\/fr\/wp-json\/wp\/v2\/users\/2"}],"replies":[{"embeddable":true,"href":"https:\/\/www.europesays.com\/fr\/wp-json\/wp\/v2\/comments?post=402050"}],"version-history":[{"count":0,"href":"https:\/\/www.europesays.com\/fr\/wp-json\/wp\/v2\/posts\/402050\/revisions"}],"wp:featuredmedia":[{"embeddable":true,"href":"https:\/\/www.europesays.com\/fr\/wp-json\/wp\/v2\/media\/402051"}],"wp:attachment":[{"href":"https:\/\/www.europesays.com\/fr\/wp-json\/wp\/v2\/media?parent=402050"}],"wp:term":[{"taxonomy":"category","embeddable":true,"href":"https:\/\/www.europesays.com\/fr\/wp-json\/wp\/v2\/categories?post=402050"},{"taxonomy":"post_tag","embeddable":true,"href":"https:\/\/www.europesays.com\/fr\/wp-json\/wp\/v2\/tags?post=402050"}],"curies":[{"name":"wp","href":"https:\/\/api.w.org\/{rel}","templated":true}]}}