{"id":402061,"date":"2025-09-19T09:40:10","date_gmt":"2025-09-19T09:40:10","guid":{"rendered":"https:\/\/www.europesays.com\/fr\/402061\/"},"modified":"2025-09-19T09:40:10","modified_gmt":"2025-09-19T09:40:10","slug":"des-actes-de-sabotage-dans-plusieurs-stations-de-metro-a-paris-la-ratp-depose-plainte","status":"publish","type":"post","link":"https:\/\/www.europesays.com\/fr\/402061\/","title":{"rendered":"Des actes de \u00ab\u00a0sabotage\u00a0\u00bb dans plusieurs stations de m\u00e9tro \u00e0 Paris, la RATP d\u00e9pose plainte"},"content":{"rendered":"<p>            Par<br \/>\n        <strong><br \/>\n            <a href=\"https:\/\/actu.fr\/auteur\/redaction-paris\" title=\"Consulter tous les articles de R\u00e9daction Paris\" target=\"_blank\" rel=\"noopener\">R\u00e9daction Paris<\/a><br \/>\n        <\/strong><\/p>\n<p>        Publi\u00e9 le<\/p>\n<p>            19 sept. 2025 \u00e0 11h02        <\/p>\n<p>De br\u00e8ves interruptions, dont on conna\u00eet d\u00e9sormais la cause. Il \u00e9tait aux alentours de 7h50, mercredi 17\u00a0septembre 2025, quand plusieurs lignes de <a href=\"https:\/\/actu.fr\/tag\/metro\" target=\"_blank\" rel=\"noopener\">m\u00e9tro<\/a> ont \u00e9t\u00e9 ponctuellement arr\u00eat\u00e9es en raison de<strong> vols de rupteurs d\u2019incidents<\/strong> dans les tunnels, a indiqu\u00e9 la <a href=\"https:\/\/actu.fr\/tag\/ratp\" target=\"_blank\" rel=\"noopener\">RATP<\/a> \u00e0 <a href=\"https:\/\/actu.fr\/paris\/dernieres-actus\" target=\"_blank\" rel=\"noopener\">actu Paris<\/a>.<\/p>\n<p>Une enqu\u00eate ouverte<\/p>\n<p class=\" wall-content\">Les <strong>lignes 3, 5, 8, 9 et 11<\/strong> ont \u00e9t\u00e9 touch\u00e9es, pr\u00e9cise la R\u00e9gie des transports, qui a par ailleurs d\u00e9pos\u00e9 plainte. Des \u00ab\u2009actes de malveillance\u2009\u00bb qu\u2019elle condamne fermement. La RATP dispose d\u2019images de vid\u00e9oprotection qu\u2019elle tient \u00e0 la disposition des forces de l\u2019ordre. Une enqu\u00eate a \u00e9t\u00e9 ouverte, d\u00e9taille l\u2019entreprise.<\/p>\n<p class=\" wall-content\">Les rupteurs sont des syst\u00e8mes d\u2019alarme qui permettent de couper l\u2019alimentation sur les voies en cas d\u2019incident. Certains peuvent \u00eatre activ\u00e9s par les usagers, par exemple en cas de personne sur les voies. La RATP rappelle que \u00ab\u2009ces faits constituent <strong>un d\u00e9lit<\/strong> et que les auteurs s\u2019exposent \u00e0 une peine de prison et \u00e0 une peine d\u2019amende.\u2009\u00bb<\/p>\n<p class=\" wall-content\">Personnalisez votre actualit\u00e9 en ajoutant vos villes et m\u00e9dias en favori avec <a href=\"https:\/\/moncompte.actu.fr\" title=\"D\u00e9couvez Mon Actu\" rel=\"nofollow noopener\" data-trk=\"{&quot;cta&quot;:{&quot;action&quot;:&quot;https:\\\/\\\/moncompte.actu.fr&quot;,&quot;category&quot;:&quot;mon compte&quot;,&quot;from&quot;:&quot;article footer&quot;,&quot;name&quot;:&quot;Mon actu&quot;,&quot;type&quot;:&quot;cta&quot;}}\" target=\"_blank\">Mon Actu<\/a>.<\/p>\n","protected":false},"excerpt":{"rendered":"Par R\u00e9daction Paris Publi\u00e9 le 19 sept. 2025 \u00e0 11h02 De br\u00e8ves interruptions, dont on conna\u00eet d\u00e9sormais la&hellip;\n","protected":false},"author":2,"featured_media":402062,"comment_status":"","ping_status":"","sticky":false,"template":"","format":"standard","meta":{"footnotes":""},"categories":[1888],"tags":[11,1777,674,118,1011,27,4047,12,626,625,25],"class_list":{"0":"post-402061","1":"post","2":"type-post","3":"status-publish","4":"format-standard","5":"has-post-thumbnail","7":"category-paris","8":"tag-actualites","9":"tag-eu","10":"tag-europe","11":"tag-faits-divers","12":"tag-fr","13":"tag-france","14":"tag-metro","15":"tag-news","16":"tag-paris","17":"tag-ratp","18":"tag-republique-francaise"},"share_on_mastodon":{"url":"https:\/\/pubeurope.com\/@fr\/115230305402927152","error":""},"_links":{"self":[{"href":"https:\/\/www.europesays.com\/fr\/wp-json\/wp\/v2\/posts\/402061","targetHints":{"allow":["GET"]}}],"collection":[{"href":"https:\/\/www.europesays.com\/fr\/wp-json\/wp\/v2\/posts"}],"about":[{"href":"https:\/\/www.europesays.com\/fr\/wp-json\/wp\/v2\/types\/post"}],"author":[{"embeddable":true,"href":"https:\/\/www.europesays.com\/fr\/wp-json\/wp\/v2\/users\/2"}],"replies":[{"embeddable":true,"href":"https:\/\/www.europesays.com\/fr\/wp-json\/wp\/v2\/comments?post=402061"}],"version-history":[{"count":0,"href":"https:\/\/www.europesays.com\/fr\/wp-json\/wp\/v2\/posts\/402061\/revisions"}],"wp:featuredmedia":[{"embeddable":true,"href":"https:\/\/www.europesays.com\/fr\/wp-json\/wp\/v2\/media\/402062"}],"wp:attachment":[{"href":"https:\/\/www.europesays.com\/fr\/wp-json\/wp\/v2\/media?parent=402061"}],"wp:term":[{"taxonomy":"category","embeddable":true,"href":"https:\/\/www.europesays.com\/fr\/wp-json\/wp\/v2\/categories?post=402061"},{"taxonomy":"post_tag","embeddable":true,"href":"https:\/\/www.europesays.com\/fr\/wp-json\/wp\/v2\/tags?post=402061"}],"curies":[{"name":"wp","href":"https:\/\/api.w.org\/{rel}","templated":true}]}}