{"id":402063,"date":"2025-09-19T09:41:12","date_gmt":"2025-09-19T09:41:12","guid":{"rendered":"https:\/\/www.europesays.com\/fr\/402063\/"},"modified":"2025-09-19T09:41:12","modified_gmt":"2025-09-19T09:41:12","slug":"zakuro-takara-itadakizen-nos-dix-restaurants-japonais-preferes-a-paris-liberation","status":"publish","type":"post","link":"https:\/\/www.europesays.com\/fr\/402063\/","title":{"rendered":"Zakuro, Takara, Itadakizen\u2026 Nos dix restaurants japonais pr\u00e9f\u00e9r\u00e9s \u00e0 Paris \u2013 Lib\u00e9ration"},"content":{"rendered":"<p class=\"sc-cPiKLX AiZTS text-element\">C\u2019est, \u00e0 Kyoto, tout pr\u00e8s du temple bouddhiste Ryoan-ji, dans une toute petite rue, un restaurant de quelques places. A Katsu, on s\u2019installe accroupi dans le salon des tenanciers, en ayant l\u2019impression de s\u2019inviter chez l\u2019habitant. Le vieux couple pr\u00e9pare sur le pouce des okonomiyaki, une sorte d\u2019omelette le plus souvent au chou et au porc, saupoudr\u00e9e de katsuobushi, de la bonite s\u00e9ch\u00e9e. Pour une poign\u00e9e d\u2019euros, c\u2019est un d\u00e9lice. C\u2019est, \u00e0 Tokyo, un restaurant <a href=\"https:\/\/www.liberation.fr\/planete\/2010\/07\/16\/le-ramen-bouillonne-a-tokyo_666394\/\" target=\"_blank\" rel=\"noopener\" title=\"https:\/\/www.liberation.fr\/planete\/2010\/07\/16\/le-ramen-bouillonne-a-tokyo_666394\/\">de ramens<\/a> \u00e0 la file interminable, un izakaya dans son jus o\u00f9 se pressent les salarymen \u00e0 la sortie du bureau ou quelques moshis mang\u00e9s sur le pouce dans un parc. C\u2019est, en face du mont Fuji, sur les bords du lac Ashi, un bento d\u2019anguille \u00e0 la finesse inoubliable. Quiconque a eu la chance d\u2019aller au Japon un jour conna\u00eet la diversit\u00e9, la qualit\u00e9 et l\u2019accessibilit\u00e9 de la gastronomie locale. Il est facile de tr\u00e8s bien manger pour pas cher. <\/p>\n<p class=\"sc-cPiKLX AiZTS text-element\">A Paris, c\u2019est un peu moins vrai, mais pas compl\u00e8tement faux non plus. Il est loin le temps o\u00f9 il fallait forc\u00e9ment se rendre du c\u00f4t\u00e9 de la rue Sainte-Anne, \u00e9picentre de la culture nippone, pour retrouver des vraies saveurs autres que le menu B12 avec des sushis au saumon option plastique pas frais. Aujourd\u2019hui, on a acc\u00e8s dans de nombreux arrondissements \u00e0 <\/p>\n","protected":false},"excerpt":{"rendered":"C\u2019est, \u00e0 Kyoto, tout pr\u00e8s du temple bouddhiste Ryoan-ji, dans une toute petite rue, un restaurant de quelques&hellip;\n","protected":false},"author":2,"featured_media":402064,"comment_status":"","ping_status":"","sticky":false,"template":"","format":"standard","meta":{"footnotes":""},"categories":[1888],"tags":[11,1777,674,1011,27,2070,12,626,25,37434],"class_list":{"0":"post-402063","1":"post","2":"type-post","3":"status-publish","4":"format-standard","5":"has-post-thumbnail","7":"category-paris","8":"tag-actualites","9":"tag-eu","10":"tag-europe","11":"tag-fr","12":"tag-france","13":"tag-japon","14":"tag-news","15":"tag-paris","16":"tag-republique-francaise","17":"tag-tops-de-libe"},"share_on_mastodon":{"url":"https:\/\/pubeurope.com\/@fr\/115230309352860530","error":""},"_links":{"self":[{"href":"https:\/\/www.europesays.com\/fr\/wp-json\/wp\/v2\/posts\/402063","targetHints":{"allow":["GET"]}}],"collection":[{"href":"https:\/\/www.europesays.com\/fr\/wp-json\/wp\/v2\/posts"}],"about":[{"href":"https:\/\/www.europesays.com\/fr\/wp-json\/wp\/v2\/types\/post"}],"author":[{"embeddable":true,"href":"https:\/\/www.europesays.com\/fr\/wp-json\/wp\/v2\/users\/2"}],"replies":[{"embeddable":true,"href":"https:\/\/www.europesays.com\/fr\/wp-json\/wp\/v2\/comments?post=402063"}],"version-history":[{"count":0,"href":"https:\/\/www.europesays.com\/fr\/wp-json\/wp\/v2\/posts\/402063\/revisions"}],"wp:featuredmedia":[{"embeddable":true,"href":"https:\/\/www.europesays.com\/fr\/wp-json\/wp\/v2\/media\/402064"}],"wp:attachment":[{"href":"https:\/\/www.europesays.com\/fr\/wp-json\/wp\/v2\/media?parent=402063"}],"wp:term":[{"taxonomy":"category","embeddable":true,"href":"https:\/\/www.europesays.com\/fr\/wp-json\/wp\/v2\/categories?post=402063"},{"taxonomy":"post_tag","embeddable":true,"href":"https:\/\/www.europesays.com\/fr\/wp-json\/wp\/v2\/tags?post=402063"}],"curies":[{"name":"wp","href":"https:\/\/api.w.org\/{rel}","templated":true}]}}