{"id":402067,"date":"2025-09-19T09:43:11","date_gmt":"2025-09-19T09:43:11","guid":{"rendered":"https:\/\/www.europesays.com\/fr\/402067\/"},"modified":"2025-09-19T09:43:11","modified_gmt":"2025-09-19T09:43:11","slug":"les-etats-unis-approuvent-la-vente-de-missiles-antichars-a-la-pologne","status":"publish","type":"post","link":"https:\/\/www.europesays.com\/fr\/402067\/","title":{"rendered":"Les Etats-Unis approuvent la vente de missiles antichars \u00e0 la Pologne"},"content":{"rendered":"<p>\u00ab\u00a0Sauvegarder les installations \u00e9nerg\u00e9tiques\u00a0\u00bb<\/p>\n<p> \u00abLa protection \u00bb des infrastructures face aux attaques russes est le \u00ab plus gros d\u00e9fi \u00bb du secteur de l&rsquo;\u00e9nergie en Ukraine, a d\u00e9clar\u00e9 jeudi la nouvelle ministre ukrainienne de l&rsquo;Energie, Svitlana Gryntchouk, en visite \u00e0 Paris. \u00ab Le plus grand d\u00e9fi est de prot\u00e9ger et de sauvegarder les installations \u00e9nerg\u00e9tiques contre les attaques quotidiennes, avec des centaines de drones et de missiles \u00bb, a-t-elle soulign\u00e9, en marge d&rsquo;une r\u00e9union de l&rsquo;Agence pour l&rsquo;\u00e9nergie nucl\u00e9aire de l&rsquo;OCDE.<\/p>\n<p>Des missiles antichars pour la Pologne<\/p>\n<p>Les \u00c9tats-Unis ont annonc\u00e9 avoir approuv\u00e9 la vente de missiles antichars Javelin et leurs lance-missiles \u00e0 la Pologne, pour un montant de 780 millions de dollars. \u00ab Cette vente propos\u00e9e soutiendra la politique \u00e9trang\u00e8re et la s\u00e9curit\u00e9 nationale des \u00c9tats-Unis en am\u00e9liorant la s\u00e9curit\u00e9 d&rsquo;un alli\u00e9 de l&rsquo;Otan qui constitue une force de stabilit\u00e9 politique et \u00e9conomique en Europe \u00bb, a d\u00e9clar\u00e9 dans un communiqu\u00e9 l&rsquo;Agence am\u00e9ricaine de coop\u00e9ration pour la d\u00e9fense et la s\u00e9curit\u00e9 (DSCA).<\/p>\n<p>Plus de 12.000 soldats morts ont \u00e9t\u00e9 rendus par la Russie depuis janvier<\/p>\n<p>L&rsquo;Ukraine a annonc\u00e9 jeudi avoir r\u00e9cup\u00e9r\u00e9 1.000 nouveaux corps de la part de la Russie, qui les pr\u00e9sente comme ceux de soldats ukrainiens tu\u00e9s au combat, apr\u00e8s plusieurs autres \u00e9changes du m\u00eame type ces derniers mois. \u00ab Un millier de corps, qui selon la partie russe appartiennent \u00e0 des militaires ukrainiens, ont \u00e9t\u00e9 rapatri\u00e9s en Ukraine \u00bb, a indiqu\u00e9 sur Telegram le Centre gouvernemental ukrainien pour les prisonniers de guerre.<\/p>\n<p>Ce nouvel \u00e9change porte \u00e0 plus de 12.000 le nombre de corps rendus par la Russie \u00e0 l&rsquo;Ukraine depuis le d\u00e9but de l&rsquo;ann\u00e9e. Les corps remis par l&rsquo;Ukraine \u00e0 la Russie se comptent en quelques centaines sur la m\u00eame p\u00e9riode.<\/p>\n<p>Poutine affirme que plus de 700.000 militaires russes sont d\u00e9ploy\u00e9s sur le front<\/p>\n<p>Plus de 700.000 militaires russes sont d\u00e9ploy\u00e9s sur \u00ab la ligne de contact \u00bb en Ukraine, o\u00f9 Moscou poursuit depuis des mois des actions offensives et gagne du terrain dans certains secteurs, a affirm\u00e9 jeudi le pr\u00e9sident Vladimir Poutine lors d&rsquo;une r\u00e9union avec des responsables parlementaires.<\/p>\n<p>Jeudi, la journ\u00e9e a \u00e9t\u00e9 marqu\u00e9e par la vive d\u00e9ception de Trump concernant Poutine<\/p>\n<p>Donald Trump a estim\u00e9 que le pr\u00e9sident russe, qui poursuit sa guerre en Ukraine malgr\u00e9 les efforts du pr\u00e9sident am\u00e9ricain pour tenter de mettre fin au conflit, l&rsquo;avait \u00ab vraiment laiss\u00e9 tomber \u00bb.<\/p>\n<p>Le conflit \u00ab que je pensais \u00eatre le plus facile \u00e0 r\u00e9soudre \u00e9tait \u00bb la guerre en Ukraine, \u00ab en raison de mes relations avec le pr\u00e9sident Poutine, mais il m&rsquo;a laiss\u00e9 tomber. Il m&rsquo;a vraiment laiss\u00e9 tomber \u00bb, a d\u00e9clar\u00e9 Donald Trump lors d&rsquo;une conf\u00e9rence de presse avec le Premier ministre britannique Keir Starmer.<\/p>\n<p>Bonjour et bienvenue dans ce nouveau live<\/p>\n<p>Chaque jour, 20 Minutes fait le point en direct avec vous sur les derni\u00e8res actualit\u00e9s de la guerre en Ukraine via nos articles live comment\u00e9s. La guerre a \u00e9t\u00e9 d\u00e9clar\u00e9e avec l&rsquo;invasion du pays par la Russie dans la nuit du 23 au 24 f\u00e9vrier 2022 sur d\u00e9cision du pr\u00e9sident russe Vladimir Poutine. Ce vendredi, il s&rsquo;agit donc d\u00e9j\u00e0 du 1304e jour de conflit.<\/p>\n","protected":false},"excerpt":{"rendered":"\u00ab\u00a0Sauvegarder les installations \u00e9nerg\u00e9tiques\u00a0\u00bb \u00abLa protection \u00bb des infrastructures face aux attaques russes est le \u00ab plus gros&hellip;\n","protected":false},"author":2,"featured_media":402068,"comment_status":"","ping_status":"","sticky":false,"template":"","format":"standard","meta":{"footnotes":""},"categories":[1590],"tags":[47,11,75,1777,674,131,74,12,132,220,135,134],"class_list":{"0":"post-402067","1":"post","2":"type-post","3":"status-publish","4":"format-standard","5":"has-post-thumbnail","7":"category-ukraine","8":"tag-actualite","9":"tag-actualites","10":"tag-donald-trump","11":"tag-eu","12":"tag-europe","13":"tag-guerre-en-ukraine","14":"tag-monde","15":"tag-news","16":"tag-russie","17":"tag-ukraine","18":"tag-vladimir-poutine","19":"tag-volodymyr-zelensky"},"share_on_mastodon":{"url":"https:\/\/pubeurope.com\/@fr\/115230317196261963","error":""},"_links":{"self":[{"href":"https:\/\/www.europesays.com\/fr\/wp-json\/wp\/v2\/posts\/402067","targetHints":{"allow":["GET"]}}],"collection":[{"href":"https:\/\/www.europesays.com\/fr\/wp-json\/wp\/v2\/posts"}],"about":[{"href":"https:\/\/www.europesays.com\/fr\/wp-json\/wp\/v2\/types\/post"}],"author":[{"embeddable":true,"href":"https:\/\/www.europesays.com\/fr\/wp-json\/wp\/v2\/users\/2"}],"replies":[{"embeddable":true,"href":"https:\/\/www.europesays.com\/fr\/wp-json\/wp\/v2\/comments?post=402067"}],"version-history":[{"count":0,"href":"https:\/\/www.europesays.com\/fr\/wp-json\/wp\/v2\/posts\/402067\/revisions"}],"wp:featuredmedia":[{"embeddable":true,"href":"https:\/\/www.europesays.com\/fr\/wp-json\/wp\/v2\/media\/402068"}],"wp:attachment":[{"href":"https:\/\/www.europesays.com\/fr\/wp-json\/wp\/v2\/media?parent=402067"}],"wp:term":[{"taxonomy":"category","embeddable":true,"href":"https:\/\/www.europesays.com\/fr\/wp-json\/wp\/v2\/categories?post=402067"},{"taxonomy":"post_tag","embeddable":true,"href":"https:\/\/www.europesays.com\/fr\/wp-json\/wp\/v2\/tags?post=402067"}],"curies":[{"name":"wp","href":"https:\/\/api.w.org\/{rel}","templated":true}]}}