{"id":402069,"date":"2025-09-19T09:44:11","date_gmt":"2025-09-19T09:44:11","guid":{"rendered":"https:\/\/www.europesays.com\/fr\/402069\/"},"modified":"2025-09-19T09:44:11","modified_gmt":"2025-09-19T09:44:11","slug":"le-sort-de-tiktok-aux-etats-unis-devrait-etre-scelle-ce-vendredi","status":"publish","type":"post","link":"https:\/\/www.europesays.com\/fr\/402069\/","title":{"rendered":"Le sort de TikTok aux \u00c9tats-Unis devrait \u00eatre scell\u00e9 ce vendredi"},"content":{"rendered":"<p>Un accord aurait \u00e9t\u00e9 trouv\u00e9 concernant les activit\u00e9s aux USA du r\u00e9seau social TikTok, appartenant au chinois ByteDance.\u00a0<br \/>\nIl pr\u00e9voit la reprise de ces activit\u00e9s par un consortium compos\u00e9 d\u2019Oracle et de deux\u00a0fonds d\u2019investissements. Il sera officialis\u00e9 lors de la rencontre entre Trump et Xi\u00a0Jingping.\u00a0<br \/>\nL\u2019annonce est importante pour le holding belge Sofina, qui d\u00e9tient une grosse participation dans ByteDance.<br \/>\nNous confirmons notre conseil pour Sofina, dont la d\u00e9cote avoisine encore 16%.<br \/>\nACHETEZ.<\/p>\n<p>Pour rappel, les USA pr\u00e9voyaient d\u2019interdire l\u2019activit\u00e9 du r\u00e9seau TikTok sur le sol am\u00e9ricain, pour raison de s\u00e9curit\u00e9 nationale.<br \/>Jusqu\u2019ici cependant, cette interdiction avait \u00e9t\u00e9 repouss\u00e9e \u00e0 plusieurs reprises, afin de permettre une transaction.<\/p>\n<p>A pr\u00e9sent, un accord semble avoir \u00e9t\u00e9 atteint.\u00a0<br \/>En vertu de cet accord, ByteDance devrait conserver une participation minoritaire dans TikTok, mais les donn\u00e9es des 170\u00a0millions d\u2019utilisateurs am\u00e9ricains seront g\u00e9r\u00e9es sur le sol am\u00e9ricain et le consortium cr\u00e9\u00e9 sera propri\u00e9taire d\u2019une licence de l\u2019algorithme.\u00a0<br \/>Avec quel contr\u00f4le technique\u00a0? Cela reste \u00e0 pr\u00e9ciser.<\/p>\n<p>Pour Sofina l\u2019annonce est importante.\u00a0<br \/>Le holding belge est entr\u00e9 dans le capital de ByteDance en 2016. Il en d\u00e9tient une participation directe et des participations indirectes via des fonds dont il est actionnaire. ByteDance p\u00e8se un peu plus de 5% de la <a href=\"https:\/\/www.test-achats.be\/invest\/lexicon\/v\/valeur-intrinseque-ou-reelle\" target=\"_blank\" rel=\"noopener\">valeur intrins\u00e8que<\/a>\u00a0du portefeuille de Sofina. Il s\u2019agit de la plus grosse participation.<\/p>\n<p>On ignore encore \u00e0 quel prix les activit\u00e9s am\u00e9ricaines de TikTok sont c\u00e9d\u00e9es au consortium. Mais la transaction met fin \u00e0 une lourde incertitude et ouvre la voie \u00e0 une introduction en Bourse de ByteDance.<\/p>\n<p>Sofina pourra maintenant plus facilement c\u00e9der progressivement sa participation \u00e0 meilleur prix (totalement ou en partie). Une petite partie a d\u00e9j\u00e0 \u00e9t\u00e9 c\u00e9d\u00e9e au d\u00e9but de l\u2019ann\u00e9e.<\/p>\n<p style=\"text-align: right;\">Cours au moment de l\u2019analyse\u00a0: 256,20\u00a0EUR<\/p>\n<p><strong>Sofina est un holding belge contr\u00f4l\u00e9 par les familles Bo\u00ebl, Solvay et Janssen. Il investit dans une optique de long terme et, la plupart du temps, en tant que partenaire minoritaire, en soutien des actionnaires de r\u00e9f\u00e9rence. Le premier atout du holding r\u00e9side dans son excellent r\u00e9seau qui lui a permis de rentrer directement dans le capital de nombreuses p\u00e9pites technologiques, \u00e0 un stade pr\u00e9coce de leur d\u00e9veloppement, bien avant qu\u2019elles ne soient accessibles en Bourse aux petits investisseurs.<\/strong><\/p>\n","protected":false},"excerpt":{"rendered":"Un accord aurait \u00e9t\u00e9 trouv\u00e9 concernant les activit\u00e9s aux USA du r\u00e9seau social TikTok, appartenant au chinois ByteDance.\u00a0&hellip;\n","protected":false},"author":2,"featured_media":402070,"comment_status":"","ping_status":"","sticky":false,"template":"","format":"standard","meta":{"footnotes":""},"categories":[1589],"tags":[743,9835,11,53340,4707,340,53336,309,53338,12076,73,1866,16103,1074,53339,12,32257,48274,1879,53335,2439,467,1864,1865,1863,308,39469,8157,4100,53337],"class_list":{"0":"post-402069","1":"post","2":"type-post","3":"status-publish","4":"format-standard","5":"has-post-thumbnail","7":"category-etats-unis","8":"tag-accord","9":"tag-activites","10":"tag-actualites","11":"tag-algorithme","12":"tag-amerique","13":"tag-bourse","14":"tag-bytedance","15":"tag-chine","16":"tag-consortium","17":"tag-donnees","18":"tag-etats-unis","19":"tag-etats-unis-damerique","20":"tag-fonds","21":"tag-guerre-commerciale","22":"tag-introduction","23":"tag-news","24":"tag-oracle","25":"tag-participation","26":"tag-securite-nationale","27":"tag-sofina","28":"tag-tiktok","29":"tag-trump","30":"tag-united-states","31":"tag-united-states-of-america","32":"tag-us","33":"tag-usa","34":"tag-usage","35":"tag-utilisateurs","36":"tag-vente","37":"tag-xi-jingping"},"share_on_mastodon":{"url":"https:\/\/pubeurope.com\/@fr\/115230321210607402","error":""},"_links":{"self":[{"href":"https:\/\/www.europesays.com\/fr\/wp-json\/wp\/v2\/posts\/402069","targetHints":{"allow":["GET"]}}],"collection":[{"href":"https:\/\/www.europesays.com\/fr\/wp-json\/wp\/v2\/posts"}],"about":[{"href":"https:\/\/www.europesays.com\/fr\/wp-json\/wp\/v2\/types\/post"}],"author":[{"embeddable":true,"href":"https:\/\/www.europesays.com\/fr\/wp-json\/wp\/v2\/users\/2"}],"replies":[{"embeddable":true,"href":"https:\/\/www.europesays.com\/fr\/wp-json\/wp\/v2\/comments?post=402069"}],"version-history":[{"count":0,"href":"https:\/\/www.europesays.com\/fr\/wp-json\/wp\/v2\/posts\/402069\/revisions"}],"wp:featuredmedia":[{"embeddable":true,"href":"https:\/\/www.europesays.com\/fr\/wp-json\/wp\/v2\/media\/402070"}],"wp:attachment":[{"href":"https:\/\/www.europesays.com\/fr\/wp-json\/wp\/v2\/media?parent=402069"}],"wp:term":[{"taxonomy":"category","embeddable":true,"href":"https:\/\/www.europesays.com\/fr\/wp-json\/wp\/v2\/categories?post=402069"},{"taxonomy":"post_tag","embeddable":true,"href":"https:\/\/www.europesays.com\/fr\/wp-json\/wp\/v2\/tags?post=402069"}],"curies":[{"name":"wp","href":"https:\/\/api.w.org\/{rel}","templated":true}]}}