{"id":402072,"date":"2025-09-19T09:46:14","date_gmt":"2025-09-19T09:46:14","guid":{"rendered":"https:\/\/www.europesays.com\/fr\/402072\/"},"modified":"2025-09-19T09:46:14","modified_gmt":"2025-09-19T09:46:14","slug":"lallemagne-adopte-son-budget-pour-lannee-2025-seulement-trois-mois-avant-la-fin-de-lannee","status":"publish","type":"post","link":"https:\/\/www.europesays.com\/fr\/402072\/","title":{"rendered":"L&rsquo;Allemagne adopte son budget pour l&rsquo;ann\u00e9e 2025, seulement trois mois avant la fin de l&rsquo;ann\u00e9e"},"content":{"rendered":"<p class=\"PopSlotParagraph qg-tx2 qg-xtra-lh svelte-1r0pyek\">Quelques mois \u00e0 peine avant la fin de l&rsquo;ann\u00e9e, il \u00e9tait temps : l&rsquo;Allemagne a adopt\u00e9, jeudi 18\u00a0septembre, le budget du pays pour l&rsquo;ann\u00e9e 2025. Finalement, malgr\u00e9 <a href=\"https:\/\/www.franceinfo.fr\/economie\/deficit\/finances-publiques-la-france-est-la-lanterne-rouge-de-l-europe-alerte-le-gouverneur-de-la-banque-de-france_7495216.html\" target=\"_blank\" rel=\"noopener nofollow\" class=\"\" data-testid=\"link\">les difficult\u00e9s et les d\u00e9bats en France<\/a>, Paris en est quand m\u00eame \u00e0 la pr\u00e9paration de son budget 2026.<\/p>\n<p class=\"PopSlotParagraph qg-tx2 qg-xtra-lh svelte-1r0pyek\">**&gt;&gt;<a href=\"https:\/\/www.franceinfo.fr\/replay-radio\/d-un-monde-a-l-autre\/allemagne-les-premiers-pas-compliques-du-chancelier-merz_7356375.html\" target=\"_blank\" rel=\"noopener nofollow\" class=\"\" data-testid=\"link\"><strong><strong>Allemagne : les premiers pas compliqu\u00e9s du chancelier Merz<\/strong><\/strong><\/a><\/p>\n<p class=\"PopSlotParagraph qg-tx2 qg-xtra-lh svelte-1r0pyek\">**Cette adoption tardive est vraiment le signe que la premi\u00e8re \u00e9conomie europ\u00e9enne, pr\u00e9sent\u00e9e comme le moteur de la zone euro, est en grande difficult\u00e9, et visiblement bien plus que la France. Ce lourd retard, s&rsquo;explique par plusieurs raisons. D&rsquo;abord, il y a des d\u00e9saccords politiques internes avec de nombreux points d&rsquo;achoppement entre les conservateurs du chancelier Friedrich Merz et leurs alli\u00e9s sociaux-d\u00e9mocrates. Et puis, il y a le contexte \u00e9conomique qui est vraiment tr\u00e8s loin d&rsquo;\u00eatre au beau fixe.<\/p>\n<p> En r\u00e9cession depuis trois ans<\/p>\n<p class=\"PopSlotParagraph qg-tx2 qg-xtra-lh svelte-1r0pyek\">Actuellement, l&rsquo;Allemagne est en panne de croissance, alors que la France devrait conna\u00eetre cette ann\u00e9e une progression de son PIB, sa richesse nationale, certes tr\u00e8s modeste, de 0,7%. L&rsquo;Allemagne est en r\u00e9cession depuis trois ans avec une croissance n\u00e9gative, PIB en repli de 0,1% en 2023, moins 0,2% l&rsquo;ann\u00e9e derni\u00e8re, et \u00e0 z\u00e9ro cette ann\u00e9e. S\u2019ajoute\u00a0\u00e0 cela le contexte international, avec les tensions g\u00e9opolitiques croissantes. Quant \u00e0 la situation politique int\u00e9rieure, elle n&rsquo;a vraiment rien arrang\u00e9. Les \u00e9lections l\u00e9gislatives anticip\u00e9es de f\u00e9vrier ont tout simplement retard\u00e9 le calendrier d&rsquo;\u00e9laboration du budget.<\/p>\n<p class=\"PopSlotParagraph qg-tx2 qg-xtra-lh svelte-1r0pyek\">En quelques chiffres, ce nouveau budget adopt\u00e9 par le Bundestag, l&rsquo;Assembl\u00e9e parlementaire allemande, compte 502\u00a0milliards d&rsquo;euros de d\u00e9penses, soit 25\u00a0milliards d&rsquo;euros de plus par rapport \u00e0 2024, avec un endettement de 82\u00a0milliards d&rsquo;euros pour financer le d\u00e9ficit du pays. R\u00e9sultat, Berlin doit emprunter cette ann\u00e9e un peu plus de 140\u00a0milliards d&rsquo;euros.<\/p>\n<p> Dans les priorit\u00e9s, la d\u00e9fense et la croissance<\/p>\n<p class=\"PopSlotParagraph qg-tx2 qg-xtra-lh svelte-1r0pyek\">Ce budget rel\u00e8ve plusieurs priorit\u00e9s. Un gros effort va \u00eatre fourni dans le secteur de la d\u00e9fense, sur fond de guerre en Ukraine et de menace russe grandissante. Berlin table \u00e9galement sur le retour de la croissance avec une politique de grands travaux pour rafra\u00eechir les infrastructures existantes comme les routes, les ponts, les r\u00e9seaux de transport&#8230;<\/p>\n<p class=\"PopSlotParagraph qg-tx2 qg-xtra-lh svelte-1r0pyek\">Pour l&rsquo;instant, l&rsquo;Allemagne reste confront\u00e9e au lourd poids de sa dette et au creusement de son d\u00e9ficit, mais continue de b\u00e9n\u00e9ficier du soutien des march\u00e9s financiers. Malgr\u00e9 ces difficult\u00e9s, l&rsquo;Allemagne conserve <a href=\"https:\/\/www.franceinfo.fr\/economie\/deficit\/l-agence-de-notation-fitch-degrade-la-note-de-la-france-qui-passe-de-aa-a-a-pointant-ses-finances-publiques-degradees_7488784.html\" target=\"_blank\" rel=\"noopener nofollow\" class=\"\" data-testid=\"link\">sa note Fitch<\/a> triple A, et reste ainsi, parmi les trois pays europ\u00e9ens jug\u00e9s les plus vertueux, apr\u00e8s le Danemark et la Su\u00e8de.<\/p>\n","protected":false},"excerpt":{"rendered":"Quelques mois \u00e0 peine avant la fin de l&rsquo;ann\u00e9e, il \u00e9tait temps : l&rsquo;Allemagne a adopt\u00e9, jeudi 18\u00a0septembre,&hellip;\n","protected":false},"author":2,"featured_media":402073,"comment_status":"","ping_status":"","sticky":false,"template":"","format":"standard","meta":{"footnotes":""},"categories":[1587],"tags":[11,672,1804,1805,1803,1777,674,1801,12,1802],"class_list":{"0":"post-402072","1":"post","2":"type-post","3":"status-publish","4":"format-standard","5":"has-post-thumbnail","7":"category-allemagne","8":"tag-actualites","9":"tag-allemagne","10":"tag-bundesrepublik-deutschland","11":"tag-de","12":"tag-deutschland","13":"tag-eu","14":"tag-europe","15":"tag-germany","16":"tag-news","17":"tag-republique-federale-dallemagne"},"share_on_mastodon":{"url":"https:\/\/pubeurope.com\/@fr\/115230328990341094","error":""},"_links":{"self":[{"href":"https:\/\/www.europesays.com\/fr\/wp-json\/wp\/v2\/posts\/402072","targetHints":{"allow":["GET"]}}],"collection":[{"href":"https:\/\/www.europesays.com\/fr\/wp-json\/wp\/v2\/posts"}],"about":[{"href":"https:\/\/www.europesays.com\/fr\/wp-json\/wp\/v2\/types\/post"}],"author":[{"embeddable":true,"href":"https:\/\/www.europesays.com\/fr\/wp-json\/wp\/v2\/users\/2"}],"replies":[{"embeddable":true,"href":"https:\/\/www.europesays.com\/fr\/wp-json\/wp\/v2\/comments?post=402072"}],"version-history":[{"count":0,"href":"https:\/\/www.europesays.com\/fr\/wp-json\/wp\/v2\/posts\/402072\/revisions"}],"wp:featuredmedia":[{"embeddable":true,"href":"https:\/\/www.europesays.com\/fr\/wp-json\/wp\/v2\/media\/402073"}],"wp:attachment":[{"href":"https:\/\/www.europesays.com\/fr\/wp-json\/wp\/v2\/media?parent=402072"}],"wp:term":[{"taxonomy":"category","embeddable":true,"href":"https:\/\/www.europesays.com\/fr\/wp-json\/wp\/v2\/categories?post=402072"},{"taxonomy":"post_tag","embeddable":true,"href":"https:\/\/www.europesays.com\/fr\/wp-json\/wp\/v2\/tags?post=402072"}],"curies":[{"name":"wp","href":"https:\/\/api.w.org\/{rel}","templated":true}]}}