{"id":402074,"date":"2025-09-19T09:47:10","date_gmt":"2025-09-19T09:47:10","guid":{"rendered":"https:\/\/www.europesays.com\/fr\/402074\/"},"modified":"2025-09-19T09:47:10","modified_gmt":"2025-09-19T09:47:10","slug":"leurope-face-au-defi-de-la-richesse-entre-taxe-piketty-taxe-zucman-et-referendum-suisse-les-grandes-fortunes-sont-visees-dans-plusieurs-pays-europeens","status":"publish","type":"post","link":"https:\/\/www.europesays.com\/fr\/402074\/","title":{"rendered":"L\u2019Europe face au d\u00e9fi de la richesse : entre \u00ab taxe Piketty \u00bb, \u00ab taxe Zucman \u00bb et r\u00e9f\u00e9rendum suisse, les grandes fortunes sont vis\u00e9es dans plusieurs pays europ\u00e9ens"},"content":{"rendered":"<p>Haro sur les riches<\/p>\n<p>Apr\u00e8s la querelle fran\u00e7aise autour de la \u00ab taxe Zucman \u00bb, plusieurs pays europ\u00e9ens se penchent \u00e0 leur tour sur la fiscalit\u00e9 des ultra-riches. De la Norv\u00e8ge au Royaume-Uni, en passant par la Suisse et l\u2019Espagne, le d\u00e9bat sur l\u2019opportunit\u00e9 de taxer les patrimoines les plus \u00e9lev\u00e9s est relanc\u00e9, sur fond de finances publiques sous pression et d\u2019in\u00e9galit\u00e9s croissantes.<\/p>\n","protected":false},"excerpt":{"rendered":"Haro sur les riches Apr\u00e8s la querelle fran\u00e7aise autour de la \u00ab taxe Zucman \u00bb, plusieurs pays europ\u00e9ens&hellip;\n","protected":false},"author":2,"featured_media":402075,"comment_status":"","ping_status":"","sticky":false,"template":"","format":"standard","meta":{"footnotes":""},"categories":[1586],"tags":[11,1777,674,526,1011,27,53344,53341,4709,12,53343,25,11692,16667,3067,52897,53342,364],"class_list":{"0":"post-402074","1":"post","2":"type-post","3":"status-publish","4":"format-standard","5":"has-post-thumbnail","7":"category-europe","8":"tag-actualites","9":"tag-eu","10":"tag-europe","11":"tag-fiscalite","12":"tag-fr","13":"tag-france","14":"tag-gabriel-zucman","15":"tag-grandes-fortunes","16":"tag-impot","17":"tag-news","18":"tag-patrimoines","19":"tag-republique-francaise","20":"tag-riches","21":"tag-succession","22":"tag-suisse","23":"tag-taxe-zucman","24":"tag-thomas-piketty","25":"tag-union-europeenne"},"share_on_mastodon":{"url":"https:\/\/pubeurope.com\/@fr\/115230332874808767","error":""},"_links":{"self":[{"href":"https:\/\/www.europesays.com\/fr\/wp-json\/wp\/v2\/posts\/402074","targetHints":{"allow":["GET"]}}],"collection":[{"href":"https:\/\/www.europesays.com\/fr\/wp-json\/wp\/v2\/posts"}],"about":[{"href":"https:\/\/www.europesays.com\/fr\/wp-json\/wp\/v2\/types\/post"}],"author":[{"embeddable":true,"href":"https:\/\/www.europesays.com\/fr\/wp-json\/wp\/v2\/users\/2"}],"replies":[{"embeddable":true,"href":"https:\/\/www.europesays.com\/fr\/wp-json\/wp\/v2\/comments?post=402074"}],"version-history":[{"count":0,"href":"https:\/\/www.europesays.com\/fr\/wp-json\/wp\/v2\/posts\/402074\/revisions"}],"wp:featuredmedia":[{"embeddable":true,"href":"https:\/\/www.europesays.com\/fr\/wp-json\/wp\/v2\/media\/402075"}],"wp:attachment":[{"href":"https:\/\/www.europesays.com\/fr\/wp-json\/wp\/v2\/media?parent=402074"}],"wp:term":[{"taxonomy":"category","embeddable":true,"href":"https:\/\/www.europesays.com\/fr\/wp-json\/wp\/v2\/categories?post=402074"},{"taxonomy":"post_tag","embeddable":true,"href":"https:\/\/www.europesays.com\/fr\/wp-json\/wp\/v2\/tags?post=402074"}],"curies":[{"name":"wp","href":"https:\/\/api.w.org\/{rel}","templated":true}]}}