{"id":402076,"date":"2025-09-19T09:48:13","date_gmt":"2025-09-19T09:48:13","guid":{"rendered":"https:\/\/www.europesays.com\/fr\/402076\/"},"modified":"2025-09-19T09:48:13","modified_gmt":"2025-09-19T09:48:13","slug":"pierre-moscovici-en-route-vers-la-cour-des-comptes-europeenne","status":"publish","type":"post","link":"https:\/\/www.europesays.com\/fr\/402076\/","title":{"rendered":"Pierre Moscovici en route vers la Cour des comptes europ\u00e9enne"},"content":{"rendered":"<p>L\u2019ancien ministre socialiste et commissaire europ\u00e9en, Pierre Moscovici, a annonc\u00e9 jeudi son d\u00e9part de la Cour des comptes, apr\u00e8s cinq ans \u00e0 sa t\u00eate. Car il nourrit d\u00e9sormais un autre projet\u00a0: celui d\u2019int\u00e9grer la Cour des comptes europ\u00e9enne, dont le r\u00f4le est de veiller \u00e0 l\u2019utilisation correcte des fonds de l\u2019UE et \u00e0 am\u00e9liorer la gestion financi\u00e8re de l\u2019Union.<\/p>\n<p>\u00ab\u00a0La France a propos\u00e9 ma candidature en qualit\u00e9 de nouveau membre fran\u00e7ais de la Cour des comptes europ\u00e9enne. Cette proposition sera soumise au Parlement europ\u00e9en et au Conseil \u00e0 l\u2019automne, en vue d\u2019une nomination \u00e0 partir du 1er\u00a0janvier 2026\u00a0\u00bb, a-t-il \u00e9crit dans un courrier interne dont l\u2019AFP a obtenu copie. \u00ab\u00a0Cette proposition m\u2019honore et constitue le prolongement de mon engagement depuis plus de quarante ann\u00e9es au service des juridictions financi\u00e8res, de l\u2019\u00c9tat et des institutions europ\u00e9ennes\u00a0\u00bb, assure le responsable.<\/p>\n<p>Pierre Moscovici, 68\u00a0ans, avait \u00e9t\u00e9 nomm\u00e9 en 2020\u00a0premier pr\u00e9sident de la Cour des comptes, et a vu son mandat prolong\u00e9 jusqu\u2019\u00e0 septembre\u00a02026 par un d\u00e9cret reculant la limite d\u2019\u00e2ge \u00e0 ce poste dat\u00e9 du 15\u00a0juillet dernier. S\u2019il indique avoir d\u00e9cid\u00e9 de \u00ab\u00a0clore son mandat avant son terme de septembre\u00a02026\u00a0\u00bb, Pierre Moscovici assure que son \u00ab\u00a0mandat ne s\u2019ach\u00e8ve pas aujourd\u2019hui\u00a0\u00bb\u00a0: \u00ab\u00a0jusqu\u2019\u00e0 son terme je serai pleinement mobilis\u00e9 \u00e0 vos c\u00f4t\u00e9s\u00a0\u00bb. \u00ab\u00a0En janvier, je partirai fier d\u2019avoir \u00e9t\u00e9 \u00e0 la t\u00eate d\u2019une institution et d\u2019un collectif exceptionnels et tout entier d\u00e9vou\u00e9s \u00e0 l\u2019int\u00e9r\u00eat g\u00e9n\u00e9ral\u00a0\u00bb, ajoute-t-il.<\/p>\n<p>Un mandat remarqu\u00e9&#13;\n<\/p>\n<p>Son passage \u00e0 la Cour des comptes a \u00e9t\u00e9 marqu\u00e9 par quelques critiques.<strong> <\/strong>En juillet notamment, Le Monde avait notamment fait \u00e9tat du m\u00e9contentement de magistrats dont le report du d\u00e9part \u00e0 la retraite avait \u00e9t\u00e9 rejet\u00e9. Ils d\u00e9non\u00e7aient dans le journal \u00ab\u00a0des d\u00e9cisions arbitraires et discr\u00e9tionnaires\u00a0\u00bb ainsi qu\u2019une gouvernance \u00ab\u00a0tr\u00e8s politique\u00a0\u00bb par l\u2019ancien homme politique socialiste.<\/p>\n<p>D\u00e9but septembre, Pierre Moscovici avait, lui, tanc\u00e9 \u00ab\u00a0une poign\u00e9e de magistrats\u00a0\u00bb de la juridiction critiquant, selon lui mensong\u00e8rement, sa gouvernance par voie de presse, se d\u00e9fendant de tout parti pris politique dans sa gestion. Pierre Moscovici avait \u00e9galement r\u00e9pondu en juillet \u00e0 des critiques sur la nomination de Najat Vallaud-Belkacem, ex-ministre socialiste de l\u2019\u00c9ducation nationale, en tant que conseiller ma\u00eetre de la Cour &#8211; assurant que la proc\u00e9dure de recrutement avait \u00e9t\u00e9 \u00ab\u00a0parfaitement objective\u00a0\u00bb.<\/p>\n<p>Ses mandats ont \u00e9galement \u00e9t\u00e9 \u00e9maill\u00e9s de coups d\u2019\u00e9clat et d\u2019interventions fracassantes comme au d\u00e9but de l\u2019ann\u00e9e lorsqu\u2019il a menac\u00e9 de refuser de certifier les comptes de l\u2019\u00c9tat si les recommandations de l\u2019institution n\u2019\u00e9taient pas mieux \u00e9cout\u00e9es. Notant que, \u00ab\u00a0pour la 19e ann\u00e9e cons\u00e9cutive, les comptes de l\u2019\u00c9tat ne sont pas en mesure d\u2019\u00eatre certifi\u00e9s sans des r\u00e9serves tr\u00e8s significatives\u00a0\u00bb, Pierre Moscovici avait d\u00e9clar\u00e9 \u00ab\u00a0qu\u2019en l\u2019absence de progr\u00e8s en 2025, la Cour pourrait \u00eatre amen\u00e9e \u00e0 (\u2026) ne pas les certifier\u00a0\u00bb.<\/p>\n<p>Autre intervention remarqu\u00e9e\u00a0: \u00e0 l\u2019automne 2024, inquiet de pr\u00e9visions \u00e9conomiques mal \u00e9valu\u00e9es ayant abouti \u00e0 un d\u00e9rapage in\u00e9dit du d\u00e9ficit public cette ann\u00e9e-l\u00e0, celui qui est aussi pr\u00e9sident du Haut conseil des Finances publiques (HCFP) avait estim\u00e9 qu\u2019il verrait bien cet organisme prendre en main les pr\u00e9visions \u00e9conomiques de la France.<\/p>\n<p><strong>Deux fois ministre<\/strong>&#13;\n<\/p>\n<p>Fils d\u2019un couple de grands intellectuels juifs venus d\u2019Europe de l\u2019Est, Pierre Moscovici a, dans sa jeunesse, flirt\u00e9 avec le trotskisme. Il revendique d\u00e9sormais, et depuis de longues ann\u00e9es, un positionnement social-d\u00e9mocrate.<\/p>\n<p>Ancien \u00e9l\u00e8ve de l\u2019ENA, entr\u00e9 au parti socialiste en 1984, il fait ses armes \u00e9lectorales en 1994 pour des \u00e9lections cantonales\u00a0sur les terres de Peugeot, celles o\u00f9 se trouve l\u2019usine historique de Sochaux. Il sera \u00e9galement d\u00e9put\u00e9 du Doubs.<\/p>\n<p>Fid\u00e8le parmi les fid\u00e8les de Dominique Strauss-Kahn, il a rebondi au sein de l\u2019\u00e9quipe de campagne de Fran\u00e7ois Hollande apr\u00e8s que son mentor a \u00e9t\u00e9 balay\u00e9 en 2011 par un scandale sexuel.<\/p>\n<p>Il a \u00e9galement \u00e9t\u00e9 d\u00e9put\u00e9 europ\u00e9en, et deux fois ministre\u00a0: des Affaires europ\u00e9ennes sous Lionel Jospin, puis patron de Bercy au d\u00e9but du mandat de Fran\u00e7ois Hollande, dans deux gouvernements successifs de Jean-Marc Ayrault.<\/p>\n","protected":false},"excerpt":{"rendered":"L\u2019ancien ministre socialiste et commissaire europ\u00e9en, Pierre Moscovici, a annonc\u00e9 jeudi son d\u00e9part de la Cour des comptes,&hellip;\n","protected":false},"author":2,"featured_media":402077,"comment_status":"","ping_status":"","sticky":false,"template":"","format":"standard","meta":{"footnotes":""},"categories":[1586],"tags":[17,11,30749,8663,154,33,1777,674,1779,1011,27,29520,12,11850,25,209,1778,364,13703],"class_list":{"0":"post-402076","1":"post","2":"type-post","3":"status-publish","4":"format-standard","5":"has-post-thumbnail","7":"category-europe","8":"tag-17","9":"tag-actualites","10":"tag-comptes","11":"tag-cour","12":"tag-des","13":"tag-economie","14":"tag-eu","15":"tag-europe","16":"tag-european-union","17":"tag-fr","18":"tag-france","19":"tag-moscovici","20":"tag-news","21":"tag-pierre","22":"tag-republique-francaise","23":"tag-route","24":"tag-ue","25":"tag-union-europeenne","26":"tag-vers"},"share_on_mastodon":{"url":"https:\/\/pubeurope.com\/@fr\/115230336828026470","error":""},"_links":{"self":[{"href":"https:\/\/www.europesays.com\/fr\/wp-json\/wp\/v2\/posts\/402076","targetHints":{"allow":["GET"]}}],"collection":[{"href":"https:\/\/www.europesays.com\/fr\/wp-json\/wp\/v2\/posts"}],"about":[{"href":"https:\/\/www.europesays.com\/fr\/wp-json\/wp\/v2\/types\/post"}],"author":[{"embeddable":true,"href":"https:\/\/www.europesays.com\/fr\/wp-json\/wp\/v2\/users\/2"}],"replies":[{"embeddable":true,"href":"https:\/\/www.europesays.com\/fr\/wp-json\/wp\/v2\/comments?post=402076"}],"version-history":[{"count":0,"href":"https:\/\/www.europesays.com\/fr\/wp-json\/wp\/v2\/posts\/402076\/revisions"}],"wp:featuredmedia":[{"embeddable":true,"href":"https:\/\/www.europesays.com\/fr\/wp-json\/wp\/v2\/media\/402077"}],"wp:attachment":[{"href":"https:\/\/www.europesays.com\/fr\/wp-json\/wp\/v2\/media?parent=402076"}],"wp:term":[{"taxonomy":"category","embeddable":true,"href":"https:\/\/www.europesays.com\/fr\/wp-json\/wp\/v2\/categories?post=402076"},{"taxonomy":"post_tag","embeddable":true,"href":"https:\/\/www.europesays.com\/fr\/wp-json\/wp\/v2\/tags?post=402076"}],"curies":[{"name":"wp","href":"https:\/\/api.w.org\/{rel}","templated":true}]}}