{"id":402087,"date":"2025-09-19T09:58:10","date_gmt":"2025-09-19T09:58:10","guid":{"rendered":"https:\/\/www.europesays.com\/fr\/402087\/"},"modified":"2025-09-19T09:58:10","modified_gmt":"2025-09-19T09:58:10","slug":"je-nai-plus-de-voiture-lewis-hamilton-revele-avoir-vendu-sa-collection-a-15-millions-deuros","status":"publish","type":"post","link":"https:\/\/www.europesays.com\/fr\/402087\/","title":{"rendered":"\u00ab\u00a0Je n\u2019ai plus de voiture\u00a0\u00bb : Lewis Hamilton r\u00e9v\u00e8le avoir vendu sa collection \u00e0 15\u00a0millions d\u2019euros"},"content":{"rendered":"<p class=\"paragraph text_align_left lp-f-body-02\">Interrog\u00e9 en marge du Grand Prix d\u2019Azerba\u00efdjan, organis\u00e9 ce week-end \u00e0 Bakou, <a href=\"https:\/\/www.leparisien.fr\/sports\/formule-1\/lewis-hamilton\/\" target=\"_blank\" rel=\"noreferrer noopener\">Lewis Hamilton<\/a> a annonc\u00e9 avoir vendu l\u2019int\u00e9gralit\u00e9 de ses voitures. Une collection estim\u00e9e \u00e0 pr\u00e8s de 15\u00a0millions d\u2019euros, qui comprenait notamment deux LaFerrari en \u00e9dition limit\u00e9e, une hypercar Mercedes-AMG et une McLaren F1 extr\u00eamement rare pour laquelle il avait d\u00e9bours\u00e9 plus de 12\u00a0millions en 2017.<\/p>\n<p class=\"paragraph text_align_left lp-f-body-02\">\u00ab\u00a0Je n\u2019ai plus de voiture\u2026 Je me suis d\u00e9barrass\u00e9 de toutes mes voitures. Je suis davantage tourn\u00e9 vers l\u2019art aujourd\u2019hui, a expliqu\u00e9 le Britannique de 40\u00a0ans dans des propos rapport\u00e9s par le <a href=\"https:\/\/www.dailymail.co.uk\/sport\/formulaone\/article-15112513\/Lewis-Hamilton-13MILLION-car-collection.html\" target=\"_blank\" rel=\"noreferrer noopener\">Daily Mail<\/a> jeudi. Si je devais m\u2019acheter une voiture, ce serait la <a href=\"https:\/\/www.leparisien.fr\/faits-divers\/jetais-tres-occupe-un-milliardaire-roumain-a-oublie-sa-ferrari-f40-a-600-000-euros-pendant-10-ans-dans-un-garage-03-06-2025-FLAAIMIKPVG67PGE64SNEDSJ34.php\" target=\"_blank\" rel=\"noreferrer noopener\">Ferrari F40<\/a>. Mais c\u2019est une belle \u0153uvre d\u2019art.\u00a0\u00bb<\/p>\n<p>Plus de jet priv\u00e9 et alimentation v\u00e9g\u00e9talienne<\/p>\n<p class=\"paragraph text_align_left lp-f-body-02\">Le pilote de Ferrari cultive <a href=\"https:\/\/www.leparisien.fr\/sports\/formule-1\/son-gout-pour-la-mode-ses-combats-contre-le-racisme-lewis-hamilton-le-pilote-qui-bouscule-la-formule-1-19-03-2022-UVMKAYOB3BCZLIRMKYYAB3KBP4.php\" target=\"_blank\" rel=\"noreferrer noopener\">un nouveau mode de vie<\/a> depuis quelques ann\u00e9es, d\u00e9sireux de r\u00e9duire son empreinte carbone. Motiv\u00e9 par la cause environnementale, il d\u00e9cide notamment, il y a six ans, de vendre son jet priv\u00e9 et de se convertir au v\u00e9g\u00e9talisme.<\/p>\n<p class=\"paragraph text_align_left lp-f-body-02\">\u00ab\u00a0En tant que pilotes de Formule\u00a01, notre empreinte carbone est certainement plus \u00e9lev\u00e9e que celle du citoyen lambda, avait-il d\u00e9clar\u00e9 dans une interview \u00e0 l\u2019occasion d\u2019une collaboration avec Tommy Hilfiger en 2020. Mais cela ne veut pas dire que nous devrions avoir peur de parler des choses qui peuvent avoir un impact positif, et je prends toujours en compte l\u2019influence que je peux avoir.\u00a0\u00bb<\/p>\n<p class=\"paragraph text_align_left lp-f-body-02\">Le septuple champion du monde de Formule\u00a01 sera bien au volant de sa monoplace ce week-end pour le Grand Prix d\u2019Azerba\u00efdjan. Reste \u00e0 savoir s\u2019il acceptera de faire le plein de carburant, avant de s\u2019\u00e9lancer sur le circuit de Bakou.<\/p>\n","protected":false},"excerpt":{"rendered":"Interrog\u00e9 en marge du Grand Prix d\u2019Azerba\u00efdjan, organis\u00e9 ce week-end \u00e0 Bakou, Lewis Hamilton a annonc\u00e9 avoir vendu&hellip;\n","protected":false},"author":2,"featured_media":402088,"comment_status":"","ping_status":"","sticky":false,"template":"","format":"standard","meta":{"footnotes":""},"categories":[1412],"tags":[1451,1452,1453,1454,1455,1011,27,60],"class_list":{"0":"post-402087","1":"post","2":"type-post","3":"status-publish","4":"format-standard","5":"has-post-thumbnail","7":"category-f1","8":"tag-f1","9":"tag-formula-1","10":"tag-formula1","11":"tag-formule-1","12":"tag-formule1","13":"tag-fr","14":"tag-france","15":"tag-sports"},"share_on_mastodon":{"url":"https:\/\/pubeurope.com\/@fr\/115230376197441387","error":""},"_links":{"self":[{"href":"https:\/\/www.europesays.com\/fr\/wp-json\/wp\/v2\/posts\/402087","targetHints":{"allow":["GET"]}}],"collection":[{"href":"https:\/\/www.europesays.com\/fr\/wp-json\/wp\/v2\/posts"}],"about":[{"href":"https:\/\/www.europesays.com\/fr\/wp-json\/wp\/v2\/types\/post"}],"author":[{"embeddable":true,"href":"https:\/\/www.europesays.com\/fr\/wp-json\/wp\/v2\/users\/2"}],"replies":[{"embeddable":true,"href":"https:\/\/www.europesays.com\/fr\/wp-json\/wp\/v2\/comments?post=402087"}],"version-history":[{"count":0,"href":"https:\/\/www.europesays.com\/fr\/wp-json\/wp\/v2\/posts\/402087\/revisions"}],"wp:featuredmedia":[{"embeddable":true,"href":"https:\/\/www.europesays.com\/fr\/wp-json\/wp\/v2\/media\/402088"}],"wp:attachment":[{"href":"https:\/\/www.europesays.com\/fr\/wp-json\/wp\/v2\/media?parent=402087"}],"wp:term":[{"taxonomy":"category","embeddable":true,"href":"https:\/\/www.europesays.com\/fr\/wp-json\/wp\/v2\/categories?post=402087"},{"taxonomy":"post_tag","embeddable":true,"href":"https:\/\/www.europesays.com\/fr\/wp-json\/wp\/v2\/tags?post=402087"}],"curies":[{"name":"wp","href":"https:\/\/api.w.org\/{rel}","templated":true}]}}