{"id":402093,"date":"2025-09-19T10:01:10","date_gmt":"2025-09-19T10:01:10","guid":{"rendered":"https:\/\/www.europesays.com\/fr\/402093\/"},"modified":"2025-09-19T10:01:10","modified_gmt":"2025-09-19T10:01:10","slug":"pour-avoir-cet-invite-apolline","status":"publish","type":"post","link":"https:\/\/www.europesays.com\/fr\/402093\/","title":{"rendered":"pour avoir cet invit\u00e9, Apolline &#8230;"},"content":{"rendered":"<p>EN BREF<\/p>\n<ul class=\"bloc_resume_post_list\">\n<li>Le 18 septembre 2025, une mobilisation contre les mesures<br \/>\nde Fran\u00e7ois Bayrou a eu lieu.<\/li>\n<li>500 000 manifestants selon les autorit\u00e9s, un million<br \/>\nselon les syndicats, avec 309 interpellations.<\/li>\n<li>Apr\u00e8s plusieurs tentatives, Apolline de Malherbe obtient<br \/>\nenfin un entretien avec Alain Bauer pour faire le bilan de cette<br \/>\njourn\u00e9e.<\/li>\n<\/ul>\n<p data-start=\"219\" data-end=\"1254\">Malgr\u00e9 le d\u00e9part pr\u00e9cipit\u00e9 de<br \/>\n<a href=\"https:\/\/www.telestar.fr\/societe\/demission-de-francois-bayrou-france-inter-lache-une-bombe-1737465\" target=\"_blank\" rel=\"noopener\"><br \/>\nFran\u00e7ois Bayrou<\/a>, \u00e9conduit de Matignon apr\u00e8s le vote de<br \/>\nconfiance, la gronde ne d\u00e9semplit pas. Et la journ\u00e9e de <a href=\"https:\/\/www.telestar.fr\/actu_tv\/c-a-vous-patrick-cohen-se-prend-un-scud-en-direct-pas-a-coup-de-1738593\" target=\"_blank\" rel=\"noopener\"><br \/>\nmobilisation du 18 septembre<\/a> 2025 restera dans les annales. Pas<br \/>\npour son ampleur record, mais pour le climat tendu qui a marqu\u00e9 les<br \/>\nrues fran\u00e7aises. Avec <strong>500 000 manifestants<\/strong> selon<br \/>\nles autorit\u00e9s, plus d\u2019<strong>un million d\u2019apr\u00e8s les<br \/>\nsyndicats<\/strong>, ce jeudi noir n\u2019a pas atteint les sommets de<br \/>\n1995 ni ceux des cort\u00e8ges <strong>anti-r\u00e9formes des<br \/>\nretraites<\/strong>. Mais il a laiss\u00e9 des traces. Des affrontements<br \/>\nont \u00e9clat\u00e9. <strong>309 personnes interpell\u00e9es<\/strong>, 134<br \/>\nplac\u00e9es en garde \u00e0 vue.<\/p>\n<p data-start=\"219\" data-end=\"1254\">Des vitrines bris\u00e9es, des<br \/>\ncort\u00e8ges enflamm\u00e9s, des forces de l\u2019ordre sous pression.Dans ce<br \/>\nd\u00e9cor d\u2019apr\u00e8s-manif, <a href=\"https:\/\/www.telestar.fr\/actu_tv\/javais-pas-le-droit-de-le-dire-linvite-dapolline-de-malherbe-fait-une-confidence-intime-insoupconnable-en-direct-1738119\" target=\"_blank\" rel=\"noopener\"><br \/>\nApolline de Malherbe<\/a> recevait au micro de BFM TV<br \/>\n<a href=\"https:\/\/www.telestar.fr\/actu-tv\/autres-emissions\/alain-bauer-au-bout-de-l-enquete-meme-dans-l-affaire-gregory-ces-elements-qui-pourraient-changer-la-donne-828677\" target=\"_blank\" rel=\"noopener\"><br \/>\nAlain Bauer<\/a>, professeur de criminologie au Conservatoire<br \/>\nNational des Arts et M\u00e9tiers. Le moment \u00e9tait crucial. Car derri\u00e8re<br \/>\nles chiffres et les slogans, restait une question : que disent ces<br \/>\nviolences r\u00e9p\u00e9t\u00e9es de l\u2019\u00e9tat du pays ? Pourtant, avant m\u00eame<br \/>\nd\u2019entrer dans le vif du sujet, la journaliste a choisi de lever un<br \/>\nvoile. Elle a racont\u00e9 <strong>les coulisses<\/strong> d\u2019une<br \/>\ninvitation bien plus compliqu\u00e9e qu\u2019il n\u2019y para\u00eet.<\/p>\n<p>Apolline de Malherbe : des appels&#8230; en vain !<\/p>\n<p data-start=\"1301\" data-end=\"2337\">Face cam\u00e9ra, Apolline de<br \/>\nMalherbe n\u2019a pas fait semblant. Elle a pris quelques secondes pour<br \/>\nsouligner la raret\u00e9 de l\u2019instant. \u00ab\u00a0On peut donner les coulisses ce matin. Vous m\u00a0\u00bbavez dit,<br \/>\n&lsquo;<strong>il n&rsquo;est pas question de venir avant<\/strong>, parce que<br \/>\npr\u00e9cis\u00e9ment, je pense qu&rsquo;aujourd&rsquo;hui, nous sommes trop dans la<br \/>\nsurench\u00e8re de dire il va se passer ci, il va se passer \u00e7a, et qu&rsquo;on<br \/>\nn&rsquo;en sait rien.&rsquo; Et <strong>c&rsquo;est tout \u00e0 votre honneur<\/strong><br \/>\nd&rsquo;avoir voulu effectivement voir les faits et les faits ce<br \/>\nmatin\u00a0\u00bb, a-t-elle confi\u00e9 \u00e0 son invit\u00e9.<\/p>\n<p data-start=\"1301\" data-end=\"2337\">Mani\u00e8re subtile de rappeler<br \/>\nque, dans ce flot de voix m\u00e9diatiques toujours promptes \u00e0<br \/>\ncommenter, Alain Bauer avait choisi le silence tant que les faits<br \/>\nn\u2019\u00e9taient pas \u00e9tablis. <strong>Une strat\u00e9gie<\/strong> qui, en<br \/>\ncreux, renvoyait \u00e0 la pr\u00e9cipitation de certains plateaux o\u00f9 le<br \/>\nconditionnel devient une v\u00e9rit\u00e9 instantan\u00e9e. Mais derri\u00e8re<br \/>\nl\u2019hommage, pointait aussi <strong>une frustration<\/strong>.<br \/>\n<a href=\"https:\/\/www.telestar.fr\/actu_tv\/un-peu-grace-a-nous-apolline-de-malherbe-tacle-son-invite-et-se-lance-des-fleurs-1736714\" target=\"_blank\" rel=\"noopener\"><br \/>\nLa pr\u00e9sentatrice<\/a> l\u2019a reconnu : le criminologue avait, \u00e0<br \/>\nplusieurs reprises, <strong>d\u00e9clin\u00e9 ses invitations<\/strong>.<\/p>\n<p>Apolline de Malherbe : l&rsquo;heure du<br \/>\nbilan<\/p>\n<p data-start=\"2391\" data-end=\"3334\">Finalement, la patience a<br \/>\npay\u00e9. Et cette arriv\u00e9e en plateau a pris des allures de<br \/>\n<strong>petite victoire<\/strong> pour la compagne de <a href=\"https:\/\/www.telestar.fr\/people\/apolline-de-malherbe-qui-est-harold-hauzy-son-compagnon-1689516\" target=\"_blank\" rel=\"noopener\"><br \/>\nHarold Hauzy<\/a>. Mais aussi d\u2019exemple \u00e0 m\u00e9diter. Car dans ce<br \/>\nth\u00e9\u00e2tre m\u00e9diatique o\u00f9 chaque micro cherche sa voix, Alain Bauer a<br \/>\nrappel\u00e9 par <strong>son absence prolong\u00e9e<\/strong> que l\u2019analyse<br \/>\nn\u2019est pas une marchandise livrable sur commande. Son exigence de<br \/>\ntemporiser, de se tenir \u00e0 distance de la<br \/>\n\u00ab\u00a0<strong>surench\u00e8re<\/strong>\u00ab\u00a0, tranche avec la vitesse<br \/>\nd\u2019un \u00e9cosyst\u00e8me o\u00f9 l\u2019on commente avant m\u00eame de comprendre.<\/p>\n<p data-start=\"2391\" data-end=\"3334\">Le coup de griffe d\u2019Apolline<br \/>\nde Malherbe en disait long : obtenir cet invit\u00e9 relevait du bras de<br \/>\nfer. Mais une fois face \u00e0 elle, le dialogue a pu avoir lieu. Ce<br \/>\nmatin-l\u00e0, la journaliste a marqu\u00e9 un point, en obtenant ce qu\u2019elle<br \/>\nn\u2019avait pas r\u00e9ussi jusque-l\u00e0 : <strong>un face-\u00e0-face sans<br \/>\nfiltre<\/strong> avec un expert qui pr\u00e9f\u00e8re l\u2019apr\u00e8s aux<br \/>\npr\u00e9dictions.<\/p>\n","protected":false},"excerpt":{"rendered":"EN BREF Le 18 septembre 2025, une mobilisation contre les mesures de Fran\u00e7ois Bayrou a eu lieu. 500&hellip;\n","protected":false},"author":2,"featured_media":402094,"comment_status":"","ping_status":"","sticky":false,"template":"","format":"standard","meta":{"footnotes":""},"categories":[1359],"tags":[10848,548,10943,58,59,1011,27,973],"class_list":{"0":"post-402093","1":"post","2":"type-post","3":"status-publish","4":"format-standard","5":"has-post-thumbnail","7":"category-people","8":"tag-apolline-de-malherbe","9":"tag-article-simple","10":"tag-bfm-tv","11":"tag-divertissement","12":"tag-entertainment","13":"tag-fr","14":"tag-france","15":"tag-people"},"share_on_mastodon":{"url":"https:\/\/pubeurope.com\/@fr\/115230387938183418","error":""},"_links":{"self":[{"href":"https:\/\/www.europesays.com\/fr\/wp-json\/wp\/v2\/posts\/402093","targetHints":{"allow":["GET"]}}],"collection":[{"href":"https:\/\/www.europesays.com\/fr\/wp-json\/wp\/v2\/posts"}],"about":[{"href":"https:\/\/www.europesays.com\/fr\/wp-json\/wp\/v2\/types\/post"}],"author":[{"embeddable":true,"href":"https:\/\/www.europesays.com\/fr\/wp-json\/wp\/v2\/users\/2"}],"replies":[{"embeddable":true,"href":"https:\/\/www.europesays.com\/fr\/wp-json\/wp\/v2\/comments?post=402093"}],"version-history":[{"count":0,"href":"https:\/\/www.europesays.com\/fr\/wp-json\/wp\/v2\/posts\/402093\/revisions"}],"wp:featuredmedia":[{"embeddable":true,"href":"https:\/\/www.europesays.com\/fr\/wp-json\/wp\/v2\/media\/402094"}],"wp:attachment":[{"href":"https:\/\/www.europesays.com\/fr\/wp-json\/wp\/v2\/media?parent=402093"}],"wp:term":[{"taxonomy":"category","embeddable":true,"href":"https:\/\/www.europesays.com\/fr\/wp-json\/wp\/v2\/categories?post=402093"},{"taxonomy":"post_tag","embeddable":true,"href":"https:\/\/www.europesays.com\/fr\/wp-json\/wp\/v2\/tags?post=402093"}],"curies":[{"name":"wp","href":"https:\/\/api.w.org\/{rel}","templated":true}]}}