{"id":402124,"date":"2025-09-19T10:21:19","date_gmt":"2025-09-19T10:21:19","guid":{"rendered":"https:\/\/www.europesays.com\/fr\/402124\/"},"modified":"2025-09-19T10:21:19","modified_gmt":"2025-09-19T10:21:19","slug":"ces-visites-insolites-a-ne-pas-rater","status":"publish","type":"post","link":"https:\/\/www.europesays.com\/fr\/402124\/","title":{"rendered":"ces visites insolites \u00e0 ne pas rater"},"content":{"rendered":"<p class=\"insetTitle\">\u00c0 Nancy, l\u2019\u00e9cole foresti\u00e8re c\u00e9l\u00e8bre ses 200 ans<\/p>\n<p>L\u2019\u00e9cole foresti\u00e8re du campus AgroParis Tech, 14 rue Girardet, \u00e0 Nancy, c\u00e9l\u00e8bre ses 200 ans en ouvrant exceptionnellement ses portes au public samedi 20\u00a0septembre, de 13\u00a0h\u00a030 \u00e0 18\u00a0h, et dimanche 21\u00a0septembre, de 13\u00a0h\u00a030 \u00e0 17\u00a0h\u00a030. Fond\u00e9e en 1824 par ordonnance, sous l\u2019appellation \u00c9cole royale foresti\u00e8re, elle a ouvert officiellement en 1825.<\/p>\n<p><a href=\"https:\/\/www.estrepublicain.fr\/education\/2025\/03\/14\/agroparis-tech-celebre-les-200-ans-de-son-ecole-forestiere\" target=\"_blank\" rel=\"noopener\">L\u2019\u00e9cole foresti\u00e8re<\/a> , qui forme des ing\u00e9nieurs forestiers et des experts en gestion des milieux naturels, abrite le plus grand fonds documentaire d\u2019Europe sp\u00e9cialis\u00e9 sur la for\u00eat et h\u00e9berge trois unit\u00e9s de recherche.<\/p>\n<p>\u00c0 l\u2019occasion des Journ\u00e9es europ\u00e9ennes du\u00a0patrimoine, les visiteurs pourront d\u00e9couvrir tout ce qui fait la sp\u00e9cificit\u00e9 du site dont un parc arbor\u00e9 d\u20191,6 hectare et son fameux platane plant\u00e9 en 1752.<\/p>\n<p>En plus des visites libres ou guid\u00e9es, ils pourront assister \u00e0 des ateliers consacr\u00e9s aux services \u00e9cosyst\u00e9miques de la for\u00eat, de formation, \u00e0 des conf\u00e9rences anim\u00e9es par des chercheurs <a href=\"https:\/\/www.estrepublicain.fr\/science-et-technologie\/2024\/06\/21\/passation-de-presidence-au-centre-inrae-grand-est-nancy\" target=\"_blank\" rel=\"noopener\">de l\u2019INRAE,<\/a> et aussi admirer une exposition de peintures dans le parc.<\/p>\n<p class=\"note\">Samedi 20\u00a0septembre, de 13\u00a0h\u00a030 \u00e0 18\u00a0h, et dimanche 21\u00a0septembre, de 13\u00a0h\u00a030 \u00e0 17\u00a0h\u00a030.<\/p>\n<p class=\"insetSignature\">Jean-Christophe Vincent<\/p>\n","protected":false},"excerpt":{"rendered":"\u00c0 Nancy, l\u2019\u00e9cole foresti\u00e8re c\u00e9l\u00e8bre ses 200 ans L\u2019\u00e9cole foresti\u00e8re du campus AgroParis Tech, 14 rue Girardet, \u00e0&hellip;\n","protected":false},"author":2,"featured_media":402125,"comment_status":"","ping_status":"","sticky":false,"template":"","format":"standard","meta":{"footnotes":""},"categories":[9635],"tags":[1111,11,1707,1704,1706,1705,1777,674,1011,27,775,1702,1703,12,2661,25],"class_list":{"0":"post-402124","1":"post","2":"type-post","3":"status-publish","4":"format-standard","5":"has-post-thumbnail","7":"category-nancy","8":"tag-actu","9":"tag-actualites","10":"tag-edition-luneville","11":"tag-edition-nancy-et-agglomeration","12":"tag-edition-pont-a-mousson","13":"tag-edition-toul","14":"tag-eu","15":"tag-europe","16":"tag-fr","17":"tag-france","18":"tag-grand-est","19":"tag-nancy","20":"tag-nancy-ville-54b","21":"tag-news","22":"tag-patrimoine-culturel","23":"tag-republique-francaise"},"share_on_mastodon":{"url":"https:\/\/pubeurope.com\/@fr\/115230466694593505","error":""},"_links":{"self":[{"href":"https:\/\/www.europesays.com\/fr\/wp-json\/wp\/v2\/posts\/402124","targetHints":{"allow":["GET"]}}],"collection":[{"href":"https:\/\/www.europesays.com\/fr\/wp-json\/wp\/v2\/posts"}],"about":[{"href":"https:\/\/www.europesays.com\/fr\/wp-json\/wp\/v2\/types\/post"}],"author":[{"embeddable":true,"href":"https:\/\/www.europesays.com\/fr\/wp-json\/wp\/v2\/users\/2"}],"replies":[{"embeddable":true,"href":"https:\/\/www.europesays.com\/fr\/wp-json\/wp\/v2\/comments?post=402124"}],"version-history":[{"count":0,"href":"https:\/\/www.europesays.com\/fr\/wp-json\/wp\/v2\/posts\/402124\/revisions"}],"wp:featuredmedia":[{"embeddable":true,"href":"https:\/\/www.europesays.com\/fr\/wp-json\/wp\/v2\/media\/402125"}],"wp:attachment":[{"href":"https:\/\/www.europesays.com\/fr\/wp-json\/wp\/v2\/media?parent=402124"}],"wp:term":[{"taxonomy":"category","embeddable":true,"href":"https:\/\/www.europesays.com\/fr\/wp-json\/wp\/v2\/categories?post=402124"},{"taxonomy":"post_tag","embeddable":true,"href":"https:\/\/www.europesays.com\/fr\/wp-json\/wp\/v2\/tags?post=402124"}],"curies":[{"name":"wp","href":"https:\/\/api.w.org\/{rel}","templated":true}]}}