{"id":402156,"date":"2025-09-19T10:41:09","date_gmt":"2025-09-19T10:41:09","guid":{"rendered":"https:\/\/www.europesays.com\/fr\/402156\/"},"modified":"2025-09-19T10:41:09","modified_gmt":"2025-09-19T10:41:09","slug":"un-homme-sauve-de-la-noyade","status":"publish","type":"post","link":"https:\/\/www.europesays.com\/fr\/402156\/","title":{"rendered":"un homme sauv\u00e9 de la noyade"},"content":{"rendered":"<p>            Par<br \/>\n        <strong><br \/>\n            <a href=\"https:\/\/actu.fr\/auteur\/guillaume-laurens\" title=\"Consulter tous les articles de Guillaume Laurens\" target=\"_blank\" rel=\"noopener\">Guillaume Laurens<\/a><br \/>\n        <\/strong><\/p>\n<p>        Publi\u00e9 le<\/p>\n<p>            19 sept. 2025 \u00e0 12h22        <\/p>\n<p>Il \u00e9tait 23\u00a0heures, quand de nombreux v\u00e9hicules de secours ont \u00e9t\u00e9 d\u00e9p\u00each\u00e9s pour porter secours \u00e0 <strong>un homme<\/strong> en train de <strong>se noyer<\/strong> dans\u00a0la <strong>Garonne<\/strong>, jeudi 18\u00a0septembre 2025, \u00e0 <a href=\"https:\/\/actu.fr\/toulouse\/\" target=\"_blank\" rel=\"noopener\"><strong>Toulouse<\/strong><\/a>.<\/p>\n<p>Il plonge pour \u00e9chapper \u00e0 la police et se noie<\/p>\n<p class=\" wall-content\">D\u2019apr\u00e8s nos informations, l\u2019homme <strong>tentait d\u2019\u00e9chapper \u00e0 la police<\/strong> quand il a plong\u00e9 dans la <strong>Garonne<\/strong>, \u00e0 proximit\u00e9 de la <a href=\"https:\/\/actu.fr\/occitanie\/toulouse_31555\/toulouse-ces-deux-passerelles-vont-ouvrir-au-public-on-vous-dit-quand_61221062.html\" target=\"_blank\" rel=\"noopener\"><strong>nouvelle passerelle<\/strong> Robert Poujade<\/a> qui m\u00e8ne au Stadium, du c\u00f4t\u00e9 de l\u2019avenue de Muret. Mais cet individu, \u00e2g\u00e9 d\u2019une <strong>trentaine d\u2019ann\u00e9es<\/strong>, s\u2019est <strong>noy\u00e9<\/strong> et son corps flottait dans le fleuve.<\/p>\n<p>Rep\u00each\u00e9 \u00e0 temps par les plongeurs<\/p>\n<p class=\" wall-content\">Rapidement arriv\u00e9e sur place, <strong>l\u2019\u00e9quipe de plongeurs<\/strong> des pompiers de la Haute-Garonne s\u2019est jet\u00e9e \u00e0 l\u2019eau pour rep\u00eacher la victime. Secouru \u00e0 temps, l\u2019homme est<strong> sain et sauf<\/strong>. Il a \u00e9t\u00e9 laiss\u00e9 entre les mains des forces de l\u2019ordre.<\/p>\n<p>    <a href=\"https:\/\/www.google.com\/maps\/embed?pb=!1m14!1m8!1m3!1d2889.8495165778318!2d1.4244017!3d43.5888507!3m2!1i1024!2i768!4f13.1!3m3!1m2!1s0x12aebb9d6a3ef031%3A0x8ad7ad21e0f82139!2sPasserelle%20Robert%20Poujade%2C%20Toulouse!5e0!3m2!1sfr!2sfr!4v1758273484444!5m2!1sfr!2sfr\" title=\"Ouvrie le lien\" target=\"_blank\" rel=\"noopener\">Cliquez ici pour visualiser le contenu<\/a><\/p>\n<p class=\" wall-content\">Personnalisez votre actualit\u00e9 en ajoutant vos villes et m\u00e9dias en favori avec <a href=\"https:\/\/moncompte.actu.fr\" title=\"D\u00e9couvez Mon Actu\" rel=\"nofollow noopener\" data-trk=\"{&quot;cta&quot;:{&quot;action&quot;:&quot;https:\\\/\\\/moncompte.actu.fr&quot;,&quot;category&quot;:&quot;mon compte&quot;,&quot;from&quot;:&quot;article footer&quot;,&quot;name&quot;:&quot;Mon actu&quot;,&quot;type&quot;:&quot;cta&quot;}}\" target=\"_blank\">Mon Actu<\/a>.<\/p>\n","protected":false},"excerpt":{"rendered":"Par Guillaume Laurens Publi\u00e9 le 19 sept. 2025 \u00e0 12h22 Il \u00e9tait 23\u00a0heures, quand de nombreux v\u00e9hicules de&hellip;\n","protected":false},"author":2,"featured_media":402157,"comment_status":"","ping_status":"","sticky":false,"template":"","format":"standard","meta":{"footnotes":""},"categories":[2816],"tags":[1111,11,1777,674,118,1011,27,5601,12,2680,1311,25,2312],"class_list":{"0":"post-402156","1":"post","2":"type-post","3":"status-publish","4":"format-standard","5":"has-post-thumbnail","7":"category-toulouse","8":"tag-actu","9":"tag-actualites","10":"tag-eu","11":"tag-europe","12":"tag-faits-divers","13":"tag-fr","14":"tag-france","15":"tag-garonne","16":"tag-news","17":"tag-occitanie","18":"tag-pompiers","19":"tag-republique-francaise","20":"tag-toulouse"},"share_on_mastodon":{"url":"https:\/\/pubeurope.com\/@fr\/115230545310207797","error":""},"_links":{"self":[{"href":"https:\/\/www.europesays.com\/fr\/wp-json\/wp\/v2\/posts\/402156","targetHints":{"allow":["GET"]}}],"collection":[{"href":"https:\/\/www.europesays.com\/fr\/wp-json\/wp\/v2\/posts"}],"about":[{"href":"https:\/\/www.europesays.com\/fr\/wp-json\/wp\/v2\/types\/post"}],"author":[{"embeddable":true,"href":"https:\/\/www.europesays.com\/fr\/wp-json\/wp\/v2\/users\/2"}],"replies":[{"embeddable":true,"href":"https:\/\/www.europesays.com\/fr\/wp-json\/wp\/v2\/comments?post=402156"}],"version-history":[{"count":0,"href":"https:\/\/www.europesays.com\/fr\/wp-json\/wp\/v2\/posts\/402156\/revisions"}],"wp:featuredmedia":[{"embeddable":true,"href":"https:\/\/www.europesays.com\/fr\/wp-json\/wp\/v2\/media\/402157"}],"wp:attachment":[{"href":"https:\/\/www.europesays.com\/fr\/wp-json\/wp\/v2\/media?parent=402156"}],"wp:term":[{"taxonomy":"category","embeddable":true,"href":"https:\/\/www.europesays.com\/fr\/wp-json\/wp\/v2\/categories?post=402156"},{"taxonomy":"post_tag","embeddable":true,"href":"https:\/\/www.europesays.com\/fr\/wp-json\/wp\/v2\/tags?post=402156"}],"curies":[{"name":"wp","href":"https:\/\/api.w.org\/{rel}","templated":true}]}}