{"id":402169,"date":"2025-09-19T10:48:12","date_gmt":"2025-09-19T10:48:12","guid":{"rendered":"https:\/\/www.europesays.com\/fr\/402169\/"},"modified":"2025-09-19T10:48:12","modified_gmt":"2025-09-19T10:48:12","slug":"entre-14-000-et-20-000-manifestants-trois-blesses-confirmes","status":"publish","type":"post","link":"https:\/\/www.europesays.com\/fr\/402169\/","title":{"rendered":"entre 14 000 et 20 000 manifestants, trois bless\u00e9s confirm\u00e9s"},"content":{"rendered":"<p style=\"text-align: justify;\"><strong>15h30 : <\/strong>La pr\u00e9fecture recense trois bless\u00e9s (1 journaliste, 2 policiers CRS) et 3 interpellations pour des jets de projectiles ou tentatives de blocages. S&rsquo;il y a eu des tensions place Bellecour, avec des individus escaladant Tissage Urbain ou l&rsquo;office de tourisme, la situation n&rsquo;a jamais \u00e9chapp\u00e9 au contr\u00f4le des forces de l&rsquo;ordre.<\/p>\n<p style=\"text-align: justify;\"><strong>14h30 :\u00a0<\/strong>La M7 a \u00e9t\u00e9 bloqu\u00e9e temporairement au niveau de Perrache, mais les automobilistes se sont fait justice eux-m\u00eames pour la d\u00e9bloquer. Trois interpellations ont \u00e9t\u00e9 men\u00e9es.<\/p>\n<p style=\"text-align: justify;\"><strong>13h45 :\u00a0<\/strong>Selon la pr\u00e9fecture, il y aurait 14 000 manifestants \u00e0 Lyon \u00ab\u00a0dont 400 individus violents\u00a0\u00bb. La CGT annonce quant \u00e0 elle 20 000 personnes.<\/p>\n<p style=\"text-align: justify;\"><strong>12h45 :\u00a0<\/strong>Une charge a eu lieu au niveau de Saxe-Gambetta pour repousser les antifas qui jetaient des projectiles et tiraient au mortier d\u2019artifice. Un journaliste de France T\u00e9l\u00e9visions a \u00e9t\u00e9 bless\u00e9 et est pris en charge. Un policier a \u00e9galement perdu une dent apr\u00e8s un jet de projectile.<\/p>\n<p style=\"text-align: justify;\"><strong>12h15 :\u00a0<\/strong>Le cort\u00e8ge descend le cours, sans heurt notable pour le moment.<\/p>\n<p style=\"text-align: justify;\"><strong>11h20 :\u00a0<\/strong>Le cort\u00e8ge se forme cours Albert Thomas et cours Gambetta. Des centaines de personnes vont d\u00e9filer jusqu&rsquo;\u00e0 la place Bellecour.<\/p>\n<p style=\"text-align: justify;\"><strong>10h25 :\u00a0<\/strong>Des effectifs de police ont \u00e9t\u00e9 envoy\u00e9s pour d\u00e9bloquer le lyc\u00e9e Saint-Exup\u00e9ry \u00e0 la Croix-Rousse. Les jeunes s&rsquo;en vont et se dirigent vers la Manufacture des Tabacs pour le d\u00e9but de la manifestation d\u00e8s 11h.<\/p>\n<p style=\"text-align: justify;\"><strong>10h15 :\u00a0<\/strong>De petits groupes passent d&rsquo;un rond-point \u00e0 l&rsquo;autre entre la Feyssine et le boulevard du 11 novembre \u00e0 Villeurbanne. Mais l&rsquo;important dispositif policier les fait fuir syst\u00e9matiquement.<\/p>\n<p style=\"text-align: justify;\"><strong>9h :\u00a0<\/strong>L&rsquo;ENS Lyon et Sciences Po Lyon resteront ferm\u00e9s. De petites mobilisations dans les lyc\u00e9es Saint-Exup\u00e9ry ou La Martini\u00e8re sont \u00e0 relever. La pr\u00e9fecture confirme le calme relatif ambiant. D&rsquo;ailleurs, aucune interpellation n&rsquo;a \u00e9t\u00e9 encore r\u00e9alis\u00e9e.<\/p>\n<p style=\"text-align: justify;\"><strong>8h15 :\u00a0<\/strong>C&rsquo;est un d\u00e9part tr\u00e8s timide pour l&rsquo;instant. Un jeu du chat et de la souris a \u00e9t\u00e9 r\u00e9alis\u00e9, probablement pour enquiquiner les autorit\u00e9s d\u00e8s l&rsquo;aube. Aucun blocage d&rsquo;envergure ou de casse n&rsquo;a \u00e9t\u00e9 encore constat\u00e9.<\/p>\n<p style=\"text-align: justify;\"><strong>7h45 :\u00a0<\/strong>La circulation reprend. Les manifestants ont pris la fuite \u00e0 la vue des premiers \u00e9quipages des forces de l&rsquo;ordre.\u00a0<\/p>\n<p style=\"text-align: justify;\"><strong>7h35 :\u00a0<\/strong>Des manifestants ont \u00e9t\u00e9 signal\u00e9s sur le p\u00e9riph\u00e9rique vers Villeurbanne. Une op\u00e9ration est en cours dans le secteur Cusset sur la route D183.\u00a0<\/p>\n<p style=\"text-align: justify;\"><strong>7h15 :\u00a0<\/strong>Matin\u00e9e tr\u00e8s calme, les membres de l&rsquo;ultra gauche se f\u00e9licitent sur leurs boucles Telegram de \u00ab\u00a0promener\u00a0\u00bb les CRS en Presqu&rsquo;\u00eele.\u00a0<\/p>\n<p style=\"text-align: justify;\"><strong>7h :\u00a0<\/strong>Le rassemblement place des Archives \u00e9tait tr\u00e8s peu suivi. Face \u00e0 l&rsquo;important dispositif policier, les manifestants ( une trentaine ) se d\u00e9placent jusqu&rsquo;\u00e0 Bellecour.\u00a0\u00a0<\/p>\n<p style=\"text-align: justify;\"><strong>6h : <\/strong>Deux \u00e9v\u00e8nements parall\u00e8les occupent \u00e9galement la pr\u00e9fecture ce jeudi. Il y a d&rsquo;abord Nico et Byilhan, les deux streamers qui r\u00e9alisent la travers\u00e9e de la France \u00e0 pied entre Montpellier et Paris, provoquant d&rsquo;importants attroupements sur leur passage, et qui ont eu la bonne id\u00e9e de venir \u00e0 Lyon le jour de la manifestation&#8230; Mathilde Panot, pr\u00e9sidente du groupe LFI \u00e0 l&rsquo;Assembl\u00e9e nationale, est \u00e9galement annonc\u00e9e \u00e0 Villeurbanne, pour donner un meeting au CCVA dans la soir\u00e9e.<\/p>\n<p style=\"text-align: justify;\"><strong>5h30 :\u00a0<\/strong>Plusieurs points de blocages ont \u00e9t\u00e9 annonc\u00e9s pour la journ\u00e9e. Cela commencera \u00e0 6h au technicentre TGV du 8e arrondissement. A 6h30, possibles premi\u00e8res tensions avec les forces de l&rsquo;ordre place des Archives, aux abords de la M7.<br \/>Le rond-point de la Feyssine sera \u00e0 prendre d\u00e8s 6h45. Une op\u00e9ration parking gratuit \u00e0 l&rsquo;h\u00f4pital Edouard-Herriot est annonc\u00e9e \u00e0 9h30. Les pharmaciens se retrouveront place des Martyrs de la R\u00e9sistance \u00e0 10h.<br \/>La manifestation de 11h, entre la Manufacture des Tabacs et la place Bellecour est maintenue.<br \/>Quant \u00e0 l&rsquo;apr\u00e8s-midi, on annonce une kermesse militante \u00e0 Charpennes \u00e0 15h, et un rassemblement sur la place du 8 Mai \u00e0 19h.<\/p>\n<p style=\"text-align: justify;\"><strong>5h <\/strong>: Une manifestation est annonc\u00e9e d\u00e8s 11h entre la Manufacture des Tabacs et la place Bellecour. Un rassemblement est aussi pr\u00e9vu \u00e0 6h30 sur la place des Archives \u00e0 Perrache, potentiellement pour tenter de bloquer la M7.<\/p>\n<p style=\"text-align: justify;\">Du c\u00f4t\u00e9 de la gr\u00e8ve TCL, les lignes de m\u00e9tro, les funiculaires, les trambus, les bus Chrono circuleront normalement, ainsi que les services Rh\u00f4nexpress et Navig\u00f4ne.<\/p>\n<p style=\"text-align: justify;\">La circulation sera plus compliqu\u00e9e pour les tramways. Les lignes de tramway T3, T4 et T5 circuleront normalement. Les lignes T1, T2 et T6 verront leurs fr\u00e9quences rallong\u00e9es et la ligne T7 sera \u00e0 l\u2019arr\u00eat..\u00a0<\/p>\n<p style=\"text-align: justify;\">Enfin, certains services des lignes de bus ne seront pas assur\u00e9s : 86, S2, 165, 214, 215, 216, 217, 236, 237. Certaines lignes scolaires Junior Direct seront \u00e9galement \u00e0 l\u2019arr\u00eat.<\/p>\n","protected":false},"excerpt":{"rendered":"15h30 : La pr\u00e9fecture recense trois bless\u00e9s (1 journaliste, 2 policiers CRS) et 3 interpellations pour des jets&hellip;\n","protected":false},"author":2,"featured_media":402170,"comment_status":"","ping_status":"","sticky":false,"template":"","format":"standard","meta":{"footnotes":""},"categories":[1889],"tags":[1111,11,2813,2190,2430,1109,251,1112,2811,1777,674,118,1011,27,1922,1110,1114,2428,2810,12,241,316,25,2812,517,800],"class_list":{"0":"post-402169","1":"post","2":"type-post","3":"status-publish","4":"format-standard","5":"has-post-thumbnail","7":"category-lyon","8":"tag-actu","9":"tag-actualites","10":"tag-article","11":"tag-asvel","12":"tag-auvergne-rhone-alpes","13":"tag-breves","14":"tag-culture","15":"tag-depeches","16":"tag-economique","17":"tag-eu","18":"tag-europe","19":"tag-faits-divers","20":"tag-fr","21":"tag-france","22":"tag-info","23":"tag-informations","24":"tag-infos","25":"tag-lyon","26":"tag-lyonmag","27":"tag-news","28":"tag-ol","29":"tag-politique","30":"tag-republique-francaise","31":"tag-sociale","32":"tag-sport","33":"tag-transports"},"share_on_mastodon":{"url":"https:\/\/pubeurope.com\/@fr\/115230572813916865","error":""},"_links":{"self":[{"href":"https:\/\/www.europesays.com\/fr\/wp-json\/wp\/v2\/posts\/402169","targetHints":{"allow":["GET"]}}],"collection":[{"href":"https:\/\/www.europesays.com\/fr\/wp-json\/wp\/v2\/posts"}],"about":[{"href":"https:\/\/www.europesays.com\/fr\/wp-json\/wp\/v2\/types\/post"}],"author":[{"embeddable":true,"href":"https:\/\/www.europesays.com\/fr\/wp-json\/wp\/v2\/users\/2"}],"replies":[{"embeddable":true,"href":"https:\/\/www.europesays.com\/fr\/wp-json\/wp\/v2\/comments?post=402169"}],"version-history":[{"count":0,"href":"https:\/\/www.europesays.com\/fr\/wp-json\/wp\/v2\/posts\/402169\/revisions"}],"wp:featuredmedia":[{"embeddable":true,"href":"https:\/\/www.europesays.com\/fr\/wp-json\/wp\/v2\/media\/402170"}],"wp:attachment":[{"href":"https:\/\/www.europesays.com\/fr\/wp-json\/wp\/v2\/media?parent=402169"}],"wp:term":[{"taxonomy":"category","embeddable":true,"href":"https:\/\/www.europesays.com\/fr\/wp-json\/wp\/v2\/categories?post=402169"},{"taxonomy":"post_tag","embeddable":true,"href":"https:\/\/www.europesays.com\/fr\/wp-json\/wp\/v2\/tags?post=402169"}],"curies":[{"name":"wp","href":"https:\/\/api.w.org\/{rel}","templated":true}]}}