{"id":402171,"date":"2025-09-19T10:49:20","date_gmt":"2025-09-19T10:49:20","guid":{"rendered":"https:\/\/www.europesays.com\/fr\/402171\/"},"modified":"2025-09-19T10:49:20","modified_gmt":"2025-09-19T10:49:20","slug":"ile-de-france-lexpo-la-science-taille-xx-elles-sapprete-a-voyager-dans-la-region","status":"publish","type":"post","link":"https:\/\/www.europesays.com\/fr\/402171\/","title":{"rendered":"\u00cele-de-France\u00a0: l&rsquo;expo \u00ab\u00a0La Science taille XX elles\u00a0\u00bb s&rsquo;appr\u00eate \u00e0 voyager dans la r\u00e9gion"},"content":{"rendered":"\n<p style=\"margin-bottom: 0cm;\">Port\u00e9e par le CNRS et l\u2019association Femmes &amp; Sciences,<strong> <\/strong>l&rsquo;expo circulera bient\u00f4t dans les coll\u00e8ges et lyc\u00e9es d\u2019\u00cele-de-France. Les \u00e9tablissements scolaires et culturels qui en feront la demande pourront l&rsquo;accueillir. Cette nouvelle \u00e9dition francilienne met en lumi\u00e8re 21 scientifiques, ambassadrices de la diversit\u00e9 des parcours et m\u00e9tiers de la recherche. \u00c0 travers le regard artistique du photographe Vincent Moncorg\u00e9, le projet entend sensibiliser leurs publics quant \u00e0 la place des femmes dans les sciences. Peut-\u00eatre de quoi inspirer des jeunes filles.<\/p>\n<p lang=\"fr-FR\" style=\"margin-bottom: 0cm;\">\u00a0<\/p>\n<p lang=\"fr-FR\" style=\"margin-bottom: 0cm;\">Nicolas Chacun<\/p>\n<p>!function(f,b,e,v,n,t,s){if(f.fbq)return;n=f.fbq=function(){n.callMethod?<br \/>\nn.callMethod.apply(n,arguments):n.queue.push(arguments)};if(!f._fbq)f._fbq=n;<br \/>\nn.push=n;n.loaded=!0;n.version=&rsquo;2.0&prime;;n.queue=[];t=b.createElement(e);t.async=!0;<br \/>\nt.src=v;s=b.getElementsByTagName(e)[0];s.parentNode.insertBefore(t,s)}(window,<br \/>\ndocument,&rsquo;script&rsquo;,&rsquo;https:\/\/connect.facebook.net\/en_US\/fbevents.js&rsquo;);<br \/>\nfbq(&lsquo;init&rsquo;, &lsquo;278974969201861&rsquo;); \/\/ Insert your pixel ID here.<br \/>\nfbq(&lsquo;track&rsquo;, &lsquo;PageView&rsquo;);<\/p>\n","protected":false},"excerpt":{"rendered":"Port\u00e9e par le CNRS et l\u2019association Femmes &amp; Sciences, l&rsquo;expo circulera bient\u00f4t dans les coll\u00e8ges et lyc\u00e9es d\u2019\u00cele-de-France.&hellip;\n","protected":false},"author":2,"featured_media":402172,"comment_status":"","ping_status":"","sticky":false,"template":"","format":"standard","meta":{"footnotes":""},"categories":[1592],"tags":[1111,11,1933,1936,1777,1939,674,1011,27,662,1934,12,1940,626,1935,25,1937,1941,1938],"class_list":{"0":"post-402171","1":"post","2":"type-post","3":"status-publish","4":"format-standard","5":"has-post-thumbnail","7":"category-ile-de-france","8":"tag-actu","9":"tag-actualites","10":"tag-actualites-locales","11":"tag-essonne","12":"tag-eu","13":"tag-eure-et-loir","14":"tag-europe","15":"tag-fr","16":"tag-france","17":"tag-ile-de-france","18":"tag-infos-locales","19":"tag-news","20":"tag-oise","21":"tag-paris","22":"tag-pres-de-chez-vous","23":"tag-republique-francaise","24":"tag-seine-et-marne","25":"tag-somme","26":"tag-yvelines"},"share_on_mastodon":{"url":"https:\/\/pubeurope.com\/@fr\/115230577406912249","error":""},"_links":{"self":[{"href":"https:\/\/www.europesays.com\/fr\/wp-json\/wp\/v2\/posts\/402171","targetHints":{"allow":["GET"]}}],"collection":[{"href":"https:\/\/www.europesays.com\/fr\/wp-json\/wp\/v2\/posts"}],"about":[{"href":"https:\/\/www.europesays.com\/fr\/wp-json\/wp\/v2\/types\/post"}],"author":[{"embeddable":true,"href":"https:\/\/www.europesays.com\/fr\/wp-json\/wp\/v2\/users\/2"}],"replies":[{"embeddable":true,"href":"https:\/\/www.europesays.com\/fr\/wp-json\/wp\/v2\/comments?post=402171"}],"version-history":[{"count":0,"href":"https:\/\/www.europesays.com\/fr\/wp-json\/wp\/v2\/posts\/402171\/revisions"}],"wp:featuredmedia":[{"embeddable":true,"href":"https:\/\/www.europesays.com\/fr\/wp-json\/wp\/v2\/media\/402172"}],"wp:attachment":[{"href":"https:\/\/www.europesays.com\/fr\/wp-json\/wp\/v2\/media?parent=402171"}],"wp:term":[{"taxonomy":"category","embeddable":true,"href":"https:\/\/www.europesays.com\/fr\/wp-json\/wp\/v2\/categories?post=402171"},{"taxonomy":"post_tag","embeddable":true,"href":"https:\/\/www.europesays.com\/fr\/wp-json\/wp\/v2\/tags?post=402171"}],"curies":[{"name":"wp","href":"https:\/\/api.w.org\/{rel}","templated":true}]}}