{"id":402177,"date":"2025-09-19T10:52:10","date_gmt":"2025-09-19T10:52:10","guid":{"rendered":"https:\/\/www.europesays.com\/fr\/402177\/"},"modified":"2025-09-19T10:52:10","modified_gmt":"2025-09-19T10:52:10","slug":"simon-porte-jacquemus-va-presenter-une-exposition-inedite-a-paris","status":"publish","type":"post","link":"https:\/\/www.europesays.com\/fr\/402177\/","title":{"rendered":"Simon Porte Jacquemus va pr\u00e9senter une exposition in\u00e9dite \u00e0 Paris"},"content":{"rendered":"<p>Voil\u00e0 un rendez-vous qui a de quoi susciter la curiosit\u00e9 des amateurs d\u2019art. Du 20 au 24 octobre prochain, soit la veille de l\u2019<a href=\"https:\/\/www.vogue.fr\/article\/tout-savoir-sur-art-basel-paris-2025-informations-dates-loic-prigent\" target=\"_blank\" rel=\"noopener\">Art Basel 2025<\/a>, <strong>Simon Porte Jacquemus<\/strong> organise une exposition gratuite dans l\u2019un des plus beaux, et anciens, b\u00e2timents m\u00e9di\u00e9vaux de Paris : le Coll\u00e8ge des Bernardins, situ\u00e9 entre la rue des \u00c9coles et le boulevard Saint-Germain, dans le V\u00e8me arrondissement. Baptis\u00e9e MYTHES, celle-ci fait dialoguer des \u0153uvres de l\u2019Antiquit\u00e9 avec les sculptures de marbre et de bronze de l\u2019artiste <strong>Aristide Maillol<\/strong>.<\/p>\n<p>Une exposition curat\u00e9e par Simon Porte Jacquemus<\/p>\n<p>Pour l\u2019occasion, le styliste fran\u00e7ais enfile sa casquette de commissaire d\u2019exposition et de sc\u00e9nographe et nous partage un peu plus sa passion pour l\u2019histoire de l\u2019art. En effet, ceux qui connaissent bien sa mode et ses d\u00e9fil\u00e9s savent que le cr\u00e9ateur puise son inspiration aupr\u00e8s des grands noms de la peinture, de l\u2019architecture et de la sculpture. En 2024 d\u00e9j\u00e0, <strong>Simon Porte Jacquemus<\/strong> avait \u00e9t\u00e9 invit\u00e9 \u00e0 imaginer une exposition autour des \u0153uvre du graveur <strong>Fran\u00e7ois-Xavier Lalanne<\/strong> lors d\u2019une ventre organis\u00e9e par Christie\u2019s \u00e0 New York. Apr\u00e8s avoir mis sa cr\u00e9ativit\u00e9 au service de la maison de <a href=\"https:\/\/www.vogue.fr\/article\/la-maison-veuve-clicquot-champagne-jacquemus\" target=\"_blank\" rel=\"noopener\">champagne <strong>Veuve Clicquot<\/strong><\/a> au d\u00e9but du mois de septembre, <strong><a href=\"https:\/\/www.vogue.fr\/dossier\/jacquemus\" target=\"_blank\" rel=\"noopener\">Jacquemus<\/a><\/strong> continue de diversifier son activit\u00e9 avec MYTHES. Con\u00e7u en collaboration avec les galeries Chenel et Dina Vierny, l\u2019\u00e9v\u00e9nement culturel se poursuivra ensuite dans leurs espaces, tous deux \u00e9tablis sur la Rive Gauche, du 30 octobre au 20 d\u00e9cembre.<\/p>\n<p>Instagram content<\/p>\n<p>This content can also be viewed on the site it <a href=\"https:\/\/www.instagram.com\/p\/DOoRKZsCCwC\" target=\"_blank\" rel=\"nofollow noreferrer noopener\" aria-label=\"Opens in a new window\" class=\"BaseWrap-sc-gzmcOU BaseText-eqOrNE BaseLink-eTpkqh ConsentBannerLink-dEGWLe deqABF hHpZaF fAMWKE\">originates<\/a> from.<\/p>\n<p><script async src=\"\/\/www.instagram.com\/embed.js\"><\/script><\/p>\n","protected":false},"excerpt":{"rendered":"Voil\u00e0 un rendez-vous qui a de quoi susciter la curiosit\u00e9 des amateurs d\u2019art. Du 20 au 24 octobre&hellip;\n","protected":false},"author":2,"featured_media":402178,"comment_status":"","ping_status":"","sticky":false,"template":"","format":"standard","meta":{"footnotes":""},"categories":[1888],"tags":[1111,1928,11,1927,3734,1777,674,1349,1011,27,46418,12,1926,626,1925,25],"class_list":{"0":"post-402177","1":"post","2":"type-post","3":"status-publish","4":"format-standard","5":"has-post-thumbnail","7":"category-paris","8":"tag-actu","9":"tag-actu-paris","10":"tag-actualites","11":"tag-actualites-paris","12":"tag-art","13":"tag-eu","14":"tag-europe","15":"tag-expositions","16":"tag-fr","17":"tag-france","18":"tag-jacquemus","19":"tag-news","20":"tag-news-paris","21":"tag-paris","22":"tag-paris-news","23":"tag-republique-francaise"},"share_on_mastodon":{"url":"https:\/\/pubeurope.com\/@fr\/115230588590931903","error":""},"_links":{"self":[{"href":"https:\/\/www.europesays.com\/fr\/wp-json\/wp\/v2\/posts\/402177","targetHints":{"allow":["GET"]}}],"collection":[{"href":"https:\/\/www.europesays.com\/fr\/wp-json\/wp\/v2\/posts"}],"about":[{"href":"https:\/\/www.europesays.com\/fr\/wp-json\/wp\/v2\/types\/post"}],"author":[{"embeddable":true,"href":"https:\/\/www.europesays.com\/fr\/wp-json\/wp\/v2\/users\/2"}],"replies":[{"embeddable":true,"href":"https:\/\/www.europesays.com\/fr\/wp-json\/wp\/v2\/comments?post=402177"}],"version-history":[{"count":0,"href":"https:\/\/www.europesays.com\/fr\/wp-json\/wp\/v2\/posts\/402177\/revisions"}],"wp:featuredmedia":[{"embeddable":true,"href":"https:\/\/www.europesays.com\/fr\/wp-json\/wp\/v2\/media\/402178"}],"wp:attachment":[{"href":"https:\/\/www.europesays.com\/fr\/wp-json\/wp\/v2\/media?parent=402177"}],"wp:term":[{"taxonomy":"category","embeddable":true,"href":"https:\/\/www.europesays.com\/fr\/wp-json\/wp\/v2\/categories?post=402177"},{"taxonomy":"post_tag","embeddable":true,"href":"https:\/\/www.europesays.com\/fr\/wp-json\/wp\/v2\/tags?post=402177"}],"curies":[{"name":"wp","href":"https:\/\/api.w.org\/{rel}","templated":true}]}}