{"id":402179,"date":"2025-09-19T10:53:09","date_gmt":"2025-09-19T10:53:09","guid":{"rendered":"https:\/\/www.europesays.com\/fr\/402179\/"},"modified":"2025-09-19T10:53:09","modified_gmt":"2025-09-19T10:53:09","slug":"le-cerveau-presume-de-lattaque-a-ete-arrete-apres-40-ans-de-traque","status":"publish","type":"post","link":"https:\/\/www.europesays.com\/fr\/402179\/","title":{"rendered":"le cerveau pr\u00e9sum\u00e9 de l&rsquo;attaque a \u00e9t\u00e9 arr\u00eat\u00e9 apr\u00e8s 40 ans de traque"},"content":{"rendered":"<p>            Par<br \/>\n        <strong><br \/>\n            <a href=\"https:\/\/actu.fr\/auteur\/redaction-paris\" title=\"Consulter tous les articles de R\u00e9daction Paris\" target=\"_blank\" rel=\"noopener\">R\u00e9daction Paris<\/a><br \/>\n        <\/strong><\/p>\n<p>        Publi\u00e9 le<\/p>\n<p>            19 sept. 2025 \u00e0 12h17        <\/p>\n<p>Nouveau rebondissement, 40 ans apr\u00e8s les faits. Un Palestinien surnomm\u00e9 <strong>Hicham Harb<\/strong>, suspect\u00e9 d\u2019avoir supervis\u00e9 le commando de l\u2019attentat rue des Rosiers qui avait fait six morts en 1982 \u00e0 Paris, a \u00e9t\u00e9 arr\u00eat\u00e9 par les autorit\u00e9s palestiniennes, a-t-on appris vendredi aupr\u00e8s du Parquet national antiterroriste (Pnat).<\/p>\n<p>Une avanc\u00e9e proc\u00e9durale majeure\u00a0<\/p>\n<p class=\" wall-content\">Le Pnat, confirmant une information du quotidien <a href=\"https:\/\/www.leparisien.fr\/international\/israel\/attentat-de-la-rue-des-rosiers-43-ans-apres-un-suspect-arrete-en-cisjordanie-19-09-2025-VKKSFBEGRJDDHCWQ2ZUMQYEAPI.php\" target=\"_blank\" rel=\"noopener\">Le Parisien<\/a>, a affirm\u00e9 \u00e0 l\u2019AFP avoir \u00e9t\u00e9 inform\u00e9 de cette <strong>arrestation par Interpol<\/strong> et s\u2019est \u00ab\u00a0f\u00e9licit\u00e9 de cette avanc\u00e9e proc\u00e9durale majeure et remercie les autorit\u00e9s palestiniennes\u00a0\u00bb concernant ce dossier.<\/p>\n<p class=\" wall-content\">Hicham Harb, 70 ans, vis\u00e9 par un mandat d\u2019arr\u00eat international \u00e9mis il y a dix ans, est l\u2019un des six hommes renvoy\u00e9s fin juillet devant la <a href=\"https:\/\/actu.fr\/ile-de-france\/paris_75056\/attentat-de-la-rue-des-rosiers-a-paris-40-ans-apres-vers-un-proces-aux-assises-contre-six-personnes_62890320.html\" target=\"_blank\" rel=\"noopener\">cour d\u2019assises sp\u00e9ciale de Paris<\/a> pour cet attentat antis\u00e9mite.<\/p>\n<p class=\" wall-content\">Ce d\u00e9veloppement inattendu, rendu public \u00e0 trois jours de la reconnaissance annonc\u00e9e, lundi prochain, par la France d\u2019un <a href=\"https:\/\/actu.fr\/monde\/la-paix-est-possible-emmanuel-macron-va-reconnaitre-l-etat-de-palestine-en-septembre_62955609.html\" target=\"_blank\" rel=\"noopener\">Etat de Palestine<\/a>, ouvre la voie \u00e0 la comparution du septuag\u00e9naire, s\u2019il venait \u00e0 \u00eatre extrad\u00e9.<\/p>\n<p>Six morts et 22 bless\u00e9s<\/p>\n<p class=\" wall-content\">Sur les <strong>six suspects<\/strong> renvoy\u00e9s devant la justice plus de 40 ans apr\u00e8s les faits, deux sont mis en examen, dont Abou Zayed, qui \u00e9tait jusqu\u2019alors le principal suspect entre les mains de la justice, et Hazza Taha.\u00a0Les quatre autres, sous mandat d\u2019arr\u00eat, \u00e9chappaient jusqu\u2019\u00e0 pr\u00e9sent \u00e0 la justice fran\u00e7aise.<\/p>\n<p class=\" wall-content\">Pour rappel, le <strong>9 ao\u00fbt 1982<\/strong>, six personnes ont \u00e9t\u00e9 tu\u00e9es et 22 bless\u00e9es dans l\u2019explosion d\u2019une grenade dans le restaurant Jo Goldenberg puis dans une fusillade dans le quartier du Marais, perp\u00e9tr\u00e9e par un commando de trois \u00e0 cinq hommes.\u00a0<\/p>\n<p class=\" wall-content\">L\u2019attentat a \u00e9t\u00e9 attribu\u00e9 au <strong>Fatah-Conseil r\u00e9volutionnaire<\/strong> (Fatah-CR) d\u2019Abou Nidal, groupe palestinien dissident de l\u2019Organisation de lib\u00e9ration de la Palestine (OLP).\u00a0<\/p>\n<p>Votre r\u00e9gion, votre actu !<\/p>\n<p>Recevez chaque jour les infos qui comptent pour vous.<\/p>\n<p>\t<a href=\"https:\/\/actu.fr\/newsletter\" class=\"ac-btn ac-btn--corner ac-btn--medium ac-btn--blue800\" target=\"_blank\" rel=\"noopener\">S&rsquo;incrire<\/a><\/p>\n<p class=\" wall-content\">Avec AFP.<\/p>\n<p class=\" wall-content\">Personnalisez votre actualit\u00e9 en ajoutant vos villes et m\u00e9dias en favori avec <a href=\"https:\/\/moncompte.actu.fr\" title=\"D\u00e9couvez Mon Actu\" rel=\"nofollow noopener\" data-trk=\"{&quot;cta&quot;:{&quot;action&quot;:&quot;https:\\\/\\\/moncompte.actu.fr&quot;,&quot;category&quot;:&quot;mon compte&quot;,&quot;from&quot;:&quot;article footer&quot;,&quot;name&quot;:&quot;Mon actu&quot;,&quot;type&quot;:&quot;cta&quot;}}\" target=\"_blank\">Mon Actu<\/a>.<\/p>\n","protected":false},"excerpt":{"rendered":"Par R\u00e9daction Paris Publi\u00e9 le 19 sept. 2025 \u00e0 12h17 Nouveau rebondissement, 40 ans apr\u00e8s les faits. Un&hellip;\n","protected":false},"author":2,"featured_media":237860,"comment_status":"","ping_status":"","sticky":false,"template":"","format":"standard","meta":{"footnotes":""},"categories":[1888],"tags":[11,6155,5581,1777,674,118,1011,27,12,626,25],"class_list":{"0":"post-402179","1":"post","2":"type-post","3":"status-publish","4":"format-standard","5":"has-post-thumbnail","7":"category-paris","8":"tag-actualites","9":"tag-antisemitisme","10":"tag-attentat","11":"tag-eu","12":"tag-europe","13":"tag-faits-divers","14":"tag-fr","15":"tag-france","16":"tag-news","17":"tag-paris","18":"tag-republique-francaise"},"share_on_mastodon":{"url":"https:\/\/pubeurope.com\/@fr\/115230592469183132","error":""},"_links":{"self":[{"href":"https:\/\/www.europesays.com\/fr\/wp-json\/wp\/v2\/posts\/402179","targetHints":{"allow":["GET"]}}],"collection":[{"href":"https:\/\/www.europesays.com\/fr\/wp-json\/wp\/v2\/posts"}],"about":[{"href":"https:\/\/www.europesays.com\/fr\/wp-json\/wp\/v2\/types\/post"}],"author":[{"embeddable":true,"href":"https:\/\/www.europesays.com\/fr\/wp-json\/wp\/v2\/users\/2"}],"replies":[{"embeddable":true,"href":"https:\/\/www.europesays.com\/fr\/wp-json\/wp\/v2\/comments?post=402179"}],"version-history":[{"count":0,"href":"https:\/\/www.europesays.com\/fr\/wp-json\/wp\/v2\/posts\/402179\/revisions"}],"wp:featuredmedia":[{"embeddable":true,"href":"https:\/\/www.europesays.com\/fr\/wp-json\/wp\/v2\/media\/237860"}],"wp:attachment":[{"href":"https:\/\/www.europesays.com\/fr\/wp-json\/wp\/v2\/media?parent=402179"}],"wp:term":[{"taxonomy":"category","embeddable":true,"href":"https:\/\/www.europesays.com\/fr\/wp-json\/wp\/v2\/categories?post=402179"},{"taxonomy":"post_tag","embeddable":true,"href":"https:\/\/www.europesays.com\/fr\/wp-json\/wp\/v2\/tags?post=402179"}],"curies":[{"name":"wp","href":"https:\/\/api.w.org\/{rel}","templated":true}]}}