{"id":402182,"date":"2025-09-19T10:55:10","date_gmt":"2025-09-19T10:55:10","guid":{"rendered":"https:\/\/www.europesays.com\/fr\/402182\/"},"modified":"2025-09-19T10:55:10","modified_gmt":"2025-09-19T10:55:10","slug":"un-proche-de-vladimir-poutine-demissionne-de-son-plein-gre-selon-le-kremlin","status":"publish","type":"post","link":"https:\/\/www.europesays.com\/fr\/402182\/","title":{"rendered":"Un proche de Vladimir Poutine d\u00e9missionne \u201cde son plein gr\u00e9\u201d\u2026 selon le Kremlin"},"content":{"rendered":"\n<p>Le bruit courait d\u00e9j\u00e0 depuis plusieurs jours parmi les familiers des coulisses du Kremlin. Mais, depuis le jeudi 18\u00a0septembre, c\u2019est officiel\u00a0: Dmitri Kozak quitte ses fonctions de num\u00e9ro deux de l\u2019administration pr\u00e9sidentielle, une institution toute-puissante en Russie, souvent pr\u00e9sent\u00e9e comme le \u201cv\u00e9ritable\u201d gouvernement du pays. Cette information a \u00e9t\u00e9 confirm\u00e9e par le porte-parole du Kremlin, qui a tenu \u00e0 pr\u00e9ciser que le haut fonctionnaire russe avait quitt\u00e9 ses fonctions \u201cde son plein gr\u00e9\u201d, <a class=\"ithalc\" data-ithal=\"lien_externe\" data-ithalc=\"[nav_article]\" target=\"_blank\" href=\"https:\/\/www.interfax.ru\/russia\/1047954\" rel=\"noopener\">selon l\u2019agence officielle<strong> Interfax<\/strong><\/a><strong>.<\/strong><\/p>\n<p>Cette d\u00e9mission a \u00e9t\u00e9 trait\u00e9e avec discr\u00e9tion par les m\u00e9dias officiels, qui se sont born\u00e9s, dans le meilleur des cas, \u00e0 rappeler la longue carri\u00e8re politique de cet homme de l\u2019ombre, qui a occup\u00e9 des postes cl\u00e9s dans l\u2019appareil d\u2019\u00c9tat russe durant les vingt-cinq derni\u00e8res ann\u00e9es. \u201cUn poids lourd \u00e0 l\u2019\u00e9ventail tr\u00e8s large\u201d,<a class=\"ithalc\" data-ithal=\"lien_externe\" data-ithalc=\"[nav_article]\" target=\"_blank\" href=\"https:\/\/www.kommersant.ru\/doc\/8043286\" rel=\"noopener\"> titre le quotidien \u00e9conomique <strong>Kommersant<\/strong><\/a><strong> <\/strong>en pr\u00e9cisant n\u00e9anmoins qu\u2019il n\u2019y avait pas eu de \u201cd\u00e9mission \u00e0 un niveau aussi \u00e9lev\u00e9 au Kremlin depuis 2016, lorsque son pr\u00e9d\u00e9cesseur \u00e0 ce poste, Viatcheslav Volodine, est devenu pr\u00e9sident de la Douma d\u2019\u00c9tat\u201d, la chambre basse du Parlement f\u00e9d\u00e9ral.<\/p>\n<p><a class=\"ithalc\" data-ithal=\"lien_externe\" data-ithalc=\"[nav_article]\" target=\"_blank\" href=\"https:\/\/www.vedomosti.ru\/spravka\/dmitrii-kozak\" rel=\"noopener\">L\u2019autre quotidien \u00e9conomique de Moscou,<strong> Vedomosti<\/strong><\/a><strong>,<\/strong> avance que, selon certaines de ses sources, cet homme n\u00e9 en 1958 dans ce qui \u00e9tait alors la R\u00e9publiq<\/p>\n","protected":false},"excerpt":{"rendered":"Le bruit courait d\u00e9j\u00e0 depuis plusieurs jours parmi les familiers des coulisses du Kremlin. Mais, depuis le jeudi&hellip;\n","protected":false},"author":2,"featured_media":402183,"comment_status":"","ping_status":"","sticky":false,"template":"","format":"standard","meta":{"footnotes":""},"categories":[1591],"tags":[11,674,1887,1892,12,1885,1886,132,220,135],"class_list":{"0":"post-402182","1":"post","2":"type-post","3":"status-publish","4":"format-standard","5":"has-post-thumbnail","7":"category-russie","8":"tag-actualites","9":"tag-europe","10":"tag-federation-de-russie","11":"tag-gu00e9opolitique","12":"tag-news","13":"tag-russia","14":"tag-russian-federation","15":"tag-russie","16":"tag-ukraine","17":"tag-vladimir-poutine"},"share_on_mastodon":{"url":"https:\/\/pubeurope.com\/@fr\/115230600306005568","error":""},"_links":{"self":[{"href":"https:\/\/www.europesays.com\/fr\/wp-json\/wp\/v2\/posts\/402182","targetHints":{"allow":["GET"]}}],"collection":[{"href":"https:\/\/www.europesays.com\/fr\/wp-json\/wp\/v2\/posts"}],"about":[{"href":"https:\/\/www.europesays.com\/fr\/wp-json\/wp\/v2\/types\/post"}],"author":[{"embeddable":true,"href":"https:\/\/www.europesays.com\/fr\/wp-json\/wp\/v2\/users\/2"}],"replies":[{"embeddable":true,"href":"https:\/\/www.europesays.com\/fr\/wp-json\/wp\/v2\/comments?post=402182"}],"version-history":[{"count":0,"href":"https:\/\/www.europesays.com\/fr\/wp-json\/wp\/v2\/posts\/402182\/revisions"}],"wp:featuredmedia":[{"embeddable":true,"href":"https:\/\/www.europesays.com\/fr\/wp-json\/wp\/v2\/media\/402183"}],"wp:attachment":[{"href":"https:\/\/www.europesays.com\/fr\/wp-json\/wp\/v2\/media?parent=402182"}],"wp:term":[{"taxonomy":"category","embeddable":true,"href":"https:\/\/www.europesays.com\/fr\/wp-json\/wp\/v2\/categories?post=402182"},{"taxonomy":"post_tag","embeddable":true,"href":"https:\/\/www.europesays.com\/fr\/wp-json\/wp\/v2\/tags?post=402182"}],"curies":[{"name":"wp","href":"https:\/\/api.w.org\/{rel}","templated":true}]}}