{"id":402184,"date":"2025-09-19T10:56:13","date_gmt":"2025-09-19T10:56:13","guid":{"rendered":"https:\/\/www.europesays.com\/fr\/402184\/"},"modified":"2025-09-19T10:56:13","modified_gmt":"2025-09-19T10:56:13","slug":"a-lepreuve-du-feu-russe-et-israelien-liberation","status":"publish","type":"post","link":"https:\/\/www.europesays.com\/fr\/402184\/","title":{"rendered":"\u00e0 l\u2019\u00e9preuve du feu russe et isra\u00e9lien \u2013 Lib\u00e9ration"},"content":{"rendered":"<p class=\"sc-cPiKLX AiZTS text-element\"><b>Huit mois apr\u00e8s le retour du milliardaire \u00e0 la Maison Blanche et \u00e0 quelques jours de son discours devant l\u2019assembl\u00e9e g\u00e9n\u00e9rale des Nations unies \u00e0 New York, <\/b><b>Lib\u00e9ration <\/b><b>revisite la diplomatie am\u00e9ricaine \u00e0 l\u2019\u00e8re de Donald Trump. Guerres \u00e0 Gaza et en Ukraine, tarifs douaniers, pression sur les partenaires europ\u00e9ens, autoritarisme et isolationnisme\u2026 Une s\u00e9rie en quatre volets raconte et analyse comment le style, les actions, les d\u00e9clarations et les \u00abdeals\u00bb d\u2019un pr\u00e9sident impr\u00e9visible ont r\u00e9volutionn\u00e9 la politique \u00e9trang\u00e8re am\u00e9ricaine, boulevers\u00e9 les \u00e9quilibres plan\u00e9taires et red\u00e9fini les alliances et les engagements de la premi\u00e8re puissance mondiale.<\/b> <\/p>\n<p class=\"sc-cPiKLX AiZTS text-element\">De l\u2019enfance jusqu\u2019aux cimes du pouvoir, tout, chez Donald Trump, ram\u00e8ne inlassablement \u00e0 une qu\u00eate unique : celle du \u00abdeal\u00bb, \u00e9clatant de pr\u00e9f\u00e9rence, ou du moins susceptible d\u2019\u00eatre exhib\u00e9 comme tel. Ma\u00eetre autoproclam\u00e9 de la n\u00e9gociation, le magnat new-yorkais a toujours cru pouvoir compenser son indiff\u00e9rence aux dossiers complexes \u2013 ces d\u00e9tails filandreux qui l\u2019ennuient \u2013 par une assurance in\u00e9branlable. \u00abJe ne perds jamais foi en moi-m\u00eame\u00bb, affirmait-il dans une interview en 2009, avouant, dans le m\u00eame souffle, son incapacit\u00e9 \u00e0 envisager \u00abla d\u00e9faite\u00bb. <a href=\"https:\/\/www.liberation.fr\/international\/amerique\/enquete-sur-lassaut-du-capitole-derriere-le-grand-mensonge-il-y-avait-la-grande-escroquerie-de-trump-20220613_XCSIZWIIIZBD3EX2UOPCE4SOEY\/\" target=\"_blank\" rel=\"noopener\" title=\"https:\/\/www.liberat &lt;div style=\" clear:=\"\" both=\"\"><\/p>\n","protected":false},"excerpt":{"rendered":"Huit mois apr\u00e8s le retour du milliardaire \u00e0 la Maison Blanche et \u00e0 quelques jours de son discours&hellip;\n","protected":false},"author":2,"featured_media":402185,"comment_status":"","ping_status":"","sticky":false,"template":"","format":"standard","meta":{"footnotes":""},"categories":[1590],"tags":[11,75,73,1777,674,3517,18611,12,220,297,135,7084],"class_list":{"0":"post-402184","1":"post","2":"type-post","3":"status-publish","4":"format-standard","5":"has-post-thumbnail","7":"category-ukraine","8":"tag-actualites","9":"tag-donald-trump","10":"tag-etats-unis","11":"tag-eu","12":"tag-europe","13":"tag-gaza-l-escalade","14":"tag-narendra-modi","15":"tag-news","16":"tag-ukraine","17":"tag-ukraine-la-crise","18":"tag-vladimir-poutine","19":"tag-xi-jinping"},"share_on_mastodon":{"url":"https:\/\/pubeurope.com\/@fr\/115230604282567892","error":""},"_links":{"self":[{"href":"https:\/\/www.europesays.com\/fr\/wp-json\/wp\/v2\/posts\/402184","targetHints":{"allow":["GET"]}}],"collection":[{"href":"https:\/\/www.europesays.com\/fr\/wp-json\/wp\/v2\/posts"}],"about":[{"href":"https:\/\/www.europesays.com\/fr\/wp-json\/wp\/v2\/types\/post"}],"author":[{"embeddable":true,"href":"https:\/\/www.europesays.com\/fr\/wp-json\/wp\/v2\/users\/2"}],"replies":[{"embeddable":true,"href":"https:\/\/www.europesays.com\/fr\/wp-json\/wp\/v2\/comments?post=402184"}],"version-history":[{"count":0,"href":"https:\/\/www.europesays.com\/fr\/wp-json\/wp\/v2\/posts\/402184\/revisions"}],"wp:featuredmedia":[{"embeddable":true,"href":"https:\/\/www.europesays.com\/fr\/wp-json\/wp\/v2\/media\/402185"}],"wp:attachment":[{"href":"https:\/\/www.europesays.com\/fr\/wp-json\/wp\/v2\/media?parent=402184"}],"wp:term":[{"taxonomy":"category","embeddable":true,"href":"https:\/\/www.europesays.com\/fr\/wp-json\/wp\/v2\/categories?post=402184"},{"taxonomy":"post_tag","embeddable":true,"href":"https:\/\/www.europesays.com\/fr\/wp-json\/wp\/v2\/tags?post=402184"}],"curies":[{"name":"wp","href":"https:\/\/api.w.org\/{rel}","templated":true}]}}