{"id":402194,"date":"2025-09-19T11:01:14","date_gmt":"2025-09-19T11:01:14","guid":{"rendered":"https:\/\/www.europesays.com\/fr\/402194\/"},"modified":"2025-09-19T11:01:14","modified_gmt":"2025-09-19T11:01:14","slug":"je-nai-pas-eu-droit-a-sa-retraite","status":"publish","type":"post","link":"https:\/\/www.europesays.com\/fr\/402194\/","title":{"rendered":"je n&rsquo;ai pas eu droit \u00e0 sa retraite"},"content":{"rendered":"<p>            <a href=\"https:\/\/www.journaldesfemmes.fr\/people\/magazine\/3241292-actu-people-france-septembre-semaine-3-amir-sylvie-tellier\/3241572-laurent-fontaine\" class=\"app_button_nav_prev jMiddlePreviousButton\" target=\"_blank\" rel=\"noopener\"><\/a><a href=\"https:\/\/www.journaldesfemmes.fr\/people\/magazine\/3241292-actu-people-france-septembre-semaine-3-amir-sylvie-tellier\/3241732-charles-iii\" class=\"app_button_nav_next jMiddleNextButton\" target=\"_blank\" rel=\"noopener\"><\/a><\/p>\n<p>                <img loading=\"lazy\" decoding=\"async\" src=\"https:\/\/www.europesays.com\/fr\/wp-content\/uploads\/2025\/09\/40047256.jpeg\" alt=\"\" width=\"250\" height=\"458\"\/><br \/>\n            <a href=\"https:\/\/img-3.journaldesfemmes.fr\/pybYWi8wGnAcPLOODp1DLZx0jbw=\/662x\/smart\/28b1ab322bb84f5b9aa465ac7c3078c2\/ccmcms-jdf\/40047256.jpeg\" class=\"fancy app_btn_1 app_btn--ico\" target=\"_blank\" rel=\"noopener\"><\/a>Dani\u00e8le Evenou \u00a9\u00a0DELALANDE RAYMOND\/SIPA    <\/p>\n<p><strong>Budget limit\u00e9.<\/strong> Epouse du journaliste et ancien ministre de la Communication Georges Fillioud entre 1996 et sa mort survenue en 2011, Dani\u00e8le Evenou ne touche pas pour autant une pension de reversion extraordinaire. \u00ab\u00a0Mon mari a \u00e9t\u00e9 ministre sous Mitterrand. Mon mari est celui qui a cr\u00e9\u00e9 Canal +, les radios libres etc&#8230; Je me suis mari\u00e9e avec Georges et \u00e0 sa mort, je n&rsquo;ai pas eu le droit \u00e0 sa retraite de ministre. \u00c7a n&rsquo;existe pas (&#8230;)\u00a0Je peux vous dire que j&rsquo;ai 450\u00a0euros parce que tout \u00e7a est au prorata des ann\u00e9es de mariage\u00a0\u00bb, a expliqu\u00e9 la com\u00e9dienne de 82 ans \u00e0 Sud Radio.\u00a0<\/p>\n","protected":false},"excerpt":{"rendered":"Dani\u00e8le Evenou \u00a9\u00a0DELALANDE RAYMOND\/SIPA Budget limit\u00e9. Epouse du journaliste et ancien ministre de la Communication Georges Fillioud entre&hellip;\n","protected":false},"author":2,"featured_media":402195,"comment_status":"","ping_status":"","sticky":false,"template":"","format":"standard","meta":{"footnotes":""},"categories":[1586],"tags":[11,53348,51761,1777,674,1779,52292,1011,27,51766,1031,12,25,1778,364],"class_list":{"0":"post-402194","1":"post","2":"type-post","3":"status-publish","4":"format-standard","5":"has-post-thumbnail","7":"category-europe","8":"tag-actualites","9":"tag-cms-journaldesfemmes-3241828","10":"tag-controller-content","11":"tag-eu","12":"tag-europe","13":"tag-european-union","14":"tag-format-reportage","15":"tag-fr","16":"tag-france","17":"tag-les-histoires-du-jdf","18":"tag-magazine","19":"tag-news","20":"tag-republique-francaise","21":"tag-ue","22":"tag-union-europeenne"},"share_on_mastodon":{"url":"https:\/\/pubeurope.com\/@fr\/115230624352779750","error":""},"_links":{"self":[{"href":"https:\/\/www.europesays.com\/fr\/wp-json\/wp\/v2\/posts\/402194","targetHints":{"allow":["GET"]}}],"collection":[{"href":"https:\/\/www.europesays.com\/fr\/wp-json\/wp\/v2\/posts"}],"about":[{"href":"https:\/\/www.europesays.com\/fr\/wp-json\/wp\/v2\/types\/post"}],"author":[{"embeddable":true,"href":"https:\/\/www.europesays.com\/fr\/wp-json\/wp\/v2\/users\/2"}],"replies":[{"embeddable":true,"href":"https:\/\/www.europesays.com\/fr\/wp-json\/wp\/v2\/comments?post=402194"}],"version-history":[{"count":0,"href":"https:\/\/www.europesays.com\/fr\/wp-json\/wp\/v2\/posts\/402194\/revisions"}],"wp:featuredmedia":[{"embeddable":true,"href":"https:\/\/www.europesays.com\/fr\/wp-json\/wp\/v2\/media\/402195"}],"wp:attachment":[{"href":"https:\/\/www.europesays.com\/fr\/wp-json\/wp\/v2\/media?parent=402194"}],"wp:term":[{"taxonomy":"category","embeddable":true,"href":"https:\/\/www.europesays.com\/fr\/wp-json\/wp\/v2\/categories?post=402194"},{"taxonomy":"post_tag","embeddable":true,"href":"https:\/\/www.europesays.com\/fr\/wp-json\/wp\/v2\/tags?post=402194"}],"curies":[{"name":"wp","href":"https:\/\/api.w.org\/{rel}","templated":true}]}}