{"id":402204,"date":"2025-09-19T11:10:14","date_gmt":"2025-09-19T11:10:14","guid":{"rendered":"https:\/\/www.europesays.com\/fr\/402204\/"},"modified":"2025-09-19T11:10:14","modified_gmt":"2025-09-19T11:10:14","slug":"alberto-puig-fait-le-point-sur-le-test-motogp-a-misano-pour-honda","status":"publish","type":"post","link":"https:\/\/www.europesays.com\/fr\/402204\/","title":{"rendered":"Alberto Puig fait le point sur le Test MotoGP \u00e0 Misano pour Honda"},"content":{"rendered":"<p data-start=\"59\" data-end=\"625\"><strong>Apr\u00e8s avoir sauv\u00e9 sa t\u00eate<br \/>\nmalgr\u00e9 la temp\u00eate qui ballotte le team officiel Honda depuis au<br \/>\nmoins 2022, le capitaine Alberto Puig voit enfin poindre le phare<br \/>\nqui \u00e9claire le chemin \u00e0 suivre, et le dernier test MotoGP \u00e0 Misano<br \/>\nne fait que confirmer que le constructeur japonais est dans une<br \/>\nbonne passe.<\/strong><\/p>\n<p data-start=\"59\" data-end=\"625\">Pour les hommes de Tokyo, la<br \/>\ntravers\u00e9e a \u00e9t\u00e9 interminable, au point de perdre l\u2019an pass\u00e9 le<br \/>\nbarreur sur lequel ils avaient tout mis\u00e9 !<\/p>\n<p data-start=\"59\" data-end=\"625\">Mais alors qu\u2019un Fran\u00e7ais se<br \/>\nchargeait de hisser tant bien que mal le pavillon \u00e0 l\u2019aile d\u2019or,<br \/>\nles ing\u00e9nieurs du soleil levant finissaient enfin par trouver la<br \/>\nbonne direction. Tr\u00e8s r\u00e9cemment, au prix d\u2019un cadre, d\u2019un bras<br \/>\noscillant, de nouveaux appendices a\u00e9rodynamiques, et sans nul doute<br \/>\nde l\u2019arriv\u00e9e du trio <a href=\"https:\/\/www.paddock-gp.com\/?s=albesiano\" target=\"_blank\" rel=\"noopener nofollow\"><strong>Romano Albesiano<\/strong><\/a>, <a href=\"https:\/\/www.paddock-gp.com\/?s=jimenez\" target=\"_blank\" rel=\"noopener nofollow\"><strong>Antonio Jimenez<\/strong><\/a> et <a href=\"https:\/\/www.paddock-gp.com\/?s=aleix+espargaro\" target=\"_blank\" rel=\"noopener nofollow\"><strong>Aleix Espargaro<\/strong><\/a>, en renfort,<br \/>\nles r\u00e9sultats ont subitement bondi pour les pilotes qui en<br \/>\ndisposaient, au grand dam passager d\u2019un certain num\u00e9ro 5\u2026<\/p>\n<p data-start=\"59\" data-end=\"625\">Heureusement, toutes les petites<br \/>\ndissensions sont maintenant oubli\u00e9es, et les pilotes Honda dans<br \/>\nleur ensemble, au moral boost\u00e9 par la nouvelle RC213V<br \/>\ntemporairement finalis\u00e9e lors du test MotoGP \u00e0 Misano, attendent le<br \/>\nGrand Prix du Japon avec impatience, tout comme Alberto Puig qui<br \/>\nn\u2019a pas cach\u00e9 sa satisfaction au micro du site officiel <a href=\"https:\/\/www.motogp.com\/fr\/videos\/2025\/09\/17\/puig-confiant-quant-aux-progres-observes-chez-honda\/759301\" target=\"_blank\" rel=\"noopener nofollow\">MotoGP.com<\/a>.<\/p>\n<p data-start=\"59\" data-end=\"625\">\u00ab\u00a0Les derni\u00e8res semaines<br \/>\nont \u00e9t\u00e9 vraiment positives pour nous en termes de d\u00e9veloppement. Et<br \/>\noui, je pense que nous avan\u00e7ons conform\u00e9ment au plan que nous<br \/>\navions \u00e9tabli en d\u00e9but d\u2019ann\u00e9e, car d\u00e8s les essais de Sepang, au<br \/>\nd\u00e9but de la saison, nous vous avions d\u00e9j\u00e0 inform\u00e9s que<br \/>\nprobablement, apr\u00e8s la pause estivale, nous apporterions des<br \/>\n\u00e9volutions, et c\u2019est ce qui est en train de se produire. Nous<br \/>\nessayons des choses qui fonctionnent et nous sommes assez confiants<br \/>\nquant aux progr\u00e8s r\u00e9alis\u00e9s, donc nous sommes globalement tr\u00e8s<br \/>\nsatisfaits de la mani\u00e8re dont les choses se<br \/>\npassent.\u00a0\u00bb<\/p>\n<p data-start=\"627\" data-end=\"713\">Interrog\u00e9 pr\u00e9cis\u00e9ment sur<br \/>\nlesdites nouveaut\u00e9s apport\u00e9es lors du test de Misano, le team<br \/>\nmanager est rest\u00e9 vague mais r\u00e9solument positif\u2026<\/p>\n<p data-start=\"715\" data-end=\"1190\">\u00ab\u00a0Nous testons<br \/>\nbeaucoup de choses. Ce serait r\u00e9ducteur de ne citer qu\u2019un seul<br \/>\n\u00e9l\u00e9ment parmi les nombreuses pi\u00e8ces que nous essayons. Il s\u2019agit \u00e0<br \/>\nla fois de concepts et de composants sp\u00e9cifiques pour la moto, mais<br \/>\nglobalement nous avan\u00e7ons. Dans le pass\u00e9, parfois, nous r\u00e9alisions<br \/>\nde nombreux tests en essayant beaucoup de solutions sans r\u00e9ellement<br \/>\npouvoir identifier si elles \u00e9taient positives ou non. Mais<br \/>\nmaintenant, nous arrivons \u00e0 un stade o\u00f9 nous progressons<br \/>\nr\u00e9ellement.\u00a0\u00bb<\/p>\n<p data-start=\"1192\" data-end=\"1493\">Lors de son d\u00e9brief m\u00e9dia \u00e0<br \/>\nl\u2019heure du d\u00e9jeuner, <a href=\"https:\/\/www.paddock-gp.com\/?s=zarco\" target=\"_blank\" rel=\"noopener nofollow\"><strong>Johann Zarco<\/strong><\/a> a<br \/>\nexpliqu\u00e9 que l\u2019un des points forts o\u00f9 Honda progressait \u00e9tait la<br \/>\ncapacit\u00e9 de la moto \u00e0 tourner et la stabilit\u00e9 en virage. Mais ce<br \/>\nn\u2019est visiblement pas le seul axe de d\u00e9veloppement de Honda<br \/>\nactuellement\u2026<\/p>\n<p data-start=\"1495\" data-end=\"1782\">\u00ab\u00a0Pas uniquement,<br \/>\npour \u00eatre franc. Nous travaillons \u00e9galement \u00e0 am\u00e9liorer le moteur.<br \/>\nComme je l\u2019ai dit, nous explorons de nombreux aspects et, vous<br \/>\nsavez, j\u2019essaie toujours de rester r\u00e9aliste, mais \u00e0 ce stade je<br \/>\npense que nous devons \u00eatre un peu satisfaits des choses accomplies<br \/>\njusqu\u2019\u00e0 pr\u00e9sent.\u00a0\u00bb<\/p>\n<p data-start=\"1495\" data-end=\"1782\">Au Japon, <strong>Luca Marini,<br \/>\nJoan Mir et Johann Zarco<\/strong> devraient disposer du m\u00eame<br \/>\nmat\u00e9riel, m\u00eame si le Fran\u00e7ais ne recevra qu\u2019une seule moto dernier<br \/>\nmod\u00e8le.<br \/>Wait and see\u2026<\/p>\n<p data-start=\"1495\" data-end=\"1782\"><img loading=\"lazy\" decoding=\"async\" class=\"aligncenter size-full wp-image-1331059\" src=\"https:\/\/www.europesays.com\/fr\/wp-content\/uploads\/2025\/09\/Paddock-GP.honda2-.jpg\" alt=\"\" width=\"800\" height=\"533\"  \/><\/p>\n<p>\nMisano Test \u2013 R\u00e9sultats\n<\/p>\n<tr>Pos.<br \/>\nPilote<br \/>\nNum<br \/>\nNation<br \/>\nTeam<br \/>\nConstructeur<br \/>\n\u00c9cart<br \/>\n<\/tr>\n<tr class=\"\">\n<td class=\"race-position\">1<\/td>\n<td class=\"race-name\">Acosta\u00a0Pedro<\/td>\n<td class=\"race-number\">37<\/td>\n<td class=\"race-nation\">SPA<\/td>\n<td class=\"race-team\">Red Bull KTM Factory<br \/>\nRacing<\/td>\n<td class=\"race-constructor\">KTM<\/td>\n<td class=\"race-time\">1\u201930.374<\/td>\n<\/tr>\n<tr class=\"\">\n<td class=\"race-position\">2<\/td>\n<td class=\"race-name\">Marquez\u00a0Alex<\/td>\n<td class=\"race-number\">73<\/td>\n<td class=\"race-nation\">SPA<\/td>\n<td class=\"race-team\">Team Gresini Racing<br \/>\nMotoGP<\/td>\n<td class=\"race-constructor\">Ducati<\/td>\n<td class=\"race-time\">0.340<\/td>\n<\/tr>\n<tr class=\"\">\n<td class=\"race-position\">3<\/td>\n<td class=\"race-name\">Bezzecchi\u00a0Marco<\/td>\n<td class=\"race-number\">72<\/td>\n<td class=\"race-nation\">ITA<\/td>\n<td class=\"race-team\">Aprilia<br \/>\nRacing<\/td>\n<td class=\"race-constructor\">Aprilia<\/td>\n<td class=\"race-time\">0.353<\/td>\n<\/tr>\n<tr class=\"\">\n<td class=\"race-position\">4<\/td>\n<td class=\"race-name\">Fernandez\u00a0Raul<\/td>\n<td class=\"race-number\">25<\/td>\n<td class=\"race-nation\">SPA<\/td>\n<td class=\"race-team\">Trackhouse<br \/>\nRacing<\/td>\n<td class=\"race-constructor\">Aprilia<\/td>\n<td class=\"race-time\">0.387<\/td>\n<\/tr>\n<tr class=\"\">\n<td class=\"race-position\">5<\/td>\n<td class=\"race-name\">Morbidelli\u00a0Franco<\/td>\n<td class=\"race-number\">21<\/td>\n<td class=\"race-nation\">ITA<\/td>\n<td class=\"race-team\">Pertamina Enduro VR46<br \/>\nRacing Team<\/td>\n<td class=\"race-constructor\">Ducati<\/td>\n<td class=\"race-time\">0.392<\/td>\n<\/tr>\n<tr class=\"\">\n<td class=\"race-position\">6<\/td>\n<td class=\"race-name\">Marquez\u00a0Marc<\/td>\n<td class=\"race-number\">93<\/td>\n<td class=\"race-nation\">SPA<\/td>\n<td class=\"race-team\">Ducati Lenovo<br \/>\nTeam<\/td>\n<td class=\"race-constructor\">Ducati<\/td>\n<td class=\"race-time\">0.497<\/td>\n<\/tr>\n<tr class=\"\">\n<td class=\"race-position\">7<\/td>\n<td class=\"race-name\">Di Giannantonio\u00a0Fabio<\/td>\n<td class=\"race-number\">49<\/td>\n<td class=\"race-nation\">ITA<\/td>\n<td class=\"race-team\">Pertamina Enduro VR46<br \/>\nRacing Team<\/td>\n<td class=\"race-constructor\">Ducati<\/td>\n<td class=\"race-time\">0.548<\/td>\n<\/tr>\n<tr class=\"\">\n<td class=\"race-position\">8<\/td>\n<td class=\"race-name\">Bagnaia\u00a0Francesco<\/td>\n<td class=\"race-number\">63<\/td>\n<td class=\"race-nation\">ITA<\/td>\n<td class=\"race-team\">Ducati Lenovo<br \/>\nTeam<\/td>\n<td class=\"race-constructor\">Ducati<\/td>\n<td class=\"race-time\">0.559<\/td>\n<\/tr>\n<tr class=\"\">\n<td class=\"race-position\">9<\/td>\n<td class=\"race-name\">Martin\u00a0Jorge<\/td>\n<td class=\"race-number\">89<\/td>\n<td class=\"race-nation\">SPA<\/td>\n<td class=\"race-team\">Aprilia<br \/>\nRacing<\/td>\n<td class=\"race-constructor\">Aprilia<\/td>\n<td class=\"race-time\">0.571<\/td>\n<\/tr>\n<tr class=\"\">\n<td class=\"race-position\">10<\/td>\n<td class=\"race-name\">Aldegeur\u00a0Fermin<\/td>\n<td class=\"race-number\">54<\/td>\n<td class=\"race-nation\">SPA<\/td>\n<td class=\"race-team\">Team Gresini Racing<br \/>\nMotoGP<\/td>\n<td class=\"race-constructor\">Ducati<\/td>\n<td class=\"race-time\">0.572<\/td>\n<\/tr>\n<tr class=\"active\">\n<td class=\"race-position\"><strong>11<\/strong><\/td>\n<td class=\"race-name\"><strong>Marini\u00a0Luca<\/strong><\/td>\n<td class=\"race-number\"><strong>10<\/strong><\/td>\n<td class=\"race-nation\"><strong>ITA<\/strong><\/td>\n<td class=\"race-team\"><strong>Honda HRC<br \/>\nCastrol<\/strong><\/td>\n<td class=\"race-constructor\"><strong>Honda<\/strong><\/td>\n<td class=\"race-time\"><strong>0.609<\/strong><\/td>\n<\/tr>\n<tr class=\"\">\n<td class=\"race-position\">12<\/td>\n<td class=\"race-name\">Bastianini\u00a0Enea<\/td>\n<td class=\"race-number\">23<\/td>\n<td class=\"race-nation\">ITA<\/td>\n<td class=\"race-team\">Red Bull KTM Tech<br \/>\n3<\/td>\n<td class=\"race-constructor\">KTM<\/td>\n<td class=\"race-time\">0.674<\/td>\n<\/tr>\n<tr class=\"\">\n<td class=\"race-position\">13<\/td>\n<td class=\"race-name\">Vinales\u00a0Maverick<\/td>\n<td class=\"race-number\">25<\/td>\n<td class=\"race-nation\">SPA<\/td>\n<td class=\"race-team\">Red Bull KTM Tech<br \/>\n3<\/td>\n<td class=\"race-constructor\">KTM<\/td>\n<td class=\"race-time\">0.843<\/td>\n<\/tr>\n<tr class=\"\">\n<td class=\"race-position\">14<\/td>\n<td class=\"race-name\">Binder\u00a0Brad<\/td>\n<td class=\"race-number\">33<\/td>\n<td class=\"race-nation\">RSA<\/td>\n<td class=\"race-team\">Red Bull KTM Factory<br \/>\nRacing<\/td>\n<td class=\"race-constructor\">KTM<\/td>\n<td class=\"race-time\">0.943<\/td>\n<\/tr>\n<tr class=\"active\">\n<td class=\"race-position\"><strong>15<\/strong><\/td>\n<td class=\"race-name\"><strong>Zarco\u00a0Johann<\/strong><\/td>\n<td class=\"race-number\"><strong>5<\/strong><\/td>\n<td class=\"race-nation\"><strong>FRA<\/strong><\/td>\n<td class=\"race-team\"><strong>LCR<br \/>\nHonda<\/strong><\/td>\n<td class=\"race-constructor\"><strong>Honda<\/strong><\/td>\n<td class=\"race-time\"><strong>1.100<\/strong><\/td>\n<\/tr>\n<tr class=\"\">\n<td class=\"race-position\">16<\/td>\n<td class=\"race-name\">Oliveira\u00a0Miguel<\/td>\n<td class=\"race-number\">88<\/td>\n<td class=\"race-nation\">POR<\/td>\n<td class=\"race-team\">Prima Pramac<br \/>\nYamaha<\/td>\n<td class=\"race-constructor\">Yamaha<\/td>\n<td class=\"race-time\">1.136<\/td>\n<\/tr>\n<tr class=\"\">\n<td class=\"race-position\">17<\/td>\n<td class=\"race-name\">Rins\u00a0Alex<\/td>\n<td class=\"race-number\">42<\/td>\n<td class=\"race-nation\">SPA<\/td>\n<td class=\"race-team\">Monster Energy Yamaha<br \/>\nMotoGP<\/td>\n<td class=\"race-constructor\">Yamaha<\/td>\n<td class=\"race-time\">1.197<\/td>\n<\/tr>\n<tr class=\"\">\n<td class=\"race-position\">18<\/td>\n<td class=\"race-name\">Quartararo\u00a0Fabio<\/td>\n<td class=\"race-number\">20<\/td>\n<td class=\"race-nation\">FRA<\/td>\n<td class=\"race-team\">Monster Energy Yamaha<br \/>\nMotoGP<\/td>\n<td class=\"race-constructor\">Yamaha<\/td>\n<td class=\"race-time\">1.224<\/td>\n<\/tr>\n<tr class=\"\">\n<td class=\"race-position\">19<\/td>\n<td class=\"race-name\">Miller\u00a0Jack<\/td>\n<td class=\"race-number\">43<\/td>\n<td class=\"race-nation\">AUS<\/td>\n<td class=\"race-team\">Prima Pramac<br \/>\nYamaha<\/td>\n<td class=\"race-constructor\">Yamaha<\/td>\n<td class=\"race-time\">1.286<\/td>\n<\/tr>\n<tr class=\"active\">\n<td class=\"race-position\">20<\/td>\n<td class=\"race-name\">Nakagami\u00a0Takaaki<\/td>\n<td class=\"race-number\">30<\/td>\n<td class=\"race-nation\">JPN<\/td>\n<td class=\"race-team\">HRC Test<br \/>\nTeam<\/td>\n<td class=\"race-constructor\">Honda<\/td>\n<td class=\"race-time\">1.620<\/td>\n<\/tr>\n<tr class=\"\">\n<td class=\"race-position\">21<\/td>\n<td class=\"race-name\">Pedrosa\u00a0Dani<\/td>\n<td class=\"race-number\">26<\/td>\n<td class=\"race-nation\">SPA<\/td>\n<td class=\"race-team\">KTM Test<br \/>\nTeam<\/td>\n<td class=\"race-constructor\">KTM<\/td>\n<td class=\"race-time\">1.857<\/td>\n<\/tr>\n<tr class=\"active\">\n<td class=\"race-position\"><strong>22<\/strong><\/td>\n<td class=\"race-name\"><strong>Chantra\u00a0Somkiat<\/strong><\/td>\n<td class=\"race-number\"><strong>35<\/strong><\/td>\n<td class=\"race-nation\"><strong>THA<\/strong><\/td>\n<td class=\"race-team\"><strong>LCR<br \/>\nHonda<\/strong><\/td>\n<td class=\"race-constructor\"><strong>Honda<\/strong><\/td>\n<td class=\"race-time\"><strong>2.116<\/strong><\/td>\n<\/tr>\n<tr class=\"\">\n<td class=\"race-position\">23<\/td>\n<td class=\"race-name\">Pirro\u00a0Michele<\/td>\n<td class=\"race-number\">51<\/td>\n<td class=\"race-nation\">ITA<\/td>\n<td class=\"race-team\">Ducati Test<br \/>\nTeam<\/td>\n<td class=\"race-constructor\">Ducati<\/td>\n<td class=\"race-time\">2.239<\/td>\n<\/tr>\n","protected":false},"excerpt":{"rendered":"Apr\u00e8s avoir sauv\u00e9 sa t\u00eate malgr\u00e9 la temp\u00eate qui ballotte le team officiel Honda depuis au moins 2022,&hellip;\n","protected":false},"author":2,"featured_media":402205,"comment_status":"","ping_status":"","sticky":false,"template":"","format":"standard","meta":{"footnotes":""},"categories":[1413],"tags":[1011,27,1457,1456,60],"class_list":{"0":"post-402204","1":"post","2":"type-post","3":"status-publish","4":"format-standard","5":"has-post-thumbnail","7":"category-moto","8":"tag-fr","9":"tag-france","10":"tag-moto","11":"tag-motocycle","12":"tag-sports"},"share_on_mastodon":{"url":"https:\/\/pubeurope.com\/@fr\/115230659821023495","error":""},"_links":{"self":[{"href":"https:\/\/www.europesays.com\/fr\/wp-json\/wp\/v2\/posts\/402204","targetHints":{"allow":["GET"]}}],"collection":[{"href":"https:\/\/www.europesays.com\/fr\/wp-json\/wp\/v2\/posts"}],"about":[{"href":"https:\/\/www.europesays.com\/fr\/wp-json\/wp\/v2\/types\/post"}],"author":[{"embeddable":true,"href":"https:\/\/www.europesays.com\/fr\/wp-json\/wp\/v2\/users\/2"}],"replies":[{"embeddable":true,"href":"https:\/\/www.europesays.com\/fr\/wp-json\/wp\/v2\/comments?post=402204"}],"version-history":[{"count":0,"href":"https:\/\/www.europesays.com\/fr\/wp-json\/wp\/v2\/posts\/402204\/revisions"}],"wp:featuredmedia":[{"embeddable":true,"href":"https:\/\/www.europesays.com\/fr\/wp-json\/wp\/v2\/media\/402205"}],"wp:attachment":[{"href":"https:\/\/www.europesays.com\/fr\/wp-json\/wp\/v2\/media?parent=402204"}],"wp:term":[{"taxonomy":"category","embeddable":true,"href":"https:\/\/www.europesays.com\/fr\/wp-json\/wp\/v2\/categories?post=402204"},{"taxonomy":"post_tag","embeddable":true,"href":"https:\/\/www.europesays.com\/fr\/wp-json\/wp\/v2\/tags?post=402204"}],"curies":[{"name":"wp","href":"https:\/\/api.w.org\/{rel}","templated":true}]}}