{"id":402206,"date":"2025-09-19T11:11:08","date_gmt":"2025-09-19T11:11:08","guid":{"rendered":"https:\/\/www.europesays.com\/fr\/402206\/"},"modified":"2025-09-19T11:11:08","modified_gmt":"2025-09-19T11:11:08","slug":"mondial-de-volley-i-elimines-les-bleus-entre-fin-de-cycle-et-nouvelle-generation-eurosport","status":"publish","type":"post","link":"https:\/\/www.europesays.com\/fr\/402206\/","title":{"rendered":"Mondial de volley I \u00c9limin\u00e9s, les Bleus entre fin de cycle et nouvelle g\u00e9n\u00e9ration &#8211; Eurosport"},"content":{"rendered":"<ol>\n<li><a href=\"https:\/\/news.google.com\/rss\/articles\/CBMi-gFBVV95cUxOVnRXSzZLZ3VaYUZwWHpXT2ZBS1VQeVR2ZVFVNmZVWXNIQnR5ZzVLUkhhWFRTckcxVV9xNTB2dksyX2dBMzlhU0ZieEdNU3hxVmFZZEZvVUhOVkp2ekVIa0dJTjZtZHRFQzJNcmRsMUhxZ2RSUDBqbnAxY0NTdlJRRGJxWlZFVUV6UVg5bHBWNmFBUEo5Sy1yQjZUbmt5cW5IOFpDbFJqWmZNNnVnR25Eb29pcWpjZV9wWGYtV2hsekVNc1RaOXhtZDJ6QzBpX0hXcWs3NjlPdUQyZDhFZ2VaWVFQS0VPNnBWUGhZaTEwTGpQeFd0NUJGY2p3?oc=5\" target=\"_blank\" rel=\"noopener\">Mondial de volley I \u00c9limin\u00e9s, les Bleus entre fin de cycle et nouvelle g\u00e9n\u00e9ration<\/a>&nbsp;&nbsp;Eurosport<\/li>\n<li><a href=\"https:\/\/news.google.com\/rss\/articles\/CBMizAFBVV95cUxPNTdpdHF2MndUOGU5NWhoSGFGRGtNSG5DeWpsbXUzQnpiNU50SnNpM0sxSDJpVjI5MFdqdDJFMnRrVXU4X2FvNGJMUlVQR1RNQk50amVXYWJkVTV4T1RwVGJveGx5SG1jQkh2MzYtVDMyQUxjRWhIVjZkYVFKUnFNdnFNT3dCSTRPLXhiQlFCNFdxTTlYNS1MVHAyeDdyUkM3ZDZ3SlBZQTdFSk1xclJxNmdjamg5NWtCTjl2Yl9GVG5KZWYxTG81N1FtS0Y?oc=5\" target=\"_blank\" rel=\"noopener\">Comment expliquer l&rsquo;\u00e9chec de l&rsquo;\u00e9quipe de France au Championnat du monde de volley ?<\/a>&nbsp;&nbsp;L&rsquo;\u00c9quipe<\/li>\n<li><a href=\"https:\/\/news.google.com\/rss\/articles\/CBMi2wFBVV95cUxNUmtrQXc5WnByaWlEZmx6WFUzZ3BWVTNsVWVCM3R4RGVoY0xiQzR1b1B1LTA2aXZCcC11TThqWDJIQ25LNHJlZHJrTFlWcUVadjlPMWpLUU9zOEQxOEM0THpPVExHekQtMFg5TUh4NmZNWHNGOWwwSmQ1ZHEtS0hBMWxNZFBmcE9mUXFVbWNRczllN1l1VGt2U2w1a3I3SUl3dHRKdzNnMWs2TG9GZjhRZm0zb1VLeTVqd1FXWGsteWRVM3Q3VEdnNlhPN1J3MHdJeEFqVEhmalNBMW_SAdoBQVVfeXFMTlJUWTBhX1ZsdjNxR296bllCRHpjTVZENHE5c2dzbldqSU5mSlhFZVJFNTlNamZ1SnJuY1BWSUFKWlg0MEZYbVJISkNYR1JwWW1ranBqb1MwVmlrTFMzcUVBRTFjdWRvSlQydEJQNDAzUzRrVTRsanB2WlVwZmpyb01YZW5GcUhYZVRPOWlnejNPd213bUFqLVJsX1N2aHV2SmFtdkpDZkdDSVpsNS11NUFheElqMTJwM05CNm8zdkFNalZmT0xIMVo3c0w2UnFRUUxHNGFvcC0wSmc?oc=5\" target=\"_blank\" rel=\"noopener\">Volley &#8211; Mondial (H)\/Toniutti : \u00ab C&rsquo;est dur, parce qu&rsquo;on attendait plus de ce Mondial \u00bb<\/a>&nbsp;&nbsp;Orange Actualit\u00e9s | Sports<\/li>\n<li><a href=\"https:\/\/news.google.com\/rss\/articles\/CBMi6gFBVV95cUxQcDdiSzdsbVFwMHdsOFozeENXWW1PVndVSmJxNzFtZjRKVGlJVjFoVHVuYVdjd282WTNZcWxrc3JzRnVjazZ0Q0xfOXhMbHBSOG9rU1lFRmNFTVd5dDNXdjZlblg5V2plTW9nZ2xEVUY3YTl5SkNGb3ctR0lqenBJbWt4aUZDSmxoT3JpMi14d0wtc21lRmlobTlLbmtIMVY5dGtQeFhqNVBxdmRWNTVkOGZpUk53aXBEb1ZNYV9FcXdQckZEek11bFZDT0JXRmUxZUZ4ajlEVUZ2Z2s5UURtRDZKSjNVTVlQWnc?oc=5\" target=\"_blank\" rel=\"noopener\">L\u2019\u00e9quipe de France de volley, battue par l\u2019Argentine, est \u00e9limin\u00e9e du championnat du monde<\/a>&nbsp;&nbsp;Le Monde.fr<\/li>\n<li><a href=\"https:\/\/news.google.com\/rss\/articles\/CBMisAFBVV95cUxPODIwSWpSNkExUEZmbm1TVUdDMDdQd1VvSnZoSXZ6elgzZ2xFWHNuWVdtZzJhMmZFNExfQk05blc4MUdPRzlXU0MtUVR6NE90UDZDeXpSTzBDaklSd3RwWmxHMmNpbTJlZEVWbHhvR3ZTcVVVNGtiSVBVaGdCTVNYb3BrWjU1NXJfME9iNHFJVUVUTkVIREQ1ZG5hc1l6MUV1SDVRT09BM0lmTWl3al9ISg?oc=5\" target=\"_blank\" rel=\"noopener\">(5\/5) Inside avec l&rsquo;\u00e9quipe de France de volley-ball \u00e9limin\u00e9e au mondial,Jenia Grebennikov : \u00ab\u00a0\u00c7a arrive, c\u2019est le sport\u00a0\u00bb<\/a>&nbsp;&nbsp;Radio France<\/li>\n<\/ol>\n","protected":false},"excerpt":{"rendered":"Mondial de volley I \u00c9limin\u00e9s, les Bleus entre fin de cycle et nouvelle g\u00e9n\u00e9ration&nbsp;&nbsp;Eurosport Comment expliquer l&rsquo;\u00e9chec de&hellip;\n","protected":false},"author":2,"featured_media":395849,"comment_status":"","ping_status":"","sticky":false,"template":"","format":"standard","meta":{"footnotes":""},"categories":[1412],"tags":[1451,1452,1453,1454,1455,1011,27,60],"class_list":{"0":"post-402206","1":"post","2":"type-post","3":"status-publish","4":"format-standard","5":"has-post-thumbnail","7":"category-f1","8":"tag-f1","9":"tag-formula-1","10":"tag-formula1","11":"tag-formule-1","12":"tag-formule1","13":"tag-fr","14":"tag-france","15":"tag-sports"},"share_on_mastodon":{"url":"https:\/\/pubeurope.com\/@fr\/115230663284371350","error":""},"_links":{"self":[{"href":"https:\/\/www.europesays.com\/fr\/wp-json\/wp\/v2\/posts\/402206","targetHints":{"allow":["GET"]}}],"collection":[{"href":"https:\/\/www.europesays.com\/fr\/wp-json\/wp\/v2\/posts"}],"about":[{"href":"https:\/\/www.europesays.com\/fr\/wp-json\/wp\/v2\/types\/post"}],"author":[{"embeddable":true,"href":"https:\/\/www.europesays.com\/fr\/wp-json\/wp\/v2\/users\/2"}],"replies":[{"embeddable":true,"href":"https:\/\/www.europesays.com\/fr\/wp-json\/wp\/v2\/comments?post=402206"}],"version-history":[{"count":0,"href":"https:\/\/www.europesays.com\/fr\/wp-json\/wp\/v2\/posts\/402206\/revisions"}],"wp:featuredmedia":[{"embeddable":true,"href":"https:\/\/www.europesays.com\/fr\/wp-json\/wp\/v2\/media\/395849"}],"wp:attachment":[{"href":"https:\/\/www.europesays.com\/fr\/wp-json\/wp\/v2\/media?parent=402206"}],"wp:term":[{"taxonomy":"category","embeddable":true,"href":"https:\/\/www.europesays.com\/fr\/wp-json\/wp\/v2\/categories?post=402206"},{"taxonomy":"post_tag","embeddable":true,"href":"https:\/\/www.europesays.com\/fr\/wp-json\/wp\/v2\/tags?post=402206"}],"curies":[{"name":"wp","href":"https:\/\/api.w.org\/{rel}","templated":true}]}}