{"id":402211,"date":"2025-09-19T11:14:09","date_gmt":"2025-09-19T11:14:09","guid":{"rendered":"https:\/\/www.europesays.com\/fr\/402211\/"},"modified":"2025-09-19T11:14:09","modified_gmt":"2025-09-19T11:14:09","slug":"les-gens-ne-veulent-pas-en-parler","status":"publish","type":"post","link":"https:\/\/www.europesays.com\/fr\/402211\/","title":{"rendered":"les gens ne veulent pas en parler"},"content":{"rendered":"<p><strong>Obstacles<\/strong>. Auteur du livre \u00ab\u00a0T&rsquo;es une merde fr\u00e8re, sign\u00e9 Hanouna\u00a0\u00bb sur l&rsquo;animateur de Tout beau tout n9uf, Jean-Michel Apathie a confi\u00e9 qu&rsquo;il avait eu beaucoup de mal \u00e0 enqu\u00eater. \u00ab\u00a0Un jour j&rsquo;ai crois\u00e9 un animateur de t\u00e9l\u00e9vision, je lui dis que je fais un livre sur <a href=\"https:\/\/www.journaldesfemmes.fr\/people\/cyril-hanouna\/\" title=\"Cyril Hanouna\" target=\"_blank\" rel=\"noopener\">Cyril Hanouna<\/a>, c&rsquo;est comme si je lui avais dit que j&rsquo;avais la peste\u00a0! Il \u00e9tait ennuy\u00e9, il s&rsquo;est \u00e9chapp\u00e9 et il n&rsquo;a jamais r\u00e9pondu \u00e0 mes sms\u00a0! Je trouve cela incroyable\u00a0! Il suscite la peur, les gens s&rsquo;effraient, ne veulent pas en parler (&#8230;)\u00a0C&rsquo;est difficile pour les gens qui ont travaill\u00e9 avec Cyril Hanouna ou qui lui ont permis de faire ce qu&rsquo;il a fait, d&rsquo;assumer ce qu&rsquo;ils ont fait\u00a0\u00bb, a expliqu\u00e9 le journaliste de 67 ans \u00e0 T\u00e9l\u00e9rama.<\/p>\n","protected":false},"excerpt":{"rendered":"Obstacles. Auteur du livre \u00ab\u00a0T&rsquo;es une merde fr\u00e8re, sign\u00e9 Hanouna\u00a0\u00bb sur l&rsquo;animateur de Tout beau tout n9uf, Jean-Michel&hellip;\n","protected":false},"author":2,"featured_media":402212,"comment_status":"","ping_status":"","sticky":false,"template":"","format":"standard","meta":{"footnotes":""},"categories":[1359],"tags":[53350,51761,1083,58,59,52292,1011,27,51766,1031,973],"class_list":{"0":"post-402211","1":"post","2":"type-post","3":"status-publish","4":"format-standard","5":"has-post-thumbnail","7":"category-people","8":"tag-cms-journaldesfemmes-3241836","9":"tag-controller-content","10":"tag-cyril-hanouna","11":"tag-divertissement","12":"tag-entertainment","13":"tag-format-reportage","14":"tag-fr","15":"tag-france","16":"tag-les-histoires-du-jdf","17":"tag-magazine","18":"tag-people"},"share_on_mastodon":{"url":"https:\/\/pubeurope.com\/@fr\/115230675028081430","error":""},"_links":{"self":[{"href":"https:\/\/www.europesays.com\/fr\/wp-json\/wp\/v2\/posts\/402211","targetHints":{"allow":["GET"]}}],"collection":[{"href":"https:\/\/www.europesays.com\/fr\/wp-json\/wp\/v2\/posts"}],"about":[{"href":"https:\/\/www.europesays.com\/fr\/wp-json\/wp\/v2\/types\/post"}],"author":[{"embeddable":true,"href":"https:\/\/www.europesays.com\/fr\/wp-json\/wp\/v2\/users\/2"}],"replies":[{"embeddable":true,"href":"https:\/\/www.europesays.com\/fr\/wp-json\/wp\/v2\/comments?post=402211"}],"version-history":[{"count":0,"href":"https:\/\/www.europesays.com\/fr\/wp-json\/wp\/v2\/posts\/402211\/revisions"}],"wp:featuredmedia":[{"embeddable":true,"href":"https:\/\/www.europesays.com\/fr\/wp-json\/wp\/v2\/media\/402212"}],"wp:attachment":[{"href":"https:\/\/www.europesays.com\/fr\/wp-json\/wp\/v2\/media?parent=402211"}],"wp:term":[{"taxonomy":"category","embeddable":true,"href":"https:\/\/www.europesays.com\/fr\/wp-json\/wp\/v2\/categories?post=402211"},{"taxonomy":"post_tag","embeddable":true,"href":"https:\/\/www.europesays.com\/fr\/wp-json\/wp\/v2\/tags?post=402211"}],"curies":[{"name":"wp","href":"https:\/\/api.w.org\/{rel}","templated":true}]}}