{"id":402217,"date":"2025-09-19T11:17:11","date_gmt":"2025-09-19T11:17:11","guid":{"rendered":"https:\/\/www.europesays.com\/fr\/402217\/"},"modified":"2025-09-19T11:17:11","modified_gmt":"2025-09-19T11:17:11","slug":"hanouna-suscite-la-peur-jean-michel-aphatie-affirme-avoir-rencontre-des-difficultes-pour-enqueter-sur-lanimateur","status":"publish","type":"post","link":"https:\/\/www.europesays.com\/fr\/402217\/","title":{"rendered":"\u00ab\u00a0Hanouna suscite la peur\u00a0\u00bb\u2026 Jean-Michel Aphatie affirme avoir rencontr\u00e9 des difficult\u00e9s pour enqu\u00eater sur l\u2019animateur"},"content":{"rendered":"<p>Jean-Michel Aphatie a publi\u00e9 jeudi son livre d\u2019enqu\u00eate sur <a href=\"https:\/\/www.20minutes.fr\/arts-stars\/television\/cyril_hanouna\/\" class=\"c-link c-link--is-underlined\" rel=\"nofollow noopener\" target=\"_blank\">Cyril Hanouna<\/a>, T\u2019es une merde fr\u00e8re, sign\u00e9 Hanouna, paru aux \u00e9ditions Robert Laffont. Ce titre, comme il l\u2019explique dans les remerciements de l\u2019ouvrage, a \u00e9t\u00e9 trouv\u00e9 <a href=\"https:\/\/www.20minutes.fr\/arts-stars\/livres\/4171250-20250904-cyril-hanouna-adresse-insulte-jean-michel-aphatie-fait-titre-livre\" target=\"_blank\" class=\"c-link c-link--is-underlined\" rel=\"nofollow noopener\">gr\u00e2ce \u00e0 l\u2019animateur et producteur lui-m\u00eame<\/a>, qui en r\u00e9ponse \u00e0 un message du journaliste politique contenant une proposition de commentaire a lanc\u00e9\u00a0: \u00ab\u00a0Tout le monde s\u2019en balec&rsquo; de ton livre. T\u2019es une demer fr\u00e8re\u00a0\u00bb.<\/p>\n<p>Dans une partie de son enqu\u00eate, qui revient sur l\u2019avanc\u00e9e de l\u2019ancien pr\u00e9sentateur de \u00ab\u00a0<a href=\"https:\/\/www.20minutes.fr\/arts-stars\/television\/tpmp\/\" class=\"c-link c-link--is-underlined\" rel=\"nofollow noopener\" target=\"_blank\">TPMP<\/a>\u00a0\u00bb dans l\u2019univers m\u00e9diatique fran\u00e7ais et aupr\u00e8s de certains politiques, <a href=\"https:\/\/www.20minutes.fr\/arts-stars\/medias\/4142081-20250306-rtl-jean-michel-aphatie-suspendu-apres-parallele-entre-oradour-glane-algerie\" target=\"_blank\" class=\"c-link c-link--is-underlined\" rel=\"nofollow noopener\">Jean-Michel Aphatie<\/a> \u00e9voque les difficult\u00e9s qu\u2019il a rencontr\u00e9es en essayant de s\u2019entretenir avec l\u2019entourage de Cyril Hanouna, \u00ab\u00a0non pas pour (s) e plaindre, mais parce que [ces difficult\u00e9s] semblent appartenir \u00e0 l\u2019histoire\u00a0\u00bb. L\u2019auteur est \u00e9galement revenu sur ce point lors d\u2019un entretien avec T\u00e9l\u00e9rama cette semaine, donnant des exemples de rencontres qui se sont av\u00e9r\u00e9es peu fructueuses.<\/p>\n<p>Dialogue compliqu\u00e9<\/p>\n<p>\u00ab\u00a0Un jour, j\u2019ai crois\u00e9 un animateur de t\u00e9l\u00e9vision, je lui dis que je fais un livre sur Cyril Hanouna, c\u2019est comme si je lui avais dit que j\u2019avais la peste\u00a0!\u00a0\u00bb, s\u2019est-il <a href=\"https:\/\/www.youtube.com\/watch?v=6Tf0eIA69Fk\" rel=\"nofollow noopener\" target=\"_blank\" class=\"c-link c-link--is-underlined\">souvenu<\/a>. \u00ab\u00a0Il ne s\u2019est pas \u00e9chapp\u00e9, mais il \u00e9tait ennuy\u00e9. Je lui ai envoy\u00e9 un message sur le portable, mais il ne m\u2019a jamais r\u00e9pondu\u00a0! Je trouve cela incroyable\u00a0! Il suscite la peur, les gens s\u2019effraient, ne veulent pas en parler.\u00a0\u00bb Dans les cas o\u00f9 il parvenait \u00e0 un \u00e9change, ce dernier pouvait \u00eatre, selon lui, trompeur\u00a0: \u00ab\u00a0J\u2019ai fait un rendez-vous avec quelqu\u2019un, qui \u00e0 mon avis savait tout et qui m\u2019a gentiment menti du d\u00e9but \u00e0 la fin, qui \u00e9tait les freins serr\u00e9s.\u00a0\u00bb<\/p>\n<p>Jean-Michel Aphatie attribue cette r\u00e9ticence g\u00e9n\u00e9rale \u00e0 un sentiment de culpabilit\u00e9 chez les personnes ayant contribu\u00e9 \u00e0 la r\u00e9putation de Cyril Hanouna, dont l\u2019ancienne \u00e9mission sur C8 a fait l\u2019objet de plusieurs sanctions de la part de l\u2019Arcom avant le <a href=\"https:\/\/www.20minutes.fr\/arts-stars\/television\/4137112-20250204-arret-c8-connait-raisons-pousse-arcom-exclure-chaine-tnt\" target=\"_blank\" class=\"c-link c-link--is-underlined\" rel=\"nofollow noopener\">retrait de la cha\u00eene de la TNT<\/a> en d\u00e9but d\u2019ann\u00e9e. \u00ab\u00a0La qualit\u00e9 du dialogue est affect\u00e9e parce que beaucoup de gens ne se livrent pas\u00a0\u00bb, a-t-il constat\u00e9. \u00ab\u00a0Les refus de gens qui ne veulent pas vous voir, qui ne veulent pas se confronter \u00e0 ce qui, \u00e0 mon avis, doit \u00eatre \u00e9voqu\u00e9, ils sont responsables de tout \u00e7a [\u2026]. C\u2019est difficile pour les gens qui ont travaill\u00e9 avec Cyril Hanouna ou qui lui ont permis de faire ce qu\u2019il a fait, d\u2019assumer ce qu\u2019ils ont fait.\u00a0\u00bb<\/p>\n<p>Un air de d\u00e9j\u00e0-vu<\/p>\n<p>Sur la couverture de son ouvrage, en dessous du titre, Jean-Michel Aphatie annonce se plonger dans une \u00ab\u00a0enqu\u00eate sur celui qui a cr\u00e9\u00e9 la Trump t\u00e9l\u00e9 \u00e0 la fran\u00e7aise\u00a0\u00bb. Au cours de son entretien avec T\u00e9l\u00e9rama, le journaliste a davantage appuy\u00e9 cette comparaison, relevant les tendances de Cyril Hanouna \u00e0 \u00ab\u00a0humilier, imposer, insulter\u00a0\u00bb sur la \u00ab\u00a0sc\u00e8ne publique\u00a0\u00bb ceux qui s\u2019opposent \u00e0 lui, \u00e0 l\u2019instar du pr\u00e9sident am\u00e9ricain <a href=\"https:\/\/www.20minutes.fr\/monde\/3018839-20210411-etats-unis-donald-trump-insulte-public-tenor-republicains\" target=\"_blank\" class=\"c-link c-link--is-underlined\" rel=\"nofollow noopener\">Donald Trump<\/a>, qui s\u2019est lui aussi essay\u00e9 \u00e0 la t\u00e9l\u00e9vision avant de rejoindre la politique.<\/p>\n<p>\u00ab\u00a0Insulter est un d\u00e9lit dont [Cyril Hanouna] s\u2019affranchit r\u00e9guli\u00e8rement. Pourquoi\u00a0? Parce qu\u2019il pense \u00e0 la fois que le combat qu\u2019il m\u00e8ne doit l\u2019\u00eatre avec tous les moyens, y compris les moyens que la soci\u00e9t\u00e9 r\u00e9prouve\u00a0\u00bb, a soulign\u00e9 Jean-Michel Aphatie. \u00ab\u00a0Il a m\u00eame une personnalit\u00e9 tr\u00e8s diff\u00e9rente de ce que nous connaissons. Il fait penser \u00e0 quelqu\u2019un\u00a0! Est-ce que j\u2019ai besoin de nommer ce quelqu\u2019un\u00a0? Qui n\u2019est pas en France, qui est ailleurs, de l\u2019autre c\u00f4t\u00e9 de l\u2019Atlantique\u00a0! M\u00eame avec beaucoup de diff\u00e9rences, c\u2019est quand m\u00eame \u00e0 ce quelqu\u2019un d\u2019autre que l\u2019on pense.\u00a0\u00bb<\/p>\n<p>Le producteur a commenc\u00e9 \u00e0 r\u00e9agir au livre dont il est le sujet. Dans sa nouvelle \u00e9mission \u00ab\u00a0<a href=\"https:\/\/www.20minutes.fr\/arts-stars\/television\/tout-beau-tout-n9uf\/\" class=\"c-link c-link--is-underlined\" rel=\"nofollow noopener\" target=\"_blank\">Tout beau tout n9uf\u00a0<\/a>\u00bb, sur W9, le 18\u00a0septembre, il a laiss\u00e9 le soin \u00e0 Jordan De Luxe de <a href=\"https:\/\/www.tiktok.com\/@w9lachaine\/video\/7551536733809036566\" rel=\"nofollow noopener\" target=\"_blank\" class=\"c-link c-link--is-underlined\">commenter un extrait<\/a> dans lequel l\u2019animateur s\u2019en serait pris \u00e0 ses cheveux. \u00ab\u00a0Merci Cyril parce que moi j\u2019ai pass\u00e9 un super moment\u00a0\u00bb, assure celui d\u00e9ment toute \u00ab\u00a0humiliation\u00a0\u00bb et qui officie d\u00e9sormais en tant que chroniqueur sur l\u2019\u00e9mission.<\/p>\n<p><script async src=\"\/\/www.tiktok.com\/embed.js\"><\/script><\/p>\n","protected":false},"excerpt":{"rendered":"Jean-Michel Aphatie a publi\u00e9 jeudi son livre d\u2019enqu\u00eate sur Cyril Hanouna, T\u2019es une merde fr\u00e8re, sign\u00e9 Hanouna, paru&hellip;\n","protected":false},"author":2,"featured_media":402218,"comment_status":"","ping_status":"","sticky":false,"template":"","format":"standard","meta":{"footnotes":""},"categories":[1356],"tags":[7278,1083,58,75,59,1011,27,7243,973,1404,252,3171,1364,133,2395],"class_list":{"0":"post-402217","1":"post","2":"type-post","3":"status-publish","4":"format-standard","5":"has-post-thumbnail","7":"category-television","8":"tag-c8","9":"tag-cyril-hanouna","10":"tag-divertissement","11":"tag-donald-trump","12":"tag-entertainment","13":"tag-fr","14":"tag-france","15":"tag-le-monde","16":"tag-people","17":"tag-quotidien","18":"tag-television","19":"tag-tnt","20":"tag-tv","21":"tag-video","22":"tag-w9"},"share_on_mastodon":{"url":"https:\/\/pubeurope.com\/@fr\/115230686836612063","error":""},"_links":{"self":[{"href":"https:\/\/www.europesays.com\/fr\/wp-json\/wp\/v2\/posts\/402217","targetHints":{"allow":["GET"]}}],"collection":[{"href":"https:\/\/www.europesays.com\/fr\/wp-json\/wp\/v2\/posts"}],"about":[{"href":"https:\/\/www.europesays.com\/fr\/wp-json\/wp\/v2\/types\/post"}],"author":[{"embeddable":true,"href":"https:\/\/www.europesays.com\/fr\/wp-json\/wp\/v2\/users\/2"}],"replies":[{"embeddable":true,"href":"https:\/\/www.europesays.com\/fr\/wp-json\/wp\/v2\/comments?post=402217"}],"version-history":[{"count":0,"href":"https:\/\/www.europesays.com\/fr\/wp-json\/wp\/v2\/posts\/402217\/revisions"}],"wp:featuredmedia":[{"embeddable":true,"href":"https:\/\/www.europesays.com\/fr\/wp-json\/wp\/v2\/media\/402218"}],"wp:attachment":[{"href":"https:\/\/www.europesays.com\/fr\/wp-json\/wp\/v2\/media?parent=402217"}],"wp:term":[{"taxonomy":"category","embeddable":true,"href":"https:\/\/www.europesays.com\/fr\/wp-json\/wp\/v2\/categories?post=402217"},{"taxonomy":"post_tag","embeddable":true,"href":"https:\/\/www.europesays.com\/fr\/wp-json\/wp\/v2\/tags?post=402217"}],"curies":[{"name":"wp","href":"https:\/\/api.w.org\/{rel}","templated":true}]}}