{"id":402219,"date":"2025-09-19T11:18:10","date_gmt":"2025-09-19T11:18:10","guid":{"rendered":"https:\/\/www.europesays.com\/fr\/402219\/"},"modified":"2025-09-19T11:18:10","modified_gmt":"2025-09-19T11:18:10","slug":"alizee-reticente-a-lidee-de-sortir-un-nouvel-album-cest-tres-complique","status":"publish","type":"post","link":"https:\/\/www.europesays.com\/fr\/402219\/","title":{"rendered":"Aliz\u00e9e, r\u00e9ticente \u00e0 l&rsquo;id\u00e9e de sortir un nouvel album\u00a0: \u00ab\u00a0c&rsquo;est tr\u00e8s compliqu\u00e9\u00a0\u00bb"},"content":{"rendered":"<p><strong>H\u00e9sitation<\/strong>. Ravie d&rsquo;avoir f\u00eat\u00e9\u00a0ses 25\u00a0ans de carri\u00e8re lors de deux concerts \u00e0 l&rsquo;Olympia, <a href=\"https:\/\/www.journaldesfemmes.fr\/people\/alizee\/\" title=\"Aliz\u00e9e\" target=\"_blank\" rel=\"noopener\">Aliz\u00e9e<\/a> ne se voit pas pour autant sortir un nouvel album onze ans apr\u00e8s la sortie de Blonde. \u00ab\u00a0Honn\u00eatement, c&rsquo;est tr\u00e8s compliqu\u00e9 en 2025\u00a0de se retrouver musicalement. \u00c7a part dans tous les sens. Ma fille de 20\u00a0ans va adorer une chanson le mardi et le vendredi elle sera d\u00e9j\u00e0 pass\u00e9e \u00e0 autre chose. Je ne sais pas si je serais \u00e0 l&rsquo;aise avec cette nouvelle fa\u00e7on de consommer de la musique. Apr\u00e8s si on me propose un morceau qui me pla\u00eet, un featuring int\u00e9ressant, je ne dis pas non. Mais ce n&rsquo;est pas ce que je recherche\u00a0\u00bb, a confi\u00e9 la chanteuse de 41 ans \u00e0\u00a0Paris Match.<\/p>\n","protected":false},"excerpt":{"rendered":"H\u00e9sitation. Ravie d&rsquo;avoir f\u00eat\u00e9\u00a0ses 25\u00a0ans de carri\u00e8re lors de deux concerts \u00e0 l&rsquo;Olympia, Aliz\u00e9e ne se voit pas&hellip;\n","protected":false},"author":2,"featured_media":402220,"comment_status":"","ping_status":"","sticky":false,"template":"","format":"standard","meta":{"footnotes":""},"categories":[1355],"tags":[21748,53351,51761,58,59,52292,1011,27,51766,1031,1361,873],"class_list":{"0":"post-402219","1":"post","2":"type-post","3":"status-publish","4":"format-standard","5":"has-post-thumbnail","7":"category-musique","8":"tag-alizee","9":"tag-cms-journaldesfemmes-3241822","10":"tag-controller-content","11":"tag-divertissement","12":"tag-entertainment","13":"tag-format-reportage","14":"tag-fr","15":"tag-france","16":"tag-les-histoires-du-jdf","17":"tag-magazine","18":"tag-music","19":"tag-musique"},"share_on_mastodon":{"url":"https:\/\/pubeurope.com\/@fr\/115230690844495653","error":""},"_links":{"self":[{"href":"https:\/\/www.europesays.com\/fr\/wp-json\/wp\/v2\/posts\/402219","targetHints":{"allow":["GET"]}}],"collection":[{"href":"https:\/\/www.europesays.com\/fr\/wp-json\/wp\/v2\/posts"}],"about":[{"href":"https:\/\/www.europesays.com\/fr\/wp-json\/wp\/v2\/types\/post"}],"author":[{"embeddable":true,"href":"https:\/\/www.europesays.com\/fr\/wp-json\/wp\/v2\/users\/2"}],"replies":[{"embeddable":true,"href":"https:\/\/www.europesays.com\/fr\/wp-json\/wp\/v2\/comments?post=402219"}],"version-history":[{"count":0,"href":"https:\/\/www.europesays.com\/fr\/wp-json\/wp\/v2\/posts\/402219\/revisions"}],"wp:featuredmedia":[{"embeddable":true,"href":"https:\/\/www.europesays.com\/fr\/wp-json\/wp\/v2\/media\/402220"}],"wp:attachment":[{"href":"https:\/\/www.europesays.com\/fr\/wp-json\/wp\/v2\/media?parent=402219"}],"wp:term":[{"taxonomy":"category","embeddable":true,"href":"https:\/\/www.europesays.com\/fr\/wp-json\/wp\/v2\/categories?post=402219"},{"taxonomy":"post_tag","embeddable":true,"href":"https:\/\/www.europesays.com\/fr\/wp-json\/wp\/v2\/tags?post=402219"}],"curies":[{"name":"wp","href":"https:\/\/api.w.org\/{rel}","templated":true}]}}