{"id":40224,"date":"2025-04-21T00:51:09","date_gmt":"2025-04-21T00:51:09","guid":{"rendered":"https:\/\/www.europesays.com\/fr\/40224\/"},"modified":"2025-04-21T00:51:09","modified_gmt":"2025-04-21T00:51:09","slug":"alerte-rouge-sur-paris","status":"publish","type":"post","link":"https:\/\/www.europesays.com\/fr\/40224\/","title":{"rendered":"Alerte rouge sur Paris"},"content":{"rendered":"<p>La rencontre entre le Stade Fran\u00e7ais et le Stade Toulousain vient de prendre fin. Et malgr\u00e9 une \u00e9quipe remani\u00e9e, <strong>la bande \u00e0 Ugo Mola a une nouvelle fois su se sublimer<\/strong> pour d\u00e9crocher un succ\u00e8s \u00e0 l\u2019ext\u00e9rieur. <strong>Pour Paris, l\u2019\u00e9tat d\u2019urgence est d\u00e9cr\u00e9t\u00e9<\/strong>. Jamais <strong>le club de la capitale ne s\u2019\u00e9tait retrouv\u00e9 dans pareille situation<\/strong>, apr\u00e8s son retour dans l\u2019\u00e9lite aux pr\u00e9mices des ann\u00e9es 2000.<\/p>\n<p>Aucun fond de jeu<\/p>\n<p>Alors oui, vous pouvez nous parler de la saison 2020, arr\u00eat\u00e9e par le Covid ou celle de 2017-2018, <strong>dans laquelle les Stadistes ont d\u00e9croch\u00e9 in-extremis leur maintien<\/strong>. Toujours est-il que jamais depuis sa remont\u00e9e en premi\u00e8re division, le Stade Fran\u00e7ais Paris ne s\u2019\u00e9tait retrouv\u00e9, au soir de la 21e journ\u00e9e, <strong>dans une situation si pr\u00e9occupante<\/strong>. Ce soir contre Toulouse, <strong>ils ont touch\u00e9 le fond dans un Classico qui n\u2019en avait que le nom<\/strong>. <\/p>\n<p><strong>Apr\u00e8s une entame catastrophique<\/strong>, rapidement men\u00e9s 17-0, <strong>les Parisiens se sont rebiff\u00e9s<\/strong>, profitant du carton jaune de Chocobares pour franchir deux fois la ligne (14-17, mi-temps). On a bien cru \u00e0 une r\u00e9volte. Il n\u2019en fut rien, tant les co\u00e9quipiers <strong>d\u2019un Juan Cruz Mallia encore une fois grandiose, ont ma\u00eetris\u00e9 le second acte<\/strong>. M\u00eame lorsque Sekou Macalou a plong\u00e9 derri\u00e8re la ligne, Henry transformant et ramenant son \u00e9quipe \u00e0 six longueurs \u00e0 quelques minutes du trille final, <strong>on a difficilement cru \u00e0 un retournement de situation<\/strong> (21-27, score final).<\/p>\n<p>Parce qu\u2019au-del\u00e0 de la d\u00e9faite, c\u2019est la bouillie de rugby propos\u00e9e par les prot\u00e9g\u00e9s de Paul Gustard qui nous alarme. Certes, nous nous montrons s\u00e9v\u00e8res, certes les conditions m\u00e9t\u00e9orologiques \u00e9taient d\u00e9sastreuses mais <strong>le rugby propos\u00e9 est indigent<\/strong> et pire, <strong>les soldats roses n\u2019arrivent plus \u00e0 dominer leurs adversaires devant<\/strong>, chose qui a pu faire leur force par le pass\u00e9 et qui peut permettre de remporter des matchs \u00e0 couteaux tir\u00e9s lorsqu\u2019on lutte pour le maintien.<\/p>\n<p>Situation comptable alarmante<\/p>\n<p>Avec aucun point glan\u00e9 ce dimanche soir, <strong>Paris reste cantonn\u00e9 \u00e0 la douzi\u00e8me place<\/strong> avec 36 points, \u00e0 \u00e9galit\u00e9 avec Perpignan treizi\u00e8me et barragiste. Autant dire que la suite s\u2019annonce d\u00e9cisive. Les partenaires de Paul Gabrillagues se d\u00e9placent au Racing, quatre longueurs devant au classement puis <strong>se rendront \u00e0 Aim\u00e9-Giral pour un match qui d\u00e9terminera s\u00fbrement l\u2019issue de la saison<\/strong>.<\/p>\n<p>La situation est alarmante et les supporters parisiens ne voient pas de solution \u00e0 une saison en eaux troubles. <strong>Une victoire dans le derby \u00e0 l\u2019Arena, le week-end prochain, pourrait relancer la machine<\/strong> \u00e0 cinq journ\u00e9es de la fin de l\u2019exercice.<\/p>\n<p>Biberonn\u00e9 au rugby, tomb\u00e9 malade de ce sport lors de la Coupe du Monde 2003, alors que je savais \u00e0 peine marcher, je suis le seul sudiste ayant reni\u00e9 le Stade Toulousain pour l\u2019autre Stade\u2026 Fran\u00e7ais. Condamn\u00e9 \u00e0 souffrir avec mon club de c\u0153ur, j\u2019esp\u00e8re vous transmettre mon amour pour la balle ovale \u00e0 travers XV Ovalie !<\/p>\n","protected":false},"excerpt":{"rendered":"La rencontre entre le Stade Fran\u00e7ais et le Stade Toulousain vient de prendre fin. Et malgr\u00e9 une \u00e9quipe&hellip;\n","protected":false},"author":2,"featured_media":40225,"comment_status":"","ping_status":"","sticky":false,"template":"","format":"standard","meta":{"footnotes":""},"categories":[1888],"tags":[11,1777,674,1011,27,12,626,25,10673,478,2312],"class_list":{"0":"post-40224","1":"post","2":"type-post","3":"status-publish","4":"format-standard","5":"has-post-thumbnail","7":"category-paris","8":"tag-actualites","9":"tag-eu","10":"tag-europe","11":"tag-fr","12":"tag-france","13":"tag-news","14":"tag-paris","15":"tag-republique-francaise","16":"tag-stade-franu00e7ais","17":"tag-top-14","18":"tag-toulouse"},"share_on_mastodon":{"url":"https:\/\/pubeurope.com\/@fr\/114373216390083598","error":""},"_links":{"self":[{"href":"https:\/\/www.europesays.com\/fr\/wp-json\/wp\/v2\/posts\/40224","targetHints":{"allow":["GET"]}}],"collection":[{"href":"https:\/\/www.europesays.com\/fr\/wp-json\/wp\/v2\/posts"}],"about":[{"href":"https:\/\/www.europesays.com\/fr\/wp-json\/wp\/v2\/types\/post"}],"author":[{"embeddable":true,"href":"https:\/\/www.europesays.com\/fr\/wp-json\/wp\/v2\/users\/2"}],"replies":[{"embeddable":true,"href":"https:\/\/www.europesays.com\/fr\/wp-json\/wp\/v2\/comments?post=40224"}],"version-history":[{"count":0,"href":"https:\/\/www.europesays.com\/fr\/wp-json\/wp\/v2\/posts\/40224\/revisions"}],"wp:featuredmedia":[{"embeddable":true,"href":"https:\/\/www.europesays.com\/fr\/wp-json\/wp\/v2\/media\/40225"}],"wp:attachment":[{"href":"https:\/\/www.europesays.com\/fr\/wp-json\/wp\/v2\/media?parent=40224"}],"wp:term":[{"taxonomy":"category","embeddable":true,"href":"https:\/\/www.europesays.com\/fr\/wp-json\/wp\/v2\/categories?post=40224"},{"taxonomy":"post_tag","embeddable":true,"href":"https:\/\/www.europesays.com\/fr\/wp-json\/wp\/v2\/tags?post=40224"}],"curies":[{"name":"wp","href":"https:\/\/api.w.org\/{rel}","templated":true}]}}