{"id":402243,"date":"2025-09-19T11:31:16","date_gmt":"2025-09-19T11:31:16","guid":{"rendered":"https:\/\/www.europesays.com\/fr\/402243\/"},"modified":"2025-09-19T11:31:16","modified_gmt":"2025-09-19T11:31:16","slug":"football-deux-joueurs-qui-sortent-un-tout-jeune-qui-entre-decouvrez-le-groupe-de-las-nancy-lorraine-pour-la-reception-du-red-star-ce-vendredi","status":"publish","type":"post","link":"https:\/\/www.europesays.com\/fr\/402243\/","title":{"rendered":"Football Deux joueurs qui sortent, un tout jeune qui entre\u2026 D\u00e9couvrez le groupe de l\u2019AS Nancy Lorraine pour la r\u00e9ception du Red Star, ce vendredi"},"content":{"rendered":"<p>Quelques petites \u00e9volutions dans le groupe nanc\u00e9ien, pour cette r\u00e9ception du Red Star, par rapport <a href=\"https:\/\/www.estrepublicain.fr\/sport\/2025\/09\/12\/suivez-le-deplacement-de-l-as-nancy-lorraine-a-troyes-avec-nous\" target=\"_blank\" rel=\"noopener\">au dernier match perdu \u00e0 Troyes (3-0)<\/a>. Jimmy Evans et Yannis Nahounou ne font pas partie du groupe, cette fois. Le tout jeune Zakaria Ztouti en profite pour \u00eatre convoqu\u00e9. Cela fera une option offensive de plus, pour le coach Pablo Correa, face \u00e0 une \u00e9quipe audonienne qui a montr\u00e9 beaucoup de solidit\u00e9 jusque-l\u00e0. Adrian Dabasse, lui, n\u2019est pas encore revenu \u00e0 100\u00a0% physiquement pour r\u00e9int\u00e9grer le groupe.<\/p>\n<p><strong>Le groupe\u00a0: <\/strong> Basilio, No\u00ebl, Julloux, Saint-Ruf, Mendy, Fernandez, Bamba, Carlier, Bouriaud, Exp\u00e9rience, Bouabdeli, Bokangu, Fdaouch, Maouassa, Sidib\u00e9, Ouotro, Ztouti, Suljic.<\/p>\n<p>Absents\u00a0: Camara, Dabasse, El Hansar, Evans, Nahounou, Tacafred (choix), Sourzac (bless\u00e9)<\/p>\n","protected":false},"excerpt":{"rendered":"Quelques petites \u00e9volutions dans le groupe nanc\u00e9ien, pour cette r\u00e9ception du Red Star, par rapport au dernier match&hellip;\n","protected":false},"author":2,"featured_media":402244,"comment_status":"","ping_status":"","sticky":false,"template":"","format":"standard","meta":{"footnotes":""},"categories":[9635],"tags":[1111,11,3703,1704,1777,674,107,1701,17649,1795,63,1011,27,775,1702,1703,12,25,517,1700],"class_list":{"0":"post-402243","1":"post","2":"type-post","3":"status-publish","4":"format-standard","5":"has-post-thumbnail","7":"category-nancy","8":"tag-actu","9":"tag-actualites","10":"tag-asnl","11":"tag-edition-nancy-et-agglomeration","12":"tag-eu","13":"tag-europe","14":"tag-fil-info","15":"tag-fil-info-sport","16":"tag-fil-print","17":"tag-fil-web","18":"tag-football","19":"tag-fr","20":"tag-france","21":"tag-grand-est","22":"tag-nancy","23":"tag-nancy-ville-54b","24":"tag-news","25":"tag-republique-francaise","26":"tag-sport","27":"tag-sport-lorrain"},"share_on_mastodon":{"url":"https:\/\/pubeurope.com\/@fr\/115230741964918163","error":""},"_links":{"self":[{"href":"https:\/\/www.europesays.com\/fr\/wp-json\/wp\/v2\/posts\/402243","targetHints":{"allow":["GET"]}}],"collection":[{"href":"https:\/\/www.europesays.com\/fr\/wp-json\/wp\/v2\/posts"}],"about":[{"href":"https:\/\/www.europesays.com\/fr\/wp-json\/wp\/v2\/types\/post"}],"author":[{"embeddable":true,"href":"https:\/\/www.europesays.com\/fr\/wp-json\/wp\/v2\/users\/2"}],"replies":[{"embeddable":true,"href":"https:\/\/www.europesays.com\/fr\/wp-json\/wp\/v2\/comments?post=402243"}],"version-history":[{"count":0,"href":"https:\/\/www.europesays.com\/fr\/wp-json\/wp\/v2\/posts\/402243\/revisions"}],"wp:featuredmedia":[{"embeddable":true,"href":"https:\/\/www.europesays.com\/fr\/wp-json\/wp\/v2\/media\/402244"}],"wp:attachment":[{"href":"https:\/\/www.europesays.com\/fr\/wp-json\/wp\/v2\/media?parent=402243"}],"wp:term":[{"taxonomy":"category","embeddable":true,"href":"https:\/\/www.europesays.com\/fr\/wp-json\/wp\/v2\/categories?post=402243"},{"taxonomy":"post_tag","embeddable":true,"href":"https:\/\/www.europesays.com\/fr\/wp-json\/wp\/v2\/tags?post=402243"}],"curies":[{"name":"wp","href":"https:\/\/api.w.org\/{rel}","templated":true}]}}