{"id":402245,"date":"2025-09-19T11:32:14","date_gmt":"2025-09-19T11:32:14","guid":{"rendered":"https:\/\/www.europesays.com\/fr\/402245\/"},"modified":"2025-09-19T11:32:14","modified_gmt":"2025-09-19T11:32:14","slug":"un-homme-tue-par-la-police-apres-avoir-menace-des-enfants-dune-ecole-maternelle-avec-une-machette-2","status":"publish","type":"post","link":"https:\/\/www.europesays.com\/fr\/402245\/","title":{"rendered":"un homme tu\u00e9 par la police apr\u00e8s avoir menac\u00e9 des enfants d\u2019une \u00e9cole maternelle avec une machette"},"content":{"rendered":"<p class=\"mb-4 text-lg md:leading-8 break-words\">Il n\u2019aurait pas r\u00e9pondu aux injonctions des policiers. <a href=\"https:\/\/www.parismatch.com\/actu\/faits-divers\/attaque-a-larme-blanche-a-paris-un-blesse-dans-le-viie-arrondissement-lauteur-en-fuite-256932\" rel=\"nofollow noopener\" target=\"_blank\" data-ylk=\"slk:Un homme\u00a0arm\u00e9 d\u2019une machette;elm:context_link;itc:0;sec:content-canvas\" class=\"link \">Un homme\u00a0arm\u00e9 d\u2019une machette<\/a>\u00a0a \u00e9t\u00e9 tu\u00e9 ce jeudi 18\u00a0septembre par le tir d\u2019un policier \u00e0 proximit\u00e9 d\u2019une\u00a0\u00e9cole maternelle de La Seyne-sur-Mer, une commune du Var, rapportent nos confr\u00e8res de <a href=\"https:\/\/www.varmatin.com\/faits-divers\/un-homme-arme-d-une-machette-mortellement-blesse-par-la-police-pres-d-une-ecole-a-la-seyne-1002505\" rel=\"nofollow noopener\" target=\"_blank\" data-ylk=\"slk:Var-Matin;elm:context_link;itc:0;sec:content-canvas\" class=\"link \">Var-Matin<\/a>.<\/p>\n<p class=\"mb-4 text-lg md:leading-8 break-words\">L\u2019homme, \u00e2g\u00e9 d\u2019une trentaine d\u2019ann\u00e9es, mena\u00e7ait des enfants devant l\u2019\u00e9tablissement scolaire avant de prendre la fuite lorsque la police est intervenue. \u00ab\u00a0Les services de police ont \u00e9t\u00e9 pr\u00e9venus en fin d\u2019apr\u00e8s-midi d\u2019un homme qui d\u00e9ambulait avec une machette pr\u00e8s de la cit\u00e9 Berthe. Il tenait une attitude et des propos mena\u00e7ants, ce qui a provoqu\u00e9 l\u2019intervention des policiers\u00a0\u00bb, a pr\u00e9cis\u00e9 Samuel Finielz, le procureur de la R\u00e9publique de Toulon.<\/p>\n<p>Il menace les policiers avant d\u2019\u00eatre tu\u00e9<\/p>\n<p class=\"mb-4 text-lg md:leading-8 break-words\">Pris au pi\u00e8ge dans un jardin proche, l\u2019individu a menac\u00e9 les policiers avec sa machette. Malgr\u00e9 \u00ab\u00a0deux usages du taser\u00a0\u00bb, l\u2019homme n\u2019a pas l\u00e2ch\u00e9 son arme. \u00ab\u00a0Comme il s\u2019approchait, les policiers ont ouvert le feu en direction des jambes\u00a0\u00bb, indique le magistrat. Six coups de feu \u00ab\u00a0ont \u00e9t\u00e9 tir\u00e9s sur l\u2019individu qui est \u00ab\u00a0d\u00e9c\u00e9d\u00e9 quelques minutes plus tard apr\u00e8s l\u2019intervention des sapeurs-pompiers qui ont essay\u00e9 de le r\u00e9animer\u00a0\u00bb.<\/p>\n<p class=\"mb-4 text-lg md:leading-8 break-words\">Deux enqu\u00eates ont \u00e9t\u00e9 ouvertes. Une concerne \u00ab\u00a0les violences commises \u00e0 l\u2019encontre d\u2019un tiers et de la police\u00a0\u00bb et la deuxi\u00e8me enqu\u00eate porte \u00ab\u00a0sur les circonstances de l\u2019ouverture du feu de la police\u00a0\u00bb. Il y a deux semaines d\u00e9j\u00e0, <a href=\"https:\/\/www.parismatch.com\/actu\/faits-divers\/marseille-un-homme-poignarde-plusieurs-personnes-dans-un-hotel-avant-detre-abattu-par-la-police-256441\" rel=\"nofollow noopener\" target=\"_blank\" data-ylk=\"slk:un homme qui venait d\u2019attaquer plusieurs personnes au couteau avait \u00e9t\u00e9 abattu par la police \u00e0 Mars...;elm:context_link;itc:0;sec:content-canvas\" class=\"link \">un homme qui venait d\u2019attaquer plusieurs personnes au couteau avait \u00e9t\u00e9 abattu par la police \u00e0 Mars&#8230;<\/a><\/p>\n<p class=\"mb-4 text-lg md:leading-8 break-words\"><a href=\"https:\/\/www.parismatch.com\/actu\/faits-divers\/toulon-un-homme-tue-par-la-police-apres-avoir-menace-des-enfants-dune-ecole-maternelle-avec-une-machette-257264?at_medium=affiliate&amp;at_campaign=Yahoo\" rel=\"nofollow noopener\" target=\"_blank\" data-ylk=\"slk:Lire la suite sur ParisMatch;elm:context_link;itc:0;sec:content-canvas\" class=\"link \">Lire la suite sur ParisMatch<\/a><\/p>\n","protected":false},"excerpt":{"rendered":"Il n\u2019aurait pas r\u00e9pondu aux injonctions des policiers. Un homme\u00a0arm\u00e9 d\u2019une machette\u00a0a \u00e9t\u00e9 tu\u00e9 ce jeudi 18\u00a0septembre par&hellip;\n","protected":false},"author":2,"featured_media":402246,"comment_status":"","ping_status":"","sticky":false,"template":"","format":"standard","meta":{"footnotes":""},"categories":[9619],"tags":[1111,11,1777,674,1011,27,3371,32037,12,3764,882,25,23809,2310],"class_list":{"0":"post-402245","1":"post","2":"type-post","3":"status-publish","4":"format-standard","5":"has-post-thumbnail","7":"category-toulon","8":"tag-actu","9":"tag-actualites","10":"tag-eu","11":"tag-europe","12":"tag-fr","13":"tag-france","14":"tag-la-police","15":"tag-machette","16":"tag-news","17":"tag-procureur-de-la-republique","18":"tag-provence-alpes-cote-dazur","19":"tag-republique-francaise","20":"tag-samuel-finielz","21":"tag-toulon"},"share_on_mastodon":{"url":"https:\/\/pubeurope.com\/@fr\/115230745878132169","error":""},"_links":{"self":[{"href":"https:\/\/www.europesays.com\/fr\/wp-json\/wp\/v2\/posts\/402245","targetHints":{"allow":["GET"]}}],"collection":[{"href":"https:\/\/www.europesays.com\/fr\/wp-json\/wp\/v2\/posts"}],"about":[{"href":"https:\/\/www.europesays.com\/fr\/wp-json\/wp\/v2\/types\/post"}],"author":[{"embeddable":true,"href":"https:\/\/www.europesays.com\/fr\/wp-json\/wp\/v2\/users\/2"}],"replies":[{"embeddable":true,"href":"https:\/\/www.europesays.com\/fr\/wp-json\/wp\/v2\/comments?post=402245"}],"version-history":[{"count":0,"href":"https:\/\/www.europesays.com\/fr\/wp-json\/wp\/v2\/posts\/402245\/revisions"}],"wp:featuredmedia":[{"embeddable":true,"href":"https:\/\/www.europesays.com\/fr\/wp-json\/wp\/v2\/media\/402246"}],"wp:attachment":[{"href":"https:\/\/www.europesays.com\/fr\/wp-json\/wp\/v2\/media?parent=402245"}],"wp:term":[{"taxonomy":"category","embeddable":true,"href":"https:\/\/www.europesays.com\/fr\/wp-json\/wp\/v2\/categories?post=402245"},{"taxonomy":"post_tag","embeddable":true,"href":"https:\/\/www.europesays.com\/fr\/wp-json\/wp\/v2\/tags?post=402245"}],"curies":[{"name":"wp","href":"https:\/\/api.w.org\/{rel}","templated":true}]}}