{"id":402251,"date":"2025-09-19T11:35:10","date_gmt":"2025-09-19T11:35:10","guid":{"rendered":"https:\/\/www.europesays.com\/fr\/402251\/"},"modified":"2025-09-19T11:35:10","modified_gmt":"2025-09-19T11:35:10","slug":"a-montpellier-des-agressions-commises-par-des-militants-dextreme-droite-en-marge-du-cortege-syndical-liberation","status":"publish","type":"post","link":"https:\/\/www.europesays.com\/fr\/402251\/","title":{"rendered":"A Montpellier, des agressions commises par des militants d\u2019extr\u00eame droite en marge du cort\u00e8ge syndical \u2013 Lib\u00e9ration"},"content":{"rendered":"<p class=\"sc-cPiKLX AiZTS text-element\">Si CNews et Fronti\u00e8res ont pouss\u00e9 des cries d\u2019orfraie en voyant les images de la manifestation syndicale de Montpellier, jeudi 18 septembre, o\u00f9 un groupe de jeunes hommes avec un drapeau fran\u00e7ais est exfiltr\u00e9 du cort\u00e8ge par la police sur la place de la Com\u00e9die, ils se sont \u00e9videmment abstenus de parler des violences que les m\u00eames ont commises a posteriori. Selon le m\u00e9dia h\u00e9raultais <a href=\"https:\/\/lepoing.net\/montpellier-tensions-et-agressions-en-marge-de-la-manifestation-du-18-septembre\/\" target=\"_blank\" rel=\"nofollow noopener\" title=\"https:\/\/lepoing.net\/montpellier-tensions-et-agressions-en-marge-de-la-manifestation-du-18-septembre\/\">le Poing<\/a> et le site <a href=\"https:\/\/rapportsdeforce.fr\/classes-en-lutte\/18-septembre-des-agressions-dextreme-droite-a-montpellier-en-toute-impunite-091925468\" target=\"_blank\" rel=\"nofollow noopener\" title=\"https:\/\/rapportsdeforce.fr\/classes-en-lutte\/18-septembre-des-agressions-dextreme-droite-a-montpellier-en-toute-impunite-091925468\">Rapports de force<\/a>, le groupe, compos\u00e9 de militants d\u2019extr\u00eame droite, a agress\u00e9 plusieurs personnes dont une militante de l\u2019Observatoire des libert\u00e9s, une ONG li\u00e9e \u00e0 la Ligue des droits de l\u2019homme, et un groupe de manifestants attabl\u00e9s \u00e0 une terrasse. Plusieurs personnes ont \u00e9t\u00e9 pass\u00e9es \u00e0 tabac, dont deux ont d\u00fb \u00eatre conduites aux urgences notamment pour des fractures au visage, rapportent les deux m\u00e9dias. <\/p>\n<p class=\"sc-cPiKLX AiZTS text-element\">La manifestation syndicale prend fin vers 13 heures dans le centre-ville de Montpellier. Alors que les participan <\/p>\n","protected":false},"excerpt":{"rendered":"Si CNews et Fronti\u00e8res ont pouss\u00e9 des cries d\u2019orfraie en voyant les images de la manifestation syndicale de&hellip;\n","protected":false},"author":2,"featured_media":402252,"comment_status":"","ping_status":"","sticky":false,"template":"","format":"standard","meta":{"footnotes":""},"categories":[9599],"tags":[1111,11,1777,674,1076,1011,27,2208,12,2680,25],"class_list":{"0":"post-402251","1":"post","2":"type-post","3":"status-publish","4":"format-standard","5":"has-post-thumbnail","7":"category-montpellier","8":"tag-actu","9":"tag-actualites","10":"tag-eu","11":"tag-europe","12":"tag-extreme-droite","13":"tag-fr","14":"tag-france","15":"tag-montpellier","16":"tag-news","17":"tag-occitanie","18":"tag-republique-francaise"},"share_on_mastodon":{"url":"https:\/\/pubeurope.com\/@fr\/115230757740985363","error":""},"_links":{"self":[{"href":"https:\/\/www.europesays.com\/fr\/wp-json\/wp\/v2\/posts\/402251","targetHints":{"allow":["GET"]}}],"collection":[{"href":"https:\/\/www.europesays.com\/fr\/wp-json\/wp\/v2\/posts"}],"about":[{"href":"https:\/\/www.europesays.com\/fr\/wp-json\/wp\/v2\/types\/post"}],"author":[{"embeddable":true,"href":"https:\/\/www.europesays.com\/fr\/wp-json\/wp\/v2\/users\/2"}],"replies":[{"embeddable":true,"href":"https:\/\/www.europesays.com\/fr\/wp-json\/wp\/v2\/comments?post=402251"}],"version-history":[{"count":0,"href":"https:\/\/www.europesays.com\/fr\/wp-json\/wp\/v2\/posts\/402251\/revisions"}],"wp:featuredmedia":[{"embeddable":true,"href":"https:\/\/www.europesays.com\/fr\/wp-json\/wp\/v2\/media\/402252"}],"wp:attachment":[{"href":"https:\/\/www.europesays.com\/fr\/wp-json\/wp\/v2\/media?parent=402251"}],"wp:term":[{"taxonomy":"category","embeddable":true,"href":"https:\/\/www.europesays.com\/fr\/wp-json\/wp\/v2\/categories?post=402251"},{"taxonomy":"post_tag","embeddable":true,"href":"https:\/\/www.europesays.com\/fr\/wp-json\/wp\/v2\/tags?post=402251"}],"curies":[{"name":"wp","href":"https:\/\/api.w.org\/{rel}","templated":true}]}}