{"id":402253,"date":"2025-09-19T11:36:22","date_gmt":"2025-09-19T11:36:22","guid":{"rendered":"https:\/\/www.europesays.com\/fr\/402253\/"},"modified":"2025-09-19T11:36:22","modified_gmt":"2025-09-19T11:36:22","slug":"rendez-moi-mon-ordi-et-son-contenu-si-inutile-pour-vous","status":"publish","type":"post","link":"https:\/\/www.europesays.com\/fr\/402253\/","title":{"rendered":"Rendez-moi mon ordi et son contenu si inutile pour vous"},"content":{"rendered":"<p>            Par<br \/>\n        <strong><br \/>\n            <a href=\"https:\/\/actu.fr\/auteur\/pascalebrassinne-2\" title=\"Consulter tous les articles de Pascale Brassinne\" rel=\"nofollow noopener\" target=\"_blank\">Pascale Brassinne<\/a><br \/>\n        <\/strong><\/p>\n<p>        Publi\u00e9 le<\/p>\n<p>            19 sept. 2025 \u00e0 12h20        <\/p>\n<p>Le <a href=\"https:\/\/actu.fr\/normandie\/saint-laurent-de-cuves_50499\/avec-norkito-le-festival-papillons-de-nuit-sadapte-aux-enfants_62745615.html\" rel=\"nofollow noopener\" target=\"_blank\">groupe Norkito <\/a>de musique pour enfants, originaire du<a href=\"https:\/\/actu.fr\/tag\/sud-manche\" rel=\"nofollow noopener\" target=\"_blank\"> sud de la Manche<\/a>, \u00e9tait invit\u00e9, les 13 et 14 septembre 2025, du <a href=\"https:\/\/www.goddessengodasses.fr\/a-la-folie-2025\/\" rel=\"nofollow noopener\" target=\"_blank\">festival A la folie<\/a> de <a href=\"https:\/\/actu.fr\/normandie\/rouen_76540\" rel=\"nofollow noopener\" target=\"_blank\">Rouen<\/a>, en <a href=\"https:\/\/actu.fr\/76actu\/\" rel=\"nofollow noopener\" target=\"_blank\">Seine-Maritime<\/a>.<\/p>\n<p class=\" wall-content\">Un festival de spectacles vivants, co-organis\u00e9 par la compagnie Goddess en Godasses et l\u2019association La Fraternit\u00e9, un lieu d\u2019\u00e9ducation populaire et de solidarit\u00e9.<\/p>\n<p>Vitres cass\u00e9es, un ordinateur vol\u00e9<\/p>\n<p class=\" wall-content\">Apr\u00e8s le d\u00e9montage du concert, il est 22h lorsque les artistes vont pour reprendre leur v\u00e9hicule. Guillaume raconte le<a href=\"https:\/\/actu.fr\/normandie\/seine-maritime_76\/faits-divers\" rel=\"nofollow noopener\" target=\"_blank\"> fait divers<\/a> dont ils ont \u00e9t\u00e9 victimes : \u00ab\u00a0les vitres cass\u00e9es, la porte grande ouverte, il manque quelques valises n\u00e9cessaires pour nos spectacles, des effets personnels, tablettes, disques durs et surtout cet ordi portable\u00a0\u00bb.<\/p>\n<p>    <a href=\"https:\/\/www.facebook.com\/plugins\/post.php?href=https%3A%2F%2Fwww.facebook.com%2Fnorkitofficiel%2Fposts%2Fpfbid0P3Pi51y6rkr77cPFuxCH386XKVLZ9HnngRtDJ7LNqgbw8sP8uCYLAZpiU6fPQmmWl&amp;show_text=true&amp;width=350\" title=\"Ouvrie le lien\" rel=\"nofollow noopener\" target=\"_blank\">Cliquez ici pour visualiser le contenu<\/a><\/p>\n<p>Des ann\u00e9es de travail vol\u00e9es<\/p>\n<p class=\" wall-content\">Trois ann\u00e9es de travail, des fichiers, des sons, des vid\u00e9os, des clips, des photos et vid\u00e9os de famille, \u00e9bauches de nouveaux spectacles\u2026 ont disparu.<\/p>\n<blockquote class=\"ac-article-quote wall-content\">\n<p>Tant de choses perdues, des fichiers de booking, de diffusion, de mailing pour faire vivre mes groupes, mon m\u00e9tier, mon intermittence si fragile.<\/p>\n<p>Guillaume, artiste de Norkito<\/p><\/blockquote>\n<p>Vid\u00e9os : en ce moment sur ActuLes artistes ont d\u00e9pos\u00e9 plainte<\/p>\n<p class=\" wall-content\">Une plainte pour vol a \u00e9t\u00e9 d\u00e9pos\u00e9e. Contact\u00e9 jeudi 18 septembre, il confiait qu\u2019une valise d\u2019accessoires a \u00e9t\u00e9 retrouv\u00e9e \u00e0 deux cents m\u00e8tres de l\u2019endroit o\u00f9 \u00e9tait gar\u00e9e la voiture. Une valise de tee-shirts \u00e0 l\u2019effigie du groupe reste introuvable et le sac de mat\u00e9riel informatique, contenant un vieil ordinateur, deux tablettes et des accessoires.<\/p>\n<blockquote class=\"ac-article-quote wall-content\">\n<p>Rendez-moi mon ordi et son contenu si inutile pour vous, \u00f4 combien important pour moi\u2026<\/p>\n<p>Guillaume, musicien du groupe<\/p><\/blockquote>\n<p>Votre r\u00e9gion, votre actu !<\/p>\n<p>Recevez chaque jour les infos qui comptent pour vous.<\/p>\n<p>\t<a href=\"https:\/\/actu.fr\/newsletter\" class=\"ac-btn ac-btn--corner ac-btn--medium ac-btn--blue800\" rel=\"nofollow noopener\" target=\"_blank\">S&rsquo;incrire<\/a><\/p>\n<p class=\" wall-content\">Il communique son num\u00e9ro de t\u00e9l\u00e9phone : \u00ab\u00a0Contactez-moi svp 06 30 59 35 12\u00a0\u00bb.<\/p>\n<p class=\" wall-content\">Personnalisez votre actualit\u00e9 en ajoutant vos villes et m\u00e9dias en favori avec <a href=\"https:\/\/moncompte.actu.fr\" title=\"D\u00e9couvez Mon Actu\" rel=\"nofollow noopener\" data-trk=\"{&quot;cta&quot;:{&quot;action&quot;:&quot;https:\\\/\\\/moncompte.actu.fr&quot;,&quot;category&quot;:&quot;mon compte&quot;,&quot;from&quot;:&quot;article footer&quot;,&quot;name&quot;:&quot;Mon actu&quot;,&quot;type&quot;:&quot;cta&quot;}}\" target=\"_blank\">Mon Actu<\/a>.<\/p>\n","protected":false},"excerpt":{"rendered":"Par Pascale Brassinne Publi\u00e9 le 19 sept. 2025 \u00e0 12h20 Le groupe Norkito de musique pour enfants, originaire&hellip;\n","protected":false},"author":2,"featured_media":402254,"comment_status":"","ping_status":"","sticky":false,"template":"","format":"standard","meta":{"footnotes":""},"categories":[9587],"tags":[1111,11,1174,1777,674,118,1011,27,873,12,5161,25,9590],"class_list":{"0":"post-402253","1":"post","2":"type-post","3":"status-publish","4":"format-standard","5":"has-post-thumbnail","7":"category-rouen","8":"tag-actu","9":"tag-actualites","10":"tag-cambriolage","11":"tag-eu","12":"tag-europe","13":"tag-faits-divers","14":"tag-fr","15":"tag-france","16":"tag-musique","17":"tag-news","18":"tag-normandie","19":"tag-republique-francaise","20":"tag-rouen"},"share_on_mastodon":{"url":"https:\/\/pubeurope.com\/@fr\/115230761433734116","error":""},"_links":{"self":[{"href":"https:\/\/www.europesays.com\/fr\/wp-json\/wp\/v2\/posts\/402253","targetHints":{"allow":["GET"]}}],"collection":[{"href":"https:\/\/www.europesays.com\/fr\/wp-json\/wp\/v2\/posts"}],"about":[{"href":"https:\/\/www.europesays.com\/fr\/wp-json\/wp\/v2\/types\/post"}],"author":[{"embeddable":true,"href":"https:\/\/www.europesays.com\/fr\/wp-json\/wp\/v2\/users\/2"}],"replies":[{"embeddable":true,"href":"https:\/\/www.europesays.com\/fr\/wp-json\/wp\/v2\/comments?post=402253"}],"version-history":[{"count":0,"href":"https:\/\/www.europesays.com\/fr\/wp-json\/wp\/v2\/posts\/402253\/revisions"}],"wp:featuredmedia":[{"embeddable":true,"href":"https:\/\/www.europesays.com\/fr\/wp-json\/wp\/v2\/media\/402254"}],"wp:attachment":[{"href":"https:\/\/www.europesays.com\/fr\/wp-json\/wp\/v2\/media?parent=402253"}],"wp:term":[{"taxonomy":"category","embeddable":true,"href":"https:\/\/www.europesays.com\/fr\/wp-json\/wp\/v2\/categories?post=402253"},{"taxonomy":"post_tag","embeddable":true,"href":"https:\/\/www.europesays.com\/fr\/wp-json\/wp\/v2\/tags?post=402253"}],"curies":[{"name":"wp","href":"https:\/\/api.w.org\/{rel}","templated":true}]}}