{"id":402289,"date":"2025-09-19T11:57:09","date_gmt":"2025-09-19T11:57:09","guid":{"rendered":"https:\/\/www.europesays.com\/fr\/402289\/"},"modified":"2025-09-19T11:57:09","modified_gmt":"2025-09-19T11:57:09","slug":"monica-bellucci-et-tim-berton-annoncent-leur-separation","status":"publish","type":"post","link":"https:\/\/www.europesays.com\/fr\/402289\/","title":{"rendered":"Monica Bellucci et Tim Berton annoncent leur s\u00e9paration"},"content":{"rendered":"<p itemprop=\"description\"><strong>Une belle histoire d\u2019amour se termine.<\/strong><\/p>\n<p>\u00ab\u00a0C\u2019est avec beaucoup de respect et d\u2019affection mutuelle que Monica Bellucci et Tim Burton ont d\u00e9cid\u00e9 de se s\u00e9parer.\u00a0\u00bb La nouvelle est tomb\u00e9e ce vendredi matin dans un communiqu\u00e9 commun. Le r\u00e9alisateur am\u00e9ricain et l\u2019actrice italienne ont annonc\u00e9 leur s\u00e9paration.<\/p>\n<p>Leur histoire avait d\u00e9but\u00e9 \u00e0 Lyon en octobre 2022 \u00e0 l\u2019occasion du Festival Lumi\u00e8re o\u00f9 <strong>Tim Burton<\/strong> avait re\u00e7u le Prix Lumi\u00e8re. <strong>Monica Bellucci<\/strong> se tenait notamment \u00e0 ses c\u00f4t\u00e9s sur sc\u00e8ne.<\/p>\n<p>Les deux c\u00e9l\u00e9brit\u00e9s avaient attendu quelques mois <a href=\"https:\/\/www.lyonfemmes.com\/article\/250164\/je-l-aime-monica-bellucci-officialise-sa-relation-amoureuse-avec-tim-burton-nee-a-lyon\" target=\"_blank\" rel=\"noopener\">avant d\u2019officialiser<\/a>. \u00ab\u00a0Une de ces rencontres qui arrivent rarement dans une vie\u00a0\u00bb, avait d\u00e9clar\u00e9 l\u2019actrice dans une interview au magazine Elle alors que le tournage du nouveau Beetlejuice d\u00e9butait \u00e0 Londres avec toujours aux manettes Tim Burton et au casting Monica Bellucci.<\/p>\n<p>Un coup de foudre qui aura finalement dur\u00e9 un peu moins de trois ans\u2026<\/p>\n","protected":false},"excerpt":{"rendered":"Une belle histoire d\u2019amour se termine. \u00ab\u00a0C\u2019est avec beaucoup de respect et d\u2019affection mutuelle que Monica Bellucci et&hellip;\n","protected":false},"author":2,"featured_media":402290,"comment_status":"","ping_status":"","sticky":false,"template":"","format":"standard","meta":{"footnotes":""},"categories":[1889],"tags":[1111,11,2813,2190,2430,1109,251,1112,2811,1777,674,118,1294,4651,1011,27,1922,1110,1114,2428,4903,4902,12,241,316,25,2812,517,800],"class_list":{"0":"post-402289","1":"post","2":"type-post","3":"status-publish","4":"format-standard","5":"has-post-thumbnail","7":"category-lyon","8":"tag-actu","9":"tag-actualites","10":"tag-article","11":"tag-asvel","12":"tag-auvergne-rhone-alpes","13":"tag-breves","14":"tag-culture","15":"tag-depeches","16":"tag-economique","17":"tag-eu","18":"tag-europe","19":"tag-faits-divers","20":"tag-femme","21":"tag-femmes","22":"tag-fr","23":"tag-france","24":"tag-info","25":"tag-informations","26":"tag-infos","27":"tag-lyon","28":"tag-lyonfemme","29":"tag-lyonfemmes","30":"tag-news","31":"tag-ol","32":"tag-politique","33":"tag-republique-francaise","34":"tag-sociale","35":"tag-sport","36":"tag-transports"},"share_on_mastodon":{"url":"https:\/\/pubeurope.com\/@fr\/115230844224435918","error":""},"_links":{"self":[{"href":"https:\/\/www.europesays.com\/fr\/wp-json\/wp\/v2\/posts\/402289","targetHints":{"allow":["GET"]}}],"collection":[{"href":"https:\/\/www.europesays.com\/fr\/wp-json\/wp\/v2\/posts"}],"about":[{"href":"https:\/\/www.europesays.com\/fr\/wp-json\/wp\/v2\/types\/post"}],"author":[{"embeddable":true,"href":"https:\/\/www.europesays.com\/fr\/wp-json\/wp\/v2\/users\/2"}],"replies":[{"embeddable":true,"href":"https:\/\/www.europesays.com\/fr\/wp-json\/wp\/v2\/comments?post=402289"}],"version-history":[{"count":0,"href":"https:\/\/www.europesays.com\/fr\/wp-json\/wp\/v2\/posts\/402289\/revisions"}],"wp:featuredmedia":[{"embeddable":true,"href":"https:\/\/www.europesays.com\/fr\/wp-json\/wp\/v2\/media\/402290"}],"wp:attachment":[{"href":"https:\/\/www.europesays.com\/fr\/wp-json\/wp\/v2\/media?parent=402289"}],"wp:term":[{"taxonomy":"category","embeddable":true,"href":"https:\/\/www.europesays.com\/fr\/wp-json\/wp\/v2\/categories?post=402289"},{"taxonomy":"post_tag","embeddable":true,"href":"https:\/\/www.europesays.com\/fr\/wp-json\/wp\/v2\/tags?post=402289"}],"curies":[{"name":"wp","href":"https:\/\/api.w.org\/{rel}","templated":true}]}}