{"id":402291,"date":"2025-09-19T11:58:17","date_gmt":"2025-09-19T11:58:17","guid":{"rendered":"https:\/\/www.europesays.com\/fr\/402291\/"},"modified":"2025-09-19T11:58:17","modified_gmt":"2025-09-19T11:58:17","slug":"journees-du-patrimoine-2025-notre-top-5-pres-de-lyon","status":"publish","type":"post","link":"https:\/\/www.europesays.com\/fr\/402291\/","title":{"rendered":"Journ\u00e9es du patrimoine 2025 : notre top 5 pr\u00e8s de Lyon"},"content":{"rendered":"<p><img loading=\"lazy\" decoding=\"async\" alt=\"\u00a9 Street art Rillieux&quot;\/Andrea Berlese - Un nouveau lieu d'exposition d'oeuvres de street-art est propos\u00e9 \u00e0 Rillieux-la-Pape. Il ouvre ses portes ce week-end pour les Journ\u00e9es du patrimoine 2025.\" data-zoom-src=\"https:\/\/www.europesays.com\/fr\/wp-content\/uploads\/2025\/09\/initial-journees-du-patrimoine-2025-pres-de-lyon-le-seize-rillieux-la-pape-credit-andrea-berlese.jpg\" data-zoomable=\"\" height=\"702\" src=\"https:\/\/www.europesays.com\/fr\/wp-content\/uploads\/2025\/09\/initial-journees-du-patrimoine-2025-pres-de-lyon-le-seize-rillieux-la-pape-credit-andrea-berlese.jpg\" width=\"1248\"\/>  <\/p>\n<p class=\"article-desc\">\u00a9 Street art Rillieux\u00a0\u00bb\/Andrea Berlese &#8211; Un nouveau lieu d&rsquo;exposition d&rsquo;oeuvres de street-art est propos\u00e9 \u00e0 Rillieux-la-Pape. Il ouvre ses portes ce week-end pour les Journ\u00e9es du patrimoine 2025. <\/p>\n<p>L&rsquo;\u00e9dition 2025 des <strong>Journ\u00e9es du patrimoine<\/strong> d\u00e9butent ce vendredi 19 septembre jusqu&rsquo;au vendredi 21 septembre. Le programme d&rsquo;animations est dense dans l&rsquo;ensemble de la m\u00e9tropole.\u00a0Voici notre s\u00e9lection (non-exhaustive) de<strong> cinq sorties propos\u00e9es pr\u00e8s de Lyon<\/strong>. <\/p>\n<p> Rillieux-la-Pape : un nouveau temple du street-art se r\u00e9v\u00e8le <\/p>\n<blockquote class=\"instagram-media\" data-instgrm-captioned=\"\" data-instgrm-permalink=\"https:\/\/www.instagram.com\/reel\/DOeDWSBDT33\/?utm_source=ig_embed&amp;utm_campaign=loading\" data-instgrm-version=\"14\" data-uniformized=\"true\" style=\"background:#fff;border:0;border-radius:3px;box-shadow:0 0 1px 0 rgba(0,0,0,.5),0 1px 10px 0 rgba(0,0,0,.15);margin:1px;max-width:540px;min-width:326px;padding:0;width:calc(100% - 2px)\"><\/blockquote>\n<p>\u00ab\u00a0Le Seize\u00a0\u00bb est un <strong>nouveau lieu d&rsquo;exposition \u00e9ph\u00e9m\u00e8re <\/strong>consacr\u00e9 au<strong> street-art.<\/strong> Pour les Journ\u00e9es du patrimoine, il se r\u00e9v\u00e8le \u00e0 Rillieux-la-Pape. L&rsquo;association Spacejunk Lyon expose les \u0153uvres de <strong>11 artistes<\/strong> sur le th\u00e8me \u00ab\u00a0Cabinets de curiosit\u00e9s\u00a0\u00bb. Attention, il ne reste que <strong>quelques places<\/strong> : cinq places \u00e0 14h, deux \u00e0 16h et trois \u00e0 17h.\u00a0 <\/p>\n<p>Infos pratiques <\/p>\n<p>Samedi 20 septembre : cr\u00e9neaux de visite \u00e0 15h, 16h, 17h et 18h. 16 avenue du Mont Blanc, 69140 Rillieux-la-Pape. Gratuit. Inscriptions sur le site : <a href=\"https:\/\/www.streetartrillieux.com\/\" rel=\"noopener\" target=\"_blank\">www.streetartrillieux.com<\/a>.<\/p>\n<p> D\u00e9couvrir la fourmili\u00e8re du march\u00e9 de gros de Lyon-Corbas <img decoding=\"async\" alt=\"\" class=\"img-align-center\" data-zoomable=\"\" loading=\"lazy\" src=\"https:\/\/www.europesays.com\/fr\/wp-content\/uploads\/2025\/09\/marche-de-gros-lyon-corbas-journees-du-patrimoine-2025-credit-pxhere.jpg\"\/> \u00a9 Pxhere &#8211; Le march\u00e9 de gros de Lyon-Corbas abrite 25 grossistes et 60 \u00ab\u00a0op\u00e9rateurs\u00a0\u00bb dans le carreau des producteurs. <\/p>\n<p>Que se cache derri\u00e8re \u00ab\u00a0le ventre de la r\u00e9gion Auvergne-Rh\u00f4ne-Alpes\u00a0\u00bb, le <strong>march\u00e9 de gros de Lyon-Corbas <\/strong>? A l&rsquo;occasion des Journ\u00e9es du patrimoine, l&rsquo;espace de 35 000 m2 o\u00f9 transitent chaque ann\u00e9e plus de<strong> 300 000 tonnes de fruits et l\u00e9gumes<\/strong> pour servir les commerces de la r\u00e9gion, propose des <strong>portes ouvertes <\/strong>du 22 au 26 septembre 2025. Il faut par contre <strong>se lever t\u00f4t<\/strong>. Deux cr\u00e9neaux de visite sont propos\u00e9s toute la semaine prochaine, \u00e0 7h et \u00e0 8h30. Des places sont encore disponibles. <\/p>\n<p>Infos pratiques <\/p>\n<p>Visite gratuite du march\u00e9 de gros de Lyon-Corbas. <\/p>\n<p>R\u00e9servation obligatoire par t\u00e9l. 04 37 25 30 95 ou <a href=\"http:\/\/mesinfos.fr\/cdn-cgi\/l\/email-protection#eb888486869e8582888a9f828485ab868a9988838e8f8e8c998498c687928485888499898a98c58d99\" rel=\"noopener\" target=\"_blank\">par mail<\/a>.\u00a0 <\/p>\n<p>Tarif m\u00e2chon : 22 euros par personne.\u00a0<\/p>\n<p> Faire marcher son imaginaire \u00e0 Saint-Romain-au-Mont-d&rsquo;Or <img decoding=\"async\" alt=\"\" class=\"img-align-center\" data-zoomable=\"\" loading=\"lazy\" src=\"https:\/\/www.europesays.com\/fr\/wp-content\/uploads\/2025\/09\/demeure-du-chaos-saint-romain-au-mont-d-or-journees-du-patrimoine-2025-credit-noemie-coquet.jpg\"\/> \u00a9 No\u00e9mie Coquet &#8211; La Demeure du chaos \u00e0 Saint-Romain-au-Mont-d&rsquo;Or h\u00e9berge plus de 7 000 oeuvres \u00e0 ciel ouvert. <\/p>\n<p>C&rsquo;est un endroit singulier cr\u00e9\u00e9 voici 25 ans. Les <strong>7 200 oeuvres et sculptures monumentales<\/strong>, n\u00e9es de l&rsquo;imagination de Thierry Ehrmann, intriguent, fascinent, bousculent, d\u00e9rangent parfois.<strong> La Demeure du chaos<\/strong> \u00e0 Saint-Romain-au-d&rsquo;Or participe cette ann\u00e9e encore aux Journ\u00e9es europ\u00e9ennes du patrimoine. Une \u00ab\u00a0visite in\u00e9dite\u00a0\u00bb est propos\u00e9e samedi 20 septembre de 16h \u00e0 22h et dimanche 21 septembre de 14h30 \u00e0 18h30.<\/p>\n<ul>\n<li>A noter que le centre du village de Saint-Romain-au-d&rsquo;Or sera ferm\u00e9 aux v\u00e9hicules non-r\u00e9sidents de la commune. La liste des parkings accessibles est \u00e0 retrouver <a href=\"https:\/\/www.google.com\/maps\/d\/u\/0\/viewer?mid=1lVUrHYvJFI1TtpxlvOY9wk2YOWU1qnQ&amp;ll=45.84698060000007%2C4.831593400000012&amp;z=16&amp;utm_medium=email&amp;utm_source=FASTMAIL_DDC_2025-06-01-JEP-2025-INK-FACTORY&amp;utm_campaign=DDC_2025-06-01-JEP-2025-INK-FACTORY\" rel=\"noopener\" target=\"_blank\">sur le site<\/a>. Compter dix \u00e0 20 minutes de marche en fonction du stationnement choisi.\u00a0 <\/li>\n<\/ul>\n<p> Infos pratiques <\/p>\n<p class=\"color\">Gratuit, tout public, sans inscription. Derni\u00e8re entr\u00e9e : 45 minutes avant la fermeture des portes. Plus de d\u00e9tails sur <a href=\"https:\/\/www.demeureduchaos.com\/agenda\/journees-europeennes-du-patrimoine-2025-a-la-demeure-du-chaos\/?utm_medium=email&amp;utm_source=FASTMAIL_DDC_2025-06-01-JEP-2025-INK-FACTORY&amp;utm_campaign=DDC_2025-06-01-JEP-2025-INK-FACTORY\" rel=\"noopener\" target=\"_blank\">le site de la Demeure du chaos<\/a>.<\/p>\n<p> Apprendre l&rsquo;architecture gr\u00e2ce au jeu vid\u00e9o \u00e0 Pierre-B\u00e9nite <img decoding=\"async\" alt=\"\" class=\"img-align-center\" data-zoomable=\"\" loading=\"lazy\" src=\"https:\/\/www.europesays.com\/fr\/wp-content\/uploads\/2025\/09\/animation-architecture-et-jeu-video-pierre-benite-minecraft-journees-du-patrimoine-2025-credit-pixab.jpeg\"\/> \u00a9 Pixabay &#8211; Un jeu de piste d\u00e8s 8 ans sur le th\u00e8me de l&rsquo;architecture et du jeu vid\u00e9o est propos\u00e9e samedi 20 septembre \u00e0 Pierre-B\u00e9nite.\u00a0 <\/p>\n<p>\u00ab\u00a0Briques et l\u00e9gendes : l&rsquo;architecture \u00e0 travers le jeu vid\u00e9o\u00a0\u00bb est une animation mise au point par la<strong> m\u00e9diath\u00e8que Elsa-Triolet de Pierre-B\u00e9nite <\/strong>pour les Journ\u00e9es du patrimoine. Ce<strong> jeu de piste <\/strong>con\u00e7u \u00e0 partir des collections de la m\u00e9diath\u00e8que permet de se familiariser avec cette discipline. Une session sp\u00e9ciale jeu-vid\u00e9o compl\u00e8te la proposition. <\/p>\n<p> Infos pratiques <\/p>\n<p>Samedi 20 septembre, de 14h \u00e0 17h. D\u00e8s 8 ans. Inscription obligatoire par t\u00e9l. : 04 78 51 24 45 ou <a href=\"http:\/\/mesinfos.fr\/cdn-cgi\/l\/email-protection#0f626a6b666e7b676a7e7a6a276e7b26607a636366617c7f666a7d7d6a6d6a61667b6a21697d\" rel=\"noopener\" target=\"_blank\">par mail<\/a>. Plus d&rsquo;infos sur le <a href=\"https:\/\/www.mediathequepierrebenite.fr\/\" rel=\"noopener\" target=\"_blank\">site de la m\u00e9diath\u00e8que Elsa-Triolet<\/a>, 8 rue du 11 novembre 1918, 69310 Pierre-B\u00e9nite.<\/p>\n<p> Cultiver son Histoire au fort de Bron\u00a0 <\/p>\n<blockquote class=\"instagram-media\" data-instgrm-captioned=\"\" data-instgrm-permalink=\"https:\/\/www.instagram.com\/p\/DOitLCFjXOg\/?utm_source=ig_embed&amp;utm_campaign=loading\" data-instgrm-version=\"14\" data-uniformized=\"true\" style=\"background:#fff;border:0;border-radius:3px;box-shadow:0 0 1px 0 rgba(0,0,0,.5),0 1px 10px 0 rgba(0,0,0,.15);margin:1px;max-width:540px;min-width:326px;padding:0;width:calc(100% - 2px)\"><\/blockquote>\n<p>\u00a0 <\/p>\n<p>Des visites guid\u00e9es du<strong> fort de Bron<\/strong> sont organis\u00e9es dimanche 21 septembre. L&rsquo;\u00e9difice du XIXe si\u00e8cle a \u00e9t\u00e9 construit pour servir de base de d\u00e9fense de la ville de Lyon, juste apr\u00e8s la guerre franco-prussienne de 1870. L&rsquo;association en charge de conserver la m\u00e9moire du site o\u00f9 serpentent des<strong> galeries souterraines<\/strong> retrace cette Histoire.\u00a0 <\/p>\n<p>Infos pratiques <\/p>\n<p>D\u00e9part toutes les 15 minutes. Inscription sur place. Visites guid\u00e9es du Fort de Bron, dimanche 21 septembre de 10h \u00e0 18h. Chemin vieux, 69 500 Bron. Renseignements compl\u00e9mentaires sur le site : <a href=\"https:\/\/www.fort-de-bron.fr\/\" rel=\"noopener\" target=\"_blank\">www.fort-de-bron.fr<\/a>.<\/p>\n<p><script async src=\"\/\/www.instagram.com\/embed.js\"><\/script><\/p>\n","protected":false},"excerpt":{"rendered":"\u00a9 Street art Rillieux\u00a0\u00bb\/Andrea Berlese &#8211; Un nouveau lieu d&rsquo;exposition d&rsquo;oeuvres de street-art est propos\u00e9 \u00e0 Rillieux-la-Pape. Il&hellip;\n","protected":false},"author":2,"featured_media":402292,"comment_status":"","ping_status":"","sticky":false,"template":"","format":"standard","meta":{"footnotes":""},"categories":[1889],"tags":[1111,11,2430,1777,674,1011,27,11431,53356,2428,12,25,3336],"class_list":{"0":"post-402291","1":"post","2":"type-post","3":"status-publish","4":"format-standard","5":"has-post-thumbnail","7":"category-lyon","8":"tag-actu","9":"tag-actualites","10":"tag-auvergne-rhone-alpes","11":"tag-eu","12":"tag-europe","13":"tag-fr","14":"tag-france","15":"tag-idu00e9es-de-sorties","16":"tag-journu00e9es-europu00e9ennes-du-patrimoine","17":"tag-lyon","18":"tag-news","19":"tag-republique-francaise","20":"tag-sortir-u00e0-lyon"},"share_on_mastodon":{"url":"https:\/\/pubeurope.com\/@fr\/115230848934649796","error":""},"_links":{"self":[{"href":"https:\/\/www.europesays.com\/fr\/wp-json\/wp\/v2\/posts\/402291","targetHints":{"allow":["GET"]}}],"collection":[{"href":"https:\/\/www.europesays.com\/fr\/wp-json\/wp\/v2\/posts"}],"about":[{"href":"https:\/\/www.europesays.com\/fr\/wp-json\/wp\/v2\/types\/post"}],"author":[{"embeddable":true,"href":"https:\/\/www.europesays.com\/fr\/wp-json\/wp\/v2\/users\/2"}],"replies":[{"embeddable":true,"href":"https:\/\/www.europesays.com\/fr\/wp-json\/wp\/v2\/comments?post=402291"}],"version-history":[{"count":0,"href":"https:\/\/www.europesays.com\/fr\/wp-json\/wp\/v2\/posts\/402291\/revisions"}],"wp:featuredmedia":[{"embeddable":true,"href":"https:\/\/www.europesays.com\/fr\/wp-json\/wp\/v2\/media\/402292"}],"wp:attachment":[{"href":"https:\/\/www.europesays.com\/fr\/wp-json\/wp\/v2\/media?parent=402291"}],"wp:term":[{"taxonomy":"category","embeddable":true,"href":"https:\/\/www.europesays.com\/fr\/wp-json\/wp\/v2\/categories?post=402291"},{"taxonomy":"post_tag","embeddable":true,"href":"https:\/\/www.europesays.com\/fr\/wp-json\/wp\/v2\/tags?post=402291"}],"curies":[{"name":"wp","href":"https:\/\/api.w.org\/{rel}","templated":true}]}}