{"id":402300,"date":"2025-09-19T12:04:13","date_gmt":"2025-09-19T12:04:13","guid":{"rendered":"https:\/\/www.europesays.com\/fr\/402300\/"},"modified":"2025-09-19T12:04:13","modified_gmt":"2025-09-19T12:04:13","slug":"a-paris-lun-des-derniers-videoclubs-lutte-pour-sa-survie-19-09-2025-a-1340","status":"publish","type":"post","link":"https:\/\/www.europesays.com\/fr\/402300\/","title":{"rendered":"A Paris, l&rsquo;un des derniers vid\u00e9oclubs lutte pour sa survie &#8211; 19\/09\/2025 \u00e0 13:40"},"content":{"rendered":"<p>        <img fetchpriority=\"high\" decoding=\"async\" src=\"https:\/\/www.europesays.com\/fr\/wp-content\/uploads\/2025\/09\/0971da2109704b7fd191efd3838bf4a5-760x507.jpg\" alt=\"Theo Bancilhon, g\u00e9rant de JM Video, un magasin de location de vid\u00e9os \u00e0 Paris\" loading=\"eager\" width=\"760\" height=\"507\" style=\"max-width: 100%!important; height: auto;\"\/><\/p>\n<p class=\"c-image-news__legend\">Theo Bancilhon, g\u00e9rant de JM Video, un magasin de location de vid\u00e9os \u00e0 Paris<\/p>\n<p>\n par Noemie Olive et Benoit Van Overstraeten\n<\/p>\n<p>\n Les magasins de location de DVD, tels que JM Video, institution parisienne pour les cin\u00e9philes, luttent pour leur survie face \u00e0 la concurrence croissante des plateformes de streaming et de vid\u00e9os \u00e0 la demande.\n<\/p>\n<p>\n Ce n&rsquo;est pourtant pas le choix qui manque. JM Video dispose d&rsquo;une biblioth\u00e8que de plus de 50.000 films, bien plus que les quelque 5.000 titres propos\u00e9s \u00e0 tout moment sur Netflix et que les catalogues de tous les grands acteurs du streaming r\u00e9unis.\n<\/p>\n<p>\n \u00ab\u00a0C&rsquo;est un des seuls lieux de Paris o\u00f9 il y a vraiment un fonds cin\u00e9matographique (&#8230;) on peut trouver ce qui ne se trouve nulle part ailleurs\u00a0\u00bb, se r\u00e9jouit Virginie Breton, une cin\u00e9phile qui loue des DVD \u00e0 JM Video plusieurs fois par semaine.\n<\/p>\n<p>\n Ces locations ne suffisent cependant pas \u00e0 JM Video, confront\u00e9 aux prix \u00e9lev\u00e9s de l&rsquo;immobilier parisien et la diminution de la client\u00e8le, pour assurer sa survie face \u00e0 la concurrence des services de streaming.\n<\/p>\n<p>\n Fond\u00e9 en 1982, JM Video \u00e9tait autrefois l&rsquo;un des quelque 5.000 magasins de location de vid\u00e9os encore pr\u00e9sents dans l&rsquo;Hexagone \u00e0 la fin du si\u00e8cle dernier, bien avant l&rsquo;apparition de plateformes telles qu&rsquo;Amazon Prime, Disney+, HBO Max, ou Paramount+.\n<\/p>\n<p>\n Aujourd&rsquo;hui, la France ne compte plus qu&rsquo;une dizaine de vid\u00e9oclubs, dont deux \u00e0 Paris. JM Video, o\u00f9 les DVD s&rsquo;\u00e9talent sur des \u00e9tag\u00e8res allant du sol au plafond, reste \u00e0 ce jour un point de ralliement pour les cin\u00e9philes et est notamment visit\u00e9 par Brad Pitt lorsque l&rsquo;acteur am\u00e9ricain est en visite dans la capitale.\n<\/p>\n<p>\n Mais malgr\u00e9 cette notori\u00e9t\u00e9, le g\u00e9rant de JM Video, Th\u00e9o Bancilhon, dit avoir du mal \u00e0 payer le loyer du magasin et les salaires de ses trois employ\u00e9s.\n<\/p>\n<p>\n Ce mois-ci, le magasin a lanc\u00e9 un appel aux dons, r\u00e9coltant environ 26.000 euros aupr\u00e8s de plus d&rsquo;un millier de donateurs en moins de deux semaines. Th\u00e9o Bancilhon estime avoir besoin de 35.000 euros pour assurer l&rsquo;avenir imm\u00e9diat de son magasin et de 65.000 euros pour \u00eatre serein \u00e0 long terme.\n<\/p>\n<p>\n Le g\u00e9rant croit fermement au concept de la location de DVD, notant que les jeunes en particulier sont int\u00e9ress\u00e9s par les formats de haute qualit\u00e9.\n<\/p>\n<p>\n \u00ab\u00a0Nous sommes une esp\u00e8ce de phare dans la nuit, un lieu un peu iconoclaste, qui va l&rsquo;encontre des nouvelles mani\u00e8res de consommer une certaine culture\u00a0\u00bb, indique-t-il.\n<\/p>\n<p>\n \u00ab\u00a0C&rsquo;est bien, d\u00e9j\u00e0 symboliquement, pour les gens de savoir qu&rsquo;on existe, de savoir qu&rsquo;une autre mani\u00e8re d&rsquo;appr\u00e9hender le cin\u00e9ma est possible, en retrouvant un contact humain, en se faisant conseiller, en \u00e9tant dans un rapport autre que celui structur\u00e9 par les algorithmes\u00a0\u00bb.\n<\/p>\n<p>\n (Reportage Noemie Olive et Benoit Van Overstraeten ; version fran\u00e7aise Etienne Breban ; \u00e9dit\u00e9 par Augustin Turpin)<\/p>\n","protected":false},"excerpt":{"rendered":"Theo Bancilhon, g\u00e9rant de JM Video, un magasin de location de vid\u00e9os \u00e0 Paris par Noemie Olive et&hellip;\n","protected":false},"author":2,"featured_media":402301,"comment_status":"","ping_status":"","sticky":false,"template":"","format":"standard","meta":{"footnotes":""},"categories":[1888],"tags":[400,11,398,408,405,1777,674,1011,27,403,402,399,404,12,626,25,401,406,407],"class_list":{"0":"post-402300","1":"post","2":"type-post","3":"status-publish","4":"format-standard","5":"has-post-thumbnail","7":"category-paris","8":"tag-action-cac-40","9":"tag-actualites","10":"tag-bourse-de-paris","11":"tag-boursorama","12":"tag-cotations","13":"tag-eu","14":"tag-europe","15":"tag-fr","16":"tag-france","17":"tag-indices-devises","18":"tag-investir","19":"tag-investissement","20":"tag-marche-boursier","21":"tag-news","22":"tag-paris","23":"tag-republique-francaise","24":"tag-sicav","25":"tag-trackers","26":"tag-warrants"},"share_on_mastodon":{"url":"https:\/\/pubeurope.com\/@fr\/115230872230847216","error":""},"_links":{"self":[{"href":"https:\/\/www.europesays.com\/fr\/wp-json\/wp\/v2\/posts\/402300","targetHints":{"allow":["GET"]}}],"collection":[{"href":"https:\/\/www.europesays.com\/fr\/wp-json\/wp\/v2\/posts"}],"about":[{"href":"https:\/\/www.europesays.com\/fr\/wp-json\/wp\/v2\/types\/post"}],"author":[{"embeddable":true,"href":"https:\/\/www.europesays.com\/fr\/wp-json\/wp\/v2\/users\/2"}],"replies":[{"embeddable":true,"href":"https:\/\/www.europesays.com\/fr\/wp-json\/wp\/v2\/comments?post=402300"}],"version-history":[{"count":0,"href":"https:\/\/www.europesays.com\/fr\/wp-json\/wp\/v2\/posts\/402300\/revisions"}],"wp:featuredmedia":[{"embeddable":true,"href":"https:\/\/www.europesays.com\/fr\/wp-json\/wp\/v2\/media\/402301"}],"wp:attachment":[{"href":"https:\/\/www.europesays.com\/fr\/wp-json\/wp\/v2\/media?parent=402300"}],"wp:term":[{"taxonomy":"category","embeddable":true,"href":"https:\/\/www.europesays.com\/fr\/wp-json\/wp\/v2\/categories?post=402300"},{"taxonomy":"post_tag","embeddable":true,"href":"https:\/\/www.europesays.com\/fr\/wp-json\/wp\/v2\/tags?post=402300"}],"curies":[{"name":"wp","href":"https:\/\/api.w.org\/{rel}","templated":true}]}}