{"id":402304,"date":"2025-09-19T12:06:33","date_gmt":"2025-09-19T12:06:33","guid":{"rendered":"https:\/\/www.europesays.com\/fr\/402304\/"},"modified":"2025-09-19T12:06:33","modified_gmt":"2025-09-19T12:06:33","slug":"ukraine-un-mois-apres-sa-rencontre-avec-poutine-en-alaska-trump-est-il-en-train-de-perdre-son-pari","status":"publish","type":"post","link":"https:\/\/www.europesays.com\/fr\/402304\/","title":{"rendered":"Ukraine : un mois apr\u00e8s sa rencontre avec Poutine en Alaska, Trump est-il en train de perdre son pari ?"},"content":{"rendered":"<ul class=\"jsx-862013697 ArticleChapo__List\">\n<li class=\"jsx-862013697 ArticleChapo__List_Item flex\">\u00ab\u00a0Poutine m&rsquo;a vraiment laiss\u00e9 tomber\u00a0\u00bb, a conc\u00e9d\u00e9 Donald Trump jeudi depuis le Royaume-Uni.<\/li>\n<li class=\"jsx-862013697 ArticleChapo__List_Item flex\">Un aveu d&rsquo;impuissance du pr\u00e9sident am\u00e9ricain qui, il y a un mois, esp\u00e9rait obtenir un t\u00eate-\u00e0-t\u00eate entre le pr\u00e9sident russe et Volodymyr Zelensky.<\/li>\n<\/ul>\n<p><a href=\"https:\/\/www.tf1info.fr\/actualite\/guerre-ukraine-russie-une-rencontre-donald-trump-vladimir-poutine-historique-le-vendredi-15-aout-2025-en-alaska-sans-volodymyr-zelensky-14326\/\" rel=\"noopener\" class=\"jsx-484472199 Link jsx-1428418400 jsx-554215408\" target=\"_blank\"><\/p>\n<p style=\"font-weight:400\" class=\"jsx-1837267516\">Suivez la couverture compl\u00e8te<\/p>\n<p style=\"font-weight:800\" class=\"jsx-1837267516\">Ukraine-Russie : des n\u00e9gociations dans l\u2019impasse<\/p>\n<p><\/a><\/p>\n<p data-module=\"article-paragraph\" class=\"jsx-3046738180 Paragraph\">Donald Trump d\u00e9chante. Et il le fait savoir. Apr\u00e8s <a href=\"https:\/\/www.tf1info.fr\/election-presidentielle-americaine\/video-guerre-ukraine-russie-le-plan-tres-favorable-a-la-russie-de-trump-pour-obtenir-la-paix-en-24-heures-2294824.html\" target=\"_blank\" rel=\"noopener\">avoir longtemps promis de r\u00e9gler la guerre en Ukraine \u00ab\u00a0en 24 heures\u00a0\u00bb<\/a>, le pr\u00e9sident am\u00e9ricain l&rsquo;a reconnu jeudi 18 septembre aupr\u00e8s du Premier ministre britannique, Keir Starmer : \u00ab\u00a0Vladimir Poutine m&rsquo;a vraiment laiss\u00e9 tomber\u00a0\u00bb. Un aveu d&rsquo;impuissance qui illustre l&rsquo;\u00e9tiolement de la strat\u00e9gie du r\u00e9publicain avec le Kremlin.<\/p>\n<p data-module=\"article-paragraph\" class=\"jsx-3046738180 Paragraph Paragraph__End\">Donald Trump n&rsquo;aurait s\u00fbrement jamais cru, il y a encore un mois <a href=\"https:\/\/www.tf1info.fr\/international\/video-sommet-en-alaska-la-poignee-de-main-historique-entre-trump-et-poutine-2388974.html\" target=\"_blank\" rel=\"noopener\">quand il recevait en grande pompe son homologue en Alaska<\/a>, que les promesses de ce dernier resteraient lettre morte. Le chef de l&rsquo;\u00c9tat russe s&rsquo;\u00e9tait en effet \u00ab\u00a0engag\u00e9 aupr\u00e8s du pr\u00e9sident Trump\u00a0\u00bb \u00e0 rencontrer Volodymyr Zelensky. Tr\u00e8s vite, le Kremlin a jou\u00e9 sur les mots, assurant qu&rsquo;une telle rencontre devait \u00eatre \u00ab\u00a0pr\u00e9par\u00e9e avec le plus grand soin\u00a0\u00bb.<\/p>\n<blockquote class=\"jsx-2786790838 Quote__Text\"><p>Nous avions une super relation<\/p><\/blockquote>\n<p>Donald Trump<\/p>\n<p data-module=\"article-paragraph\" class=\"jsx-3046738180 Paragraph\">Une semaine apr\u00e8s <a href=\"https:\/\/www.tf1info.fr\/international\/pas-de-plan-mais-des-gestes-amicaux-ce-qu-il-faut-retenir-de-la-rencontre-entre-trump-et-poutine-en-alaska-2389036.html\" target=\"_blank\" rel=\"noopener\">leur t\u00eate-\u00e0-t\u00eate en Alaska<\/a>, Donald Trump a commenc\u00e9 \u00e0 d\u00e9chanter. \u00ab\u00a0Nous allons voir si Poutine et Zelensky vont travailler ensemble. Vous savez, c&rsquo;est un peu comme l&rsquo;huile et le vinaigre. Ils ne s&rsquo;entendent pas tr\u00e8s bien, pour des raisons \u00e9videntes\u00a0\u00bb, a conc\u00e9d\u00e9 le 22 ao\u00fbt le pr\u00e9sident am\u00e9ricain \u00e0 des journalistes \u00e0 Washington. Quelques heures apr\u00e8s, Moscou bombardait une usine am\u00e9ricaine sur le sol ukrainien. De quoi faire bondir Donald Trump : \u00ab\u00a0Je ne suis pas content de cela et je ne suis pas content de tout ce qui concerne la guerre\u00a0\u00bb.<\/p>\n<p data-module=\"article-paragraph\" class=\"jsx-3046738180 Paragraph Paragraph__End\">Interrog\u00e9 quelques jours plus tard, le locataire de la Maison Blanche assurait continuer \u00e0 s&rsquo;entretenir avec Vladimir Poutine\u2026 en vain. \u00ab\u00a0Toutes les conversations que j&rsquo;ai avec lui sont de bonnes conversations, malheureusement le jour suivant une bombe est largu\u00e9e sur Kiev ou ailleurs et cela me met en col\u00e8re\u00a0\u00bb, l\u00e2chait-il le 25 ao\u00fbt. Avant d&rsquo;op\u00e9rer un changement de ton une semaine plus tard, d\u00e9but septembre : \u00ab\u00a0Nous avions une super relation (\u2026) mais je suis tr\u00e8s d\u00e9\u00e7u par le pr\u00e9sident Poutine. (&#8230;) Des milliers de personnes meurent, c&rsquo;est une guerre qui n&rsquo;a aucun sens.\u00a0\u00bb<\/p>\n<p><a href=\"https:\/\/www.tf1info.fr\/international\/en-direct-guerre-ukraine-russie-la-situation-aujourd-hui-entre-zelensky-et-poutine-coalition-les-informations-du-dimanche-7-septembre-2025-2393082.html\" rel=\"noopener\" class=\"jsx-3308031228 Link flex\" target=\"_blank\"><img decoding=\"async\" src=\"https:\/\/www.europesays.com\/fr\/wp-content\/uploads\/2025\/09\/donald-trump-aout-2025-2026-071dac-0@1x.jpeg\" alt=\"Kevin Dietsch \/ GETTY IMAGES NORTH AMERICA \/ Getty Images via AFP\" loading=\"lazy\" importance=\"low\" fetchpriority=\"low\" class=\"\" aria-hidden=\"true\"\/><\/p>\n<p class=\"jsx-3657663356 ReadMoreArticle__Title\">Lire aussi<\/p>\n<p class=\"jsx-3657663356\">Ukraine : Trump se dit pr\u00eat \u00e0 de nouvelles sanctions contre Moscou, Zelensky esp\u00e8re \u00ab\u00a0une r\u00e9ponse forte\u00a0\u00bb<\/p>\n<p><\/a><\/p>\n<p data-module=\"article-paragraph\" class=\"jsx-3046738180 Paragraph\">Apr\u00e8s <a href=\"https:\/\/www.tf1info.fr\/international\/guerre-ukraine-russie-missiles-et-drones-tires-coeur-du-pouvoir-frappe-a-kiev-ce-que-l-on-sait-de-l-attaque-aerienne-russe-record-2393102.html\" target=\"_blank\" rel=\"noopener\">une attaque a\u00e9rienne d&rsquo;une ampleur sans pr\u00e9c\u00e9dent contre l&rsquo;Ukraine<\/a> qui a touch\u00e9 pour la premi\u00e8re fois le si\u00e8ge du gouvernement, Donald Trump change de ton et troque la diplomatie contre les menaces. \u00ab\u00a08.000 soldats sont morts cette semaine, dans les deux pays. Un peu plus du c\u00f4t\u00e9 russe, mais quand on est l&rsquo;agresseur, on perd davantage\u00a0\u00bb, lance le pr\u00e9sident am\u00e9ricain, utilisant pour la premi\u00e8re fois le terme d'\u00a0\u00bbagresseur\u00a0\u00bb concernant Moscou. \u00ab\u00a0Je ne suis pas content. Je ne suis pas content de la situation dans son ensemble\u00a0\u00bb, assure-t-il \u00e0 la presse, se disant pr\u00eat \u00e0 prendre de nouvelles sanctions.\u00a0<\/p>\n<p data-module=\"article-paragraph\" class=\"jsx-3046738180 Paragraph Paragraph__End\">Interrog\u00e9 sur la forme que prendraient ces derni\u00e8res, le pr\u00e9sident am\u00e9ricain d\u00e9taille sa pens\u00e9e : \u00ab\u00a0Cela consistera \u00e0 les frapper durement avec des sanctions contre les banques et concernant aussi le p\u00e9trole et les droits de douane. Mais je l&rsquo;ai d\u00e9j\u00e0 fait, j&rsquo;ai fait beaucoup.\u00a0\u00bb Washington affirme alors \u00eatre pr\u00eat \u00e0 imposer des droits de douane suppl\u00e9mentaires sur les acheteurs de p\u00e9trole russe comme la Chine et l&rsquo;Inde, \u00e0 condition que l&rsquo;Union europ\u00e9enne fasse de m\u00eame, <a href=\"https:\/\/www.tf1info.fr\/international\/verif-donald-trump-assure-a-lci-que-les-europeens-achetent-du-petrole-russe-de-quoi-parle-t-il-importations-energies-ue-2395141.html\" target=\"_blank\" rel=\"noopener\">afin de gripper l&rsquo;\u00e9conomie de guerre russe<\/a>.<\/p>\n<p><a href=\"https:\/\/www.tf1info.fr\/international\/il-m-a-vraiment-laisse-tomber-l-aveu-d-echec-de-trump-avec-poutine-concernant-l-ukraine-2395460.html\" rel=\"noopener\" class=\"jsx-3308031228 Link flex\" target=\"_blank\"><img decoding=\"async\" src=\"https:\/\/www.europesays.com\/fr\/wp-content\/uploads\/2025\/09\/trump-et-starmer-084a08-0@1x.jpeg\" alt=\"AFP\" loading=\"lazy\" importance=\"low\" fetchpriority=\"low\" class=\"\" aria-hidden=\"true\"\/><\/p>\n<p class=\"jsx-3657663356 ReadMoreArticle__Title\">Lire aussi<\/p>\n<p class=\"jsx-3657663356\">\u00ab\u00a0Il m&rsquo;a vraiment laiss\u00e9 tomber\u00a0\u00bb : l&rsquo;aveu d&rsquo;\u00e9chec de Trump avec Poutine concernant l&rsquo;Ukraine<\/p>\n<p><\/a><\/p>\n<p data-module=\"article-paragraph\" class=\"jsx-3046738180 Paragraph Paragraph__End\">Malgr\u00e9 ces menaces, le dirigeant r\u00e9publicain a sembl\u00e9 ce jeudi admettre \u00eatre dans l&rsquo;impasse. Le conflit \u00ab\u00a0que je pensais \u00eatre le plus facile \u00e0 r\u00e9soudre \u00e9tait\u00a0\u00bb la guerre en Ukraine, \u00ab\u00a0en raison de mes relations avec le pr\u00e9sident Poutine, mais il m&rsquo;a laiss\u00e9 tomber\u00a0\u00bb, a-t-il reconnu depuis le Royaume-Uni. Impuissant, l&rsquo;h\u00f4te de la Maison Blanche a-t-il d\u00e9cid\u00e9 de d\u00e9l\u00e9guer le dossier ukrainien ? Le chef de la diplomatie russe, Sergue\u00ef Lavrov, et son homologue am\u00e9ricain, Marco Rubio, ont annonc\u00e9 qu&rsquo;ils allaient s&rsquo;entretenir la semaine prochaine, en marge de l&rsquo;Assembl\u00e9e g\u00e9n\u00e9rale de l&rsquo;ONU \u00e0 New York.<\/p>\n<p>Thomas GUIEN<\/p>\n","protected":false},"excerpt":{"rendered":"\u00ab\u00a0Poutine m&rsquo;a vraiment laiss\u00e9 tomber\u00a0\u00bb, a conc\u00e9d\u00e9 Donald Trump jeudi depuis le Royaume-Uni. Un aveu d&rsquo;impuissance du pr\u00e9sident&hellip;\n","protected":false},"author":2,"featured_media":402305,"comment_status":"","ping_status":"","sticky":false,"template":"","format":"standard","meta":{"footnotes":""},"categories":[1590],"tags":[1111,11,1921,75,1777,674,1922,2497,12,220,1917,50704,133,1920,135,134],"class_list":{"0":"post-402304","1":"post","2":"type-post","3":"status-publish","4":"format-standard","5":"has-post-thumbnail","7":"category-ukraine","8":"tag-actu","9":"tag-actualites","10":"tag-article-video","11":"tag-donald-trump","12":"tag-eu","13":"tag-europe","14":"tag-info","15":"tag-le-second-mandat-de-donald-trump","16":"tag-news","17":"tag-ukraine","18":"tag-ukraine-4-annee-de-guerre","19":"tag-ukraine-russie-des-negociations-dans-limpasse","20":"tag-video","21":"tag-video-international","22":"tag-vladimir-poutine","23":"tag-volodymyr-zelensky"},"share_on_mastodon":{"url":"https:\/\/pubeurope.com\/@fr\/115230879934343805","error":""},"_links":{"self":[{"href":"https:\/\/www.europesays.com\/fr\/wp-json\/wp\/v2\/posts\/402304","targetHints":{"allow":["GET"]}}],"collection":[{"href":"https:\/\/www.europesays.com\/fr\/wp-json\/wp\/v2\/posts"}],"about":[{"href":"https:\/\/www.europesays.com\/fr\/wp-json\/wp\/v2\/types\/post"}],"author":[{"embeddable":true,"href":"https:\/\/www.europesays.com\/fr\/wp-json\/wp\/v2\/users\/2"}],"replies":[{"embeddable":true,"href":"https:\/\/www.europesays.com\/fr\/wp-json\/wp\/v2\/comments?post=402304"}],"version-history":[{"count":0,"href":"https:\/\/www.europesays.com\/fr\/wp-json\/wp\/v2\/posts\/402304\/revisions"}],"wp:featuredmedia":[{"embeddable":true,"href":"https:\/\/www.europesays.com\/fr\/wp-json\/wp\/v2\/media\/402305"}],"wp:attachment":[{"href":"https:\/\/www.europesays.com\/fr\/wp-json\/wp\/v2\/media?parent=402304"}],"wp:term":[{"taxonomy":"category","embeddable":true,"href":"https:\/\/www.europesays.com\/fr\/wp-json\/wp\/v2\/categories?post=402304"},{"taxonomy":"post_tag","embeddable":true,"href":"https:\/\/www.europesays.com\/fr\/wp-json\/wp\/v2\/tags?post=402304"}],"curies":[{"name":"wp","href":"https:\/\/api.w.org\/{rel}","templated":true}]}}